{"id":34583,"count":1,"description":"","link":"https:\/\/www.europesays.com\/pt\/tag\/instituto-de-mendonca-lupus-care\/","name":"Instituto D\u00e9 Mendon\u00e7a L\u00fapus Care","slug":"instituto-de-mendonca-lupus-care","taxonomy":"post_tag","meta":[],"_links":{"self":[{"href":"https:\/\/www.europesays.com\/pt\/wp-json\/wp\/v2\/tags\/34583","targetHints":{"allow":["GET"]}}],"collection":[{"href":"https:\/\/www.europesays.com\/pt\/wp-json\/wp\/v2\/tags"}],"about":[{"href":"https:\/\/www.europesays.com\/pt\/wp-json\/wp\/v2\/taxonomies\/post_tag"}],"wp:post_type":[{"href":"https:\/\/www.europesays.com\/pt\/wp-json\/wp\/v2\/posts?tags=34583"}],"curies":[{"name":"wp","href":"https:\/\/api.w.org\/{rel}","templated":true}]}}