{"id":37504,"count":1,"description":"","link":"https:\/\/www.europesays.com\/pt\/tag\/gemeos-e-cancer-ate-14-de-dezembro-de-2025\/","name":"G\u00eameos e C\u00e2ncer at\u00e9 14 de dezembro de 2025","slug":"gemeos-e-cancer-ate-14-de-dezembro-de-2025","taxonomy":"post_tag","meta":[],"_links":{"self":[{"href":"https:\/\/www.europesays.com\/pt\/wp-json\/wp\/v2\/tags\/37504","targetHints":{"allow":["GET"]}}],"collection":[{"href":"https:\/\/www.europesays.com\/pt\/wp-json\/wp\/v2\/tags"}],"about":[{"href":"https:\/\/www.europesays.com\/pt\/wp-json\/wp\/v2\/taxonomies\/post_tag"}],"wp:post_type":[{"href":"https:\/\/www.europesays.com\/pt\/wp-json\/wp\/v2\/posts?tags=37504"}],"curies":[{"name":"wp","href":"https:\/\/api.w.org\/{rel}","templated":true}]}}