{"id":38643,"count":1,"description":"","link":"https:\/\/www.europesays.com\/pt\/tag\/samsung-galaxy-samsung-smartphones-samsung-galaxy-s25-natal-promocoes-telemovel-compras-natal\/","name":"Samsung Galaxy; Samsung; smartphones; samsung galaxy s25; Natal; promo\u00e7\u00f5es; telem\u00f3vel; compras natal","slug":"samsung-galaxy-samsung-smartphones-samsung-galaxy-s25-natal-promocoes-telemovel-compras-natal","taxonomy":"post_tag","meta":[],"_links":{"self":[{"href":"https:\/\/www.europesays.com\/pt\/wp-json\/wp\/v2\/tags\/38643","targetHints":{"allow":["GET"]}}],"collection":[{"href":"https:\/\/www.europesays.com\/pt\/wp-json\/wp\/v2\/tags"}],"about":[{"href":"https:\/\/www.europesays.com\/pt\/wp-json\/wp\/v2\/taxonomies\/post_tag"}],"wp:post_type":[{"href":"https:\/\/www.europesays.com\/pt\/wp-json\/wp\/v2\/posts?tags=38643"}],"curies":[{"name":"wp","href":"https:\/\/api.w.org\/{rel}","templated":true}]}}