{"id":40587,"count":1,"description":"","link":"https:\/\/www.europesays.com\/pt\/tag\/taina-e-os-guardioes-da-amazonia-em-busca-da-flecha-azul\/","name":"Tain\u00e1 e os Guardi\u00f5es da Amaz\u00f4nia Em Busca da Flecha Azul","slug":"taina-e-os-guardioes-da-amazonia-em-busca-da-flecha-azul","taxonomy":"post_tag","meta":[],"_links":{"self":[{"href":"https:\/\/www.europesays.com\/pt\/wp-json\/wp\/v2\/tags\/40587","targetHints":{"allow":["GET"]}}],"collection":[{"href":"https:\/\/www.europesays.com\/pt\/wp-json\/wp\/v2\/tags"}],"about":[{"href":"https:\/\/www.europesays.com\/pt\/wp-json\/wp\/v2\/taxonomies\/post_tag"}],"wp:post_type":[{"href":"https:\/\/www.europesays.com\/pt\/wp-json\/wp\/v2\/posts?tags=40587"}],"curies":[{"name":"wp","href":"https:\/\/api.w.org\/{rel}","templated":true}]}}