{"id":43264,"count":1,"description":"","link":"https:\/\/www.europesays.com\/pt\/tag\/forcas-armadas-revolucionarias-da-colombia\/","name":"For\u00e7as Armadas Revolucion\u00e1rias da Col\u00f4mbia","slug":"forcas-armadas-revolucionarias-da-colombia","taxonomy":"post_tag","meta":[],"_links":{"self":[{"href":"https:\/\/www.europesays.com\/pt\/wp-json\/wp\/v2\/tags\/43264","targetHints":{"allow":["GET"]}}],"collection":[{"href":"https:\/\/www.europesays.com\/pt\/wp-json\/wp\/v2\/tags"}],"about":[{"href":"https:\/\/www.europesays.com\/pt\/wp-json\/wp\/v2\/taxonomies\/post_tag"}],"wp:post_type":[{"href":"https:\/\/www.europesays.com\/pt\/wp-json\/wp\/v2\/posts?tags=43264"}],"curies":[{"name":"wp","href":"https:\/\/api.w.org\/{rel}","templated":true}]}}