{"id":43872,"count":1,"description":"","link":"https:\/\/www.europesays.com\/pt\/tag\/centro-europeu-de-prevencao-e-controlo-das-doencas\/","name":"Centro Europeu de Preven\u00e7\u00e3o e Controlo das Doen\u00e7as","slug":"centro-europeu-de-prevencao-e-controlo-das-doencas","taxonomy":"post_tag","meta":[],"_links":{"self":[{"href":"https:\/\/www.europesays.com\/pt\/wp-json\/wp\/v2\/tags\/43872","targetHints":{"allow":["GET"]}}],"collection":[{"href":"https:\/\/www.europesays.com\/pt\/wp-json\/wp\/v2\/tags"}],"about":[{"href":"https:\/\/www.europesays.com\/pt\/wp-json\/wp\/v2\/taxonomies\/post_tag"}],"wp:post_type":[{"href":"https:\/\/www.europesays.com\/pt\/wp-json\/wp\/v2\/posts?tags=43872"}],"curies":[{"name":"wp","href":"https:\/\/api.w.org\/{rel}","templated":true}]}}