{"id":581,"count":18,"description":"","link":"https:\/\/www.europesays.com\/pt\/tag\/ex-presidente-dos-eua-pelo-partido-republicano-concorreu-a-reeleicao-em-2020\/","name":"ex-presidente dos eua pelo partido republicano. concorreu \u00e0 reelei\u00e7\u00e3o em 2020","slug":"ex-presidente-dos-eua-pelo-partido-republicano-concorreu-a-reeleicao-em-2020","taxonomy":"post_tag","meta":[],"_links":{"self":[{"href":"https:\/\/www.europesays.com\/pt\/wp-json\/wp\/v2\/tags\/581","targetHints":{"allow":["GET"]}}],"collection":[{"href":"https:\/\/www.europesays.com\/pt\/wp-json\/wp\/v2\/tags"}],"about":[{"href":"https:\/\/www.europesays.com\/pt\/wp-json\/wp\/v2\/taxonomies\/post_tag"}],"wp:post_type":[{"href":"https:\/\/www.europesays.com\/pt\/wp-json\/wp\/v2\/posts?tags=581"}],"curies":[{"name":"wp","href":"https:\/\/api.w.org\/{rel}","templated":true}]}}