{"id":5959,"count":1,"description":"","link":"https:\/\/www.europesays.com\/pt\/tag\/infeccao-no-pulmao\/","name":"Infec\u00e7\u00e3o no pulm\u00e3o","slug":"infeccao-no-pulmao","taxonomy":"post_tag","meta":[],"_links":{"self":[{"href":"https:\/\/www.europesays.com\/pt\/wp-json\/wp\/v2\/tags\/5959","targetHints":{"allow":["GET"]}}],"collection":[{"href":"https:\/\/www.europesays.com\/pt\/wp-json\/wp\/v2\/tags"}],"about":[{"href":"https:\/\/www.europesays.com\/pt\/wp-json\/wp\/v2\/taxonomies\/post_tag"}],"wp:post_type":[{"href":"https:\/\/www.europesays.com\/pt\/wp-json\/wp\/v2\/posts?tags=5959"}],"curies":[{"name":"wp","href":"https:\/\/api.w.org\/{rel}","templated":true}]}}