{"id":6099,"count":1,"description":"","link":"https:\/\/www.europesays.com\/pt\/tag\/e-lar-eficiencia-energetica-e-conforto-termico\/","name":"E-Lar - Efici\u00eancia Energ\u00e9tica e Conforto T\u00e9rmico","slug":"e-lar-eficiencia-energetica-e-conforto-termico","taxonomy":"post_tag","meta":[],"_links":{"self":[{"href":"https:\/\/www.europesays.com\/pt\/wp-json\/wp\/v2\/tags\/6099","targetHints":{"allow":["GET"]}}],"collection":[{"href":"https:\/\/www.europesays.com\/pt\/wp-json\/wp\/v2\/tags"}],"about":[{"href":"https:\/\/www.europesays.com\/pt\/wp-json\/wp\/v2\/taxonomies\/post_tag"}],"wp:post_type":[{"href":"https:\/\/www.europesays.com\/pt\/wp-json\/wp\/v2\/posts?tags=6099"}],"curies":[{"name":"wp","href":"https:\/\/api.w.org\/{rel}","templated":true}]}}