{"id":7196,"count":1,"description":"","link":"https:\/\/www.europesays.com\/pt\/tag\/associacao-business-roundtable-portugal-associacao-brp\/","name":"Associa\u00e7\u00e3o Business Roundtable Portugal (Associa\u00e7\u00e3o BRP)","slug":"associacao-business-roundtable-portugal-associacao-brp","taxonomy":"post_tag","meta":[],"_links":{"self":[{"href":"https:\/\/www.europesays.com\/pt\/wp-json\/wp\/v2\/tags\/7196","targetHints":{"allow":["GET"]}}],"collection":[{"href":"https:\/\/www.europesays.com\/pt\/wp-json\/wp\/v2\/tags"}],"about":[{"href":"https:\/\/www.europesays.com\/pt\/wp-json\/wp\/v2\/taxonomies\/post_tag"}],"wp:post_type":[{"href":"https:\/\/www.europesays.com\/pt\/wp-json\/wp\/v2\/posts?tags=7196"}],"curies":[{"name":"wp","href":"https:\/\/api.w.org\/{rel}","templated":true}]}}