{"id":890,"count":2,"description":"","link":"https:\/\/www.europesays.com\/pt\/tag\/a-guerra-na-ucrania-e-um-conflito-entre-a-russia-e-a-ucrania-que-comecou-em-fevereiro-de-2022\/","name":"a guerra na ucr\u00e2nia \u00e9 um conflito entre a r\u00fassia e a ucr\u00e2nia que come\u00e7ou em fevereiro de 2022.","slug":"a-guerra-na-ucrania-e-um-conflito-entre-a-russia-e-a-ucrania-que-comecou-em-fevereiro-de-2022","taxonomy":"post_tag","meta":[],"_links":{"self":[{"href":"https:\/\/www.europesays.com\/pt\/wp-json\/wp\/v2\/tags\/890","targetHints":{"allow":["GET"]}}],"collection":[{"href":"https:\/\/www.europesays.com\/pt\/wp-json\/wp\/v2\/tags"}],"about":[{"href":"https:\/\/www.europesays.com\/pt\/wp-json\/wp\/v2\/taxonomies\/post_tag"}],"wp:post_type":[{"href":"https:\/\/www.europesays.com\/pt\/wp-json\/wp\/v2\/posts?tags=890"}],"curies":[{"name":"wp","href":"https:\/\/api.w.org\/{rel}","templated":true}]}}