{"id":9502,"count":1,"description":"","link":"https:\/\/www.europesays.com\/pt\/tag\/agencia-alesc-segunda-edicao-do-livro-ufsc-em-nome-da-verdade-e-lancado-na-alesc-13-08-25\/","name":"Ag\u00eancia ALESC | Segunda edi\u00e7\u00e3o do livro UFSC: em nome da verdade \u00e9 lan\u00e7ado na Alesc - 13\/08\/25","slug":"agencia-alesc-segunda-edicao-do-livro-ufsc-em-nome-da-verdade-e-lancado-na-alesc-13-08-25","taxonomy":"post_tag","meta":[],"_links":{"self":[{"href":"https:\/\/www.europesays.com\/pt\/wp-json\/wp\/v2\/tags\/9502","targetHints":{"allow":["GET"]}}],"collection":[{"href":"https:\/\/www.europesays.com\/pt\/wp-json\/wp\/v2\/tags"}],"about":[{"href":"https:\/\/www.europesays.com\/pt\/wp-json\/wp\/v2\/taxonomies\/post_tag"}],"wp:post_type":[{"href":"https:\/\/www.europesays.com\/pt\/wp-json\/wp\/v2\/posts?tags=9502"}],"curies":[{"name":"wp","href":"https:\/\/api.w.org\/{rel}","templated":true}]}}