{"id":105901,"date":"2026-02-03T21:57:07","date_gmt":"2026-02-03T21:57:07","guid":{"rendered":"https:\/\/www.europesays.com\/ro\/105901\/"},"modified":"2026-02-03T21:57:07","modified_gmt":"2026-02-03T21:57:07","slug":"radu-dragusin-ofertat-de-bayern-munchen-italienii-scriu-despre-refuzul-care-i-a-schimbat-cariera-romanului","status":"publish","type":"post","link":"https:\/\/www.europesays.com\/ro\/105901\/","title":{"rendered":"Radu Dr\u0103gu\u0219in, ofertat de Bayern Munchen. Italienii scriu despre refuzul care i-a schimbat cariera rom\u00e2nului"},"content":{"rendered":"<p id=\"p-0\">Radu Dr\u0103gu\u0219in a \u00eemplinit, mar\u021bi, 3 februarie 2026, v\u00e2rsta de 24 de ani, iar jurnali\u0219tii italieni de la TuttoMercatoWeb au rememorat momentul \u00een care talentatul stoper din na\u021bionala Rom\u00e2niei a fost ofertat de Bayern Munchen.<\/p>\n<p id=\"p-1\">Totul s-a \u00eent\u00e2mplat \u00een ianuarie 2024, atunci c\u00e2nd Dr\u0103gu\u0219in i-a refuzat pe bavarezi \u0219i a ales s\u0103 plece de la Genoa la Tottenham, \u00een Premier League.<\/p>\n<p>Refuzul lui Radu Dr\u0103gu\u0219in pentru Bayern Munchen \u00eenc\u0103 surprinde. Ce au scris italienii de ziua rom\u00e2nului<\/p>\n<p id=\"p-2\">Luni, 1 februarie 2026, <a style=\"color: #0000ff;\" href=\"https:\/\/www.prosport.ro\/fotbal-extern\/fara-mila-nota-lui-radu-dragusin-dupa-tottenham-manchester-city-a-fost-cel-mai-slab-de-pe-teren-20374657\" target=\"_blank\" rel=\"noopener nofollow\">Radu Dr\u0103gu\u0219in a fost titular \u0219i integralist \u00een disputa Tottenham \u2013 Manchester City 2-2<\/a>, din etapa 24 a Premier League.<\/p>\n<p id=\"p-3\">A fost pentru prima oar\u0103 c\u00e2nd rom\u00e2nul a bifat echipa de start, dup\u0103 o pauz\u0103 de fix un an de zile. Concret, pe 30 ianuarie 2025 fusese Dr\u0103gu\u0219in ultima oar\u0103 titular, atunci c\u00e2nd s-a accidentat grav \u00eentr-o disput\u0103 cu Elfsborg din Europa League \u0219i a avut nevoie de o opera\u021bie la genunchi.<\/p>\n<p>                <a href=\"https:\/\/www.prosport.ro\/poze\/radu-dragusin-ofertat-de-bayern-munchen-italienii-scriu-despre-refuzul-care-i-a-schimbat-cariera-romanului-20375704\" rel=\"nofollow noopener\" target=\"_blank\">&#13;<br \/>\n                                            <img decoding=\"async\" loading=\"lazy\" fetchpriority=\"low\" src=\"https:\/\/www.europesays.com\/ro\/wp-content\/uploads\/2026\/02\/https:\/\/www.prosport.ro\/\/wp-content\/uploads\/2026\/02\/Fara-mila-Nota-lui-Radu-Dragusin-dupa-Tottenham-.jpeg\" width=\"458\" height=\"305\"\/>&#13;<br \/>\n                                    <\/a><\/p>\n<p>                <a href=\"https:\/\/www.prosport.ro\/poze\/radu-dragusin-ofertat-de-bayern-munchen-italienii-scriu-despre-refuzul-care-i-a-schimbat-cariera-romanului-20375704\" rel=\"nofollow noopener\" target=\"_blank\">&#13;<br \/>\n                                            <img decoding=\"async\" loading=\"lazy\" fetchpriority=\"low\" src=\"https:\/\/www.europesays.com\/ro\/wp-content\/uploads\/2026\/02\/https:\/\/www.prosport.ro\/\/wp-content\/uploads\/2026\/02\/Real-Madrid-salvarea-lui-Radu-Dragusin-Galactici.jpeg\" width=\"227\" height=\"151\"\/>&#13;<br \/>\n                                    <\/a><\/p>\n<p id=\"p-4\">Revenirea rom\u00e2nului pe gazon, \u00een primul 11, s-a consumat \u0219i \u00een pragul altui eveniment important. Mar\u021bi, pe 3 februarie, Dr\u0103gu\u0219in a \u00eemplinit 24 de ani.<\/p>\n<p id=\"p-5\">\u0218i pornind de la toate aceste evenimente care s-au \u00eent\u00e2mplat recent \u00een via\u021ba lui Radu Dr\u0103gu\u0219in, italienii de la TuttoMercatoWeb au rememorat momentul \u00een care rom\u00e2nul a p\u0103r\u0103sit fotbalul din Peninsul\u0103. Iar acest episod coincide cu <a style=\"color: #0000ff;\" href=\"https:\/\/www.prosport.ro\/fotbal-extern\/campionate-externe\/germania\/radu-dragusin-a-refuzat-categoric-transferul-la-bayern-munchen-si-bine-a-facut-cat-de-dura-era-concurenta-pentru-roman-olandezul-matthijs-de-ligt-nu-are-de-gand-sa-plece-desi-are-viata-grea-cu-upam-19856483\" target=\"_blank\" rel=\"noopener nofollow\">refuzul surprinz\u0103tor pe care interna\u021bionalul l-a \u00eendreptat c\u0103tre gigantul Bayern Munchen<\/a>:<\/p>\n<p id=\"p-6\">\u201eAcum doi ani, \u00een ianuarie 2024, Radu Dr\u0103gu\u0219in alegea Tottenham, chiar dac\u0103 Bayern Munchen oferea o sum\u0103 mai mare pentru funda\u0219ul central rom\u00e2n. Idea lui a fost \u00eens\u0103 de a juca \u00een Premier League la o echip\u0103 din partea superioar\u0103 a clasamentului, care s\u0103 \u00eel propulseze ulterior la o echip\u0103 de top din Europa. Transferul acesta nu a dat \u00eens\u0103 roade \u00een \u00eentregime. \u00cen ultima fereastr\u0103 de mercato, mai multe cluburi din Italia l-au vrut, \u00een special Roma \u0219i Milan, \u00eens\u0103 nu au putut ajunge la un acord cu Tottenham. Londonezii \u00ee\u0219i doreau un transfer definitiv, nu un \u00eemprumut\u201d, au scris italienii de la <a style=\"color: #000000;\" href=\"https:\/\/www.tuttomercatoweb.com\/\" target=\"_blank\" rel=\"noopener nofollow\">TuttoMercatoWeb<\/a>.<\/p>\n<p>Radu Dr\u0103gu\u0219in r\u0103m\u00e2ne la Tottenham cel pu\u021bin p\u00e2n\u0103 \u00een var\u0103<\/p>\n<p id=\"p-7\">\u00cen aceast\u0103 iarn\u0103 s-a scris frecvent despre un poten\u021bial transfer al lui Radu Dr\u0103gu\u0219in de la Tottenham, \u00eens\u0103 fereastra de mercato s-a \u00eenchis luni sear\u0103, 2 ianuarie. \u00cen acest context, rom\u00e2nul va r\u0103m\u00e2ne \u00een nordul Londrei cel pu\u021bin p\u00e2n\u0103 la var\u0103, iar date fiind accident\u0103rile din defensiva lui Tottenham, Dr\u0103gu\u0219in e a\u0219teptat s\u0103 \u00ee\u0219i mai fac\u0103 apari\u021bia pe teren \u00een perioada urm\u0103toare.<\/p>\n<p id=\"p-8\">\u00cen total, el a adunat 40 de meciuri jucate pentru Tottenham \u00een toate competi\u021biile, f\u0103r\u0103 s\u0103 \u00eenscrie sau s\u0103 paseze decisiv.<\/p>\n<p id=\"p-9\">\u00cen ianuarie 2024, londonezii au pl\u0103tit 25 de milioane de euro pentru a-l transfera de la Genoa, iar \u00een prezent, cota funda\u0219ului e de 22 de milioane de euro, conform Transfermarkt.<\/p>\n","protected":false},"excerpt":{"rendered":"Radu Dr\u0103gu\u0219in a \u00eemplinit, mar\u021bi, 3 februarie 2026, v\u00e2rsta de 24 de ani, iar jurnali\u0219tii italieni de la&hellip;\n","protected":false},"author":2,"featured_media":105902,"comment_status":"","ping_status":"","sticky":false,"template":"","format":"standard","meta":{"footnotes":"","_share_on_mastodon":"0"},"categories":[20],"tags":[1022,33795,2252,41,40,38,39,185,184,26179,33796],"class_list":["post-105901","post","type-post","status-publish","format-standard","has-post-thumbnail","category-sport","tag-radu-dragusin","tag-radu-dragusin-bayern","tag-radu-dragusin-tottenham","tag-ro","tag-romana","tag-romania","tag-romanian","tag-sport","tag-sports","tag-transfer-radu-dragusin","tag-tuttomercatoweb"],"share_on_mastodon":{"url":"https:\/\/pubeurope.com\/@ro\/116008939867926175","error":""},"_links":{"self":[{"href":"https:\/\/www.europesays.com\/ro\/wp-json\/wp\/v2\/posts\/105901","targetHints":{"allow":["GET"]}}],"collection":[{"href":"https:\/\/www.europesays.com\/ro\/wp-json\/wp\/v2\/posts"}],"about":[{"href":"https:\/\/www.europesays.com\/ro\/wp-json\/wp\/v2\/types\/post"}],"author":[{"embeddable":true,"href":"https:\/\/www.europesays.com\/ro\/wp-json\/wp\/v2\/users\/2"}],"replies":[{"embeddable":true,"href":"https:\/\/www.europesays.com\/ro\/wp-json\/wp\/v2\/comments?post=105901"}],"version-history":[{"count":0,"href":"https:\/\/www.europesays.com\/ro\/wp-json\/wp\/v2\/posts\/105901\/revisions"}],"wp:featuredmedia":[{"embeddable":true,"href":"https:\/\/www.europesays.com\/ro\/wp-json\/wp\/v2\/media\/105902"}],"wp:attachment":[{"href":"https:\/\/www.europesays.com\/ro\/wp-json\/wp\/v2\/media?parent=105901"}],"wp:term":[{"taxonomy":"category","embeddable":true,"href":"https:\/\/www.europesays.com\/ro\/wp-json\/wp\/v2\/categories?post=105901"},{"taxonomy":"post_tag","embeddable":true,"href":"https:\/\/www.europesays.com\/ro\/wp-json\/wp\/v2\/tags?post=105901"}],"curies":[{"name":"wp","href":"https:\/\/api.w.org\/{rel}","templated":true}]}}