{"id":106680,"date":"2026-02-04T16:31:04","date_gmt":"2026-02-04T16:31:04","guid":{"rendered":"https:\/\/www.europesays.com\/ro\/106680\/"},"modified":"2026-02-04T16:31:04","modified_gmt":"2026-02-04T16:31:04","slug":"de-ce-nu-joaca-ofri-arad-mijlocasul-israelian-nu-va-evolua-nici-in-urmatoarele-doua-saptamani-pentru-fcsb-care-e-motivul","status":"publish","type":"post","link":"https:\/\/www.europesays.com\/ro\/106680\/","title":{"rendered":"De ce nu joac\u0103 Ofri Arad. Mijloca\u0219ul israelian nu va evolua nici \u00een urm\u0103toarele dou\u0103 s\u0103pt\u0103m\u00e2ni pentru FCSB. Care e motivul"},"content":{"rendered":"<ul class=\"bullets\">&#13;<\/p>\n<li>FCSB l-a legitimat pe Ofri Arad (27 de ani) \u00een ianuarie, dup\u0103 ce acesta a terminat contractul cu Kairat, din Kazahstan.<\/li>\n<p>&#13;<br \/>\n&#13;<\/p>\n<li>Mijloca\u0219ul de 27 de ani a jucat ultima dat\u0103 \u00eentr-un meci oficial acum 3 luni, \u00een Champions League, \u00eempotriva lui Inter, partid\u0103 \u00een care a \u0219i marcat.<\/li>\n<p>&#13;\n<\/ul>\n<p class=\"\">De\u0219i l-a prezentat oficial \u00eenc\u0103 de acum 15 zile, FCSB nu l-a folosit deloc pe Ofri Arad. <\/p>\n<p class=\"\">\u00cen Europa n-a avut drept de joc, iar la meciurile de campionat deja jucate, cu FC Arge\u0219, CFR Cluj \u0219i Csikszereda, n-a fost nici m\u0103car pe foaie.<\/p>\n<p>De ce nu joac\u0103 Ofri Arad<\/p>\n<p class=\"\">\u00cen plus, aceast\u0103 situa\u021bie se va prelungi \u00eenc\u0103 dou\u0103 s\u0103pt\u0103m\u00e2ni. Mai devreme de a doua jum\u0103tate a lunii februarie, mijloca\u0219ul israelian nu va ap\u0103rea pe teren. Iar \u00een acest interval va rata urm\u0103toarele meciuri:<\/p>\n<ul class=\"\">&#13;<\/p>\n<li>5 februarie: FCSB &#8211; FC Boto\u0219ani<\/li>\n<p>&#13;<br \/>\n&#13;<\/p>\n<li>8 februarie: O\u021belul &#8211; FCSB<\/li>\n<p>&#13;<br \/>\n&#13;<\/p>\n<li>12 februarie: Craiova &#8211; FCSB (Cupa Rom\u00e2niei)<\/li>\n<p>&#13;<br \/>\n&#13;<\/p>\n<li>15 februarie: Craiova &#8211; FCSB\u00a0<\/li>\n<p>&#13;\n<\/ul>\n<p class=\"\">Debutul s\u0103u e estimat fie pentru duelul cu Metaloglobus, programat pe 21 sau 22 februarie, fie \u00een penultima etap\u0103 a sezonului regulat, cu UTA, pe 1 martie.<\/p>\n<p>Explica\u021bia absen\u021bei lui Ofri Arad<\/p>\n<p class=\"\">Care e motivul pentru care Ofri Arad nu e \u00eenc\u0103 apt s\u0103 joace? <\/p>\n<p class=\"\">Nu e la acela\u0219i nivel de preg\u0103tire cu cei din lot, mai ales la nivel de intensitate \u00een tot ceea ce presupune efortul unui meci: sprinturi, dueluri etc. <\/p>\n<p class=\"\">El a intrat \u00eentr-un program agresiv de preg\u0103tire, sub comanda lui Thomas Neubert \u0219i antrenorii au primit asigur\u0103ri c\u0103 \u00een jur de 20 februarie, el va fi gata 100% s\u0103 joace. <\/p>\n<p class=\"\">Ultimul s\u0103u meci oficial pe care l-a bifat e de acum 3 luni. Pe 5 noiembrie a fost titular \u00eentr-un meci de gal\u0103, \u00een Champions League: Inter &#8211; Kairat 3-2. A stat pe teren 71 de minute \u0219i a \u0219i marcat un gol.<\/p>\n<p class=\"\">Dup\u0103 acel meci s-a confruntat \u0219i cu o accidentare, dar una minor\u0103.<\/p>\n<p class=\"\">\u00cen aten\u021bia campioanei din Liga 1 a intrat la \u00eenceputul anului, c\u00e2nd a fost propus de noul director sportiv de la FCSB, Florin Cernat. El a semnat din postura de fotbalist liber de contract \u0219i are un salariu de 240.000 de euro net pe an. <\/p>\n<p class=\"\">\u00cen v\u00e2rst\u0103 de 27 de ani, Ofri Arad e v\u0103zut ca \u00eenlocuitorul perfect pentru Adrian \u0218ut, pe care FCSB l-a v\u00e2ndut \u00een aceast\u0103 iarn\u0103 \u00een Emiratele Arabe Unite. <\/p>\n<p class=\"\">Israelianul are o cot\u0103 de pia\u021b\u0103 bun\u0103, e evaluat de transfermarkt la 1,2 milioane de euro \u0219i intr\u0103 direct \u00een top 10, \u00een r\u00e2ndul fotbali\u0219tilor de la FCSB. <\/p>\n<p>Cum ar putea ar\u0103ta FCSB cu Ofri Arad \u0219i Joao Paulo<\/p>\n<ul class=\"\">&#13;<\/p>\n<li>M. Popa &#8211; V. Cre\u021bu, Ngezana, Duarte, Radunovic &#8211; Ofri Arad, Joao Paulo &#8211; Cisotti, Fl. T\u0103nase, Olaru &#8211; B\u00eerligea<\/li>\n<p>&#13;\n<\/ul>\n<p class=\"\">Echipa rezervelor<\/p>\n<ul class=\"\">&#13;<\/p>\n<li>T\u00e2rnovanu &#8211; Pantea, Dawa, Graovac, Kiki &#8211; Lixandru, Alhassan (Chiriche\u0219) &#8211; Miculescu, Oct. Popescu, Toma (Stoian) &#8211; Thiam\u00a0<\/li>\n<p>&#13;\n<\/ul>\n<p>Cite\u0219te \u0219i<\/p>\n<p>VIDEO: cele mai noi imagini din sport<\/p>\n","protected":false},"excerpt":{"rendered":"&#13; FCSB l-a legitimat pe Ofri Arad (27 de ani) \u00een ianuarie, dup\u0103 ce acesta a terminat contractul&hellip;\n","protected":false},"author":2,"featured_media":106681,"comment_status":"","ping_status":"","sticky":false,"template":"","format":"standard","meta":{"footnotes":"","_share_on_mastodon":"0"},"categories":[20],"tags":[269,11521,30179,41,40,38,39,185,184,55],"class_list":["post-106680","post","type-post","status-publish","format-standard","has-post-thumbnail","category-sport","tag-fcsb","tag-kairat","tag-ofri-arad","tag-ro","tag-romana","tag-romania","tag-romanian","tag-sport","tag-sports","tag-superliga"],"share_on_mastodon":{"url":"https:\/\/pubeurope.com\/@ro\/116013320275255063","error":""},"_links":{"self":[{"href":"https:\/\/www.europesays.com\/ro\/wp-json\/wp\/v2\/posts\/106680","targetHints":{"allow":["GET"]}}],"collection":[{"href":"https:\/\/www.europesays.com\/ro\/wp-json\/wp\/v2\/posts"}],"about":[{"href":"https:\/\/www.europesays.com\/ro\/wp-json\/wp\/v2\/types\/post"}],"author":[{"embeddable":true,"href":"https:\/\/www.europesays.com\/ro\/wp-json\/wp\/v2\/users\/2"}],"replies":[{"embeddable":true,"href":"https:\/\/www.europesays.com\/ro\/wp-json\/wp\/v2\/comments?post=106680"}],"version-history":[{"count":0,"href":"https:\/\/www.europesays.com\/ro\/wp-json\/wp\/v2\/posts\/106680\/revisions"}],"wp:featuredmedia":[{"embeddable":true,"href":"https:\/\/www.europesays.com\/ro\/wp-json\/wp\/v2\/media\/106681"}],"wp:attachment":[{"href":"https:\/\/www.europesays.com\/ro\/wp-json\/wp\/v2\/media?parent=106680"}],"wp:term":[{"taxonomy":"category","embeddable":true,"href":"https:\/\/www.europesays.com\/ro\/wp-json\/wp\/v2\/categories?post=106680"},{"taxonomy":"post_tag","embeddable":true,"href":"https:\/\/www.europesays.com\/ro\/wp-json\/wp\/v2\/tags?post=106680"}],"curies":[{"name":"wp","href":"https:\/\/api.w.org\/{rel}","templated":true}]}}