{"id":107505,"date":"2026-02-05T18:30:03","date_gmt":"2026-02-05T18:30:03","guid":{"rendered":"https:\/\/www.europesays.com\/ro\/107505\/"},"modified":"2026-02-05T18:30:03","modified_gmt":"2026-02-05T18:30:03","slug":"avocata-adriana-georgescu-membra-pnl-prinsa-in-flagrant-in-timp-ce-lua-mita-eliberata-din-arest-preventiv","status":"publish","type":"post","link":"https:\/\/www.europesays.com\/ro\/107505\/","title":{"rendered":"Avocata Adriana Georgescu, membr\u0103 PNL prins\u0103 \u00een flagrant \u00een timp ce lua mit\u0103, eliberat\u0103 din arest preventiv"},"content":{"rendered":"<p>                    <img width=\"800\" height=\"532\" src=\"https:\/\/www.europesays.com\/ro\/wp-content\/uploads\/2026\/02\/adriana-georgescu.jpeg\" class=\"article-single-featured-image\" alt=\"Avocata Adriana Georgescu, membr\u0103 PNL prins\u0103 \u00een flagrant \u00een timp ce lua mit\u0103, eliberat\u0103 din arest preventiv\" decoding=\"async\" fetchpriority=\"high\"  \/><\/p>\n<p>Adriana Georgescu. Surs\u0103 foto: Agerpres<\/p>\n<p>\u00cenalta Curte de Casa\u021bie \u0219i Justi\u021bie (ICCJ) a decis joi eliberarea din arestul preventiv a avocatei Adriana Georgescu \u0219i plasarea ei \u00een arest la domiciliu, \u00een dosarul \u00een care a fost prins\u0103 \u00een flagrant c\u00e2nd <a href=\"https:\/\/hotnews.ro\/avocata-membra-pnl-sector-1-prinsa-in-flagrant-de-dna-in-timp-ce-primea-60-000-de-euro-mita-un-fals-general-sie-retinut-in-acelasi-dosar-2160527\" rel=\"nofollow noopener\" target=\"_blank\">lua mit\u0103 60.000 de euro<\/a>. Decizia de joi a Instan\u021bei Supreme este definitiv\u0103.\u00a0<\/p>\n<p>Tot joi, ICCJ a decis plasarea \u00een arest la domiciliu \u0219i a b\u0103rbatului acuzat \u00een acela\u0219i dosar cu fosta membr\u0103 PNL \u2013 Gheorghe Iscru, care pretindea c\u0103 este general SIE. <\/p>\n<p>Ini\u021bial, \u00een 29 ianuarie Curtea de Apel Bucure\u0219ti decisese arestarea preventiv\u0103 a celor doi pentru 30 de zile.\u00a0<\/p>\n<p>\u201eDispune luarea fa\u0163\u0103 de inculpa\u0163ii Georgescu Adriana-Mihaela \u015fi Iscru Gheorghe m\u0103sura arestului la domiciliu, pentru o perioad\u0103 de 22 de zile, \u00eencep\u00e2nd cu data de 05.02.2026 p\u00e2n\u0103 \u00een data de 27.02.2026, inclusiv\u201d, conform deciziei ICCJ.\u00a0<\/p>\n<p>C\u00e2t timp este \u00een arest la domiciliu Adriana Georgescu trebuie s\u0103 se prezinte la poli\u021bie atunci c\u00e2nd este chemat\u0103 \u0219i s\u0103 nu comunice cu cel\u0103lalt inculpat din dosar, Gheorghe Iscru.\u00a0<\/p>\n<p>PNL a anun\u021bat dup\u0103 \u00eenceperea anchetei DNA c\u0103 Adriana Georgescu a fost suspendat\u0103 din calitatea de membr\u0103 a partidului.\u00a0\u00cen 2020, Georgescu a candidat din partea PNL pentru func\u021bia de consilier local \u00een Sectorul 1 din Bucure\u0219ti.\u00a0<\/p>\n<p>                        <a href=\"https:\/\/hotnews.ro\/document-avocata-adriana-georgescu-prinsa-cand-lua-mita-promitand-interventii-la-lideri-liberali-a-ocupat-o-functie-in-pnl-sector-1-in-2019-ce-spune-sebastian-burduja-care-a-semnat-atunci-numirea-2162694?utm_source=hotnews.ro&amp;utm_medium=article_single&amp;utm_campaign=block_recommended_thumbnail\" rel=\"nofollow noopener\" target=\"_blank\"><br \/>\n                            <img loading=\"lazy\" decoding=\"async\" width=\"800\" height=\"532\" src=\"https:\/\/www.europesays.com\/ro\/wp-content\/uploads\/2026\/01\/1769699471_36_adriana-georgescu.jpeg\" class=\"attachment-small size-small wp-post-image\" alt=\"\"  \/>                            DOCUMENT Avocata Adriana Georgescu, prins\u0103 c\u00e2nd lua mit\u0103 promi\u021b\u00e2nd interven\u021bii la lideri liberali, a ocupat o func\u021bie \u00een PNL Sector 1 \u00een 2019 \/ Ce spune Sebastian Burduja, care a semnat atunci numirea ei<br \/>\n                        <\/a><\/p>\n<p>Prins\u0103 c\u00e2nd primea o mit\u0103 de 60.000 de de euro<\/p>\n<p>Stenograme din dosarul \u00een care avocata Adriana Georgescu a fost arestat\u0103 arat\u0103 modul \u00een care avocata, prins\u0103 \u00een flagrant c\u00e2nd primea o mit\u0103 de 60.000 de de euro de la un afacerist, se l\u0103uda c\u0103 are leg\u0103turi la nivel \u00eenalt \u00een conducerea \u021b\u0103rii.\u00a0<\/p>\n<p>Georgescu sus\u021binea c\u0103 are acces direct la Nicu\u0219or Dan \u0219i Ilie Bolojan, invoc\u00e2nd inclusiv deplas\u0103ri la Cotroceni, conform Mediafax.<\/p>\n<p>Purt\u0103toarea de cuv\u00e2nt a Guvernului, Ioana Ene Dogioiu, a declarat, la finalul \u0219edin\u021bei de Guvern, c\u0103 premierul Ilie Bolojan nu o cunoa\u0219te pe avocata Adriana Georgescu, fost\u0103 membr\u0103 PNL, care se l\u0103uda c\u0103 are leg\u0103turi la nivel \u00eenalt \u00een conducerea \u021b\u0103rii.<\/p>\n<p>\u201ePremierul Ilie Bolojan nu o cunoa\u0219te pe doamna avocat\u0103 Adriana Georgescu, nu a avut nicio \u00eent\u00e2lnire cu domnia sa, nu a primit-o \u00een audien\u021b\u0103. La evenimentele publice, fie de partid, fie \u00een calitate de premier, domnul prim-ministru face adesea fotografii cu persoane care \u00eei solicit\u0103 acest lucru, sunt mii de astfel de fotografii realizate \u00een diferite situa\u021bii cu cei care doresc s\u0103 se fotografieze cu premierul, ceea ce nu \u00eenseamn\u0103 sub nicio form\u0103 o rela\u021bie direct\u0103, personal\u0103 cu acele persoane\u201d, a transmis Ioana Ene Dogioiu.<\/p>\n","protected":false},"excerpt":{"rendered":"Adriana Georgescu. Surs\u0103 foto: Agerpres \u00cenalta Curte de Casa\u021bie \u0219i Justi\u021bie (ICCJ) a decis joi eliberarea din arestul&hellip;\n","protected":false},"author":2,"featured_media":101822,"comment_status":"","ping_status":"","sticky":false,"template":"","format":"standard","meta":{"footnotes":""},"categories":[10],"tags":[32,33,31,36,37,27,34,35,25,41,40,38,39,26,28,29,30],"class_list":{"0":"post-107505","1":"post","2":"type-post","3":"status-publish","4":"format-standard","5":"has-post-thumbnail","7":"category-romania","8":"tag-breaking-news","9":"tag-breakingnews","10":"tag-cele-mai-populare-subiecte","11":"tag-featured-news","12":"tag-featurednews","13":"tag-headlines","14":"tag-latest-news","15":"tag-latestnews","16":"tag-news","17":"tag-ro","18":"tag-romana","19":"tag-romania","20":"tag-romanian","21":"tag-stiri","22":"tag-titluri","23":"tag-top-stories","24":"tag-topstories"},"share_on_mastodon":{"url":"https:\/\/pubeurope.com\/@ro\/116019450541444430","error":""},"_links":{"self":[{"href":"https:\/\/www.europesays.com\/ro\/wp-json\/wp\/v2\/posts\/107505","targetHints":{"allow":["GET"]}}],"collection":[{"href":"https:\/\/www.europesays.com\/ro\/wp-json\/wp\/v2\/posts"}],"about":[{"href":"https:\/\/www.europesays.com\/ro\/wp-json\/wp\/v2\/types\/post"}],"author":[{"embeddable":true,"href":"https:\/\/www.europesays.com\/ro\/wp-json\/wp\/v2\/users\/2"}],"replies":[{"embeddable":true,"href":"https:\/\/www.europesays.com\/ro\/wp-json\/wp\/v2\/comments?post=107505"}],"version-history":[{"count":0,"href":"https:\/\/www.europesays.com\/ro\/wp-json\/wp\/v2\/posts\/107505\/revisions"}],"wp:featuredmedia":[{"embeddable":true,"href":"https:\/\/www.europesays.com\/ro\/wp-json\/wp\/v2\/media\/101822"}],"wp:attachment":[{"href":"https:\/\/www.europesays.com\/ro\/wp-json\/wp\/v2\/media?parent=107505"}],"wp:term":[{"taxonomy":"category","embeddable":true,"href":"https:\/\/www.europesays.com\/ro\/wp-json\/wp\/v2\/categories?post=107505"},{"taxonomy":"post_tag","embeddable":true,"href":"https:\/\/www.europesays.com\/ro\/wp-json\/wp\/v2\/tags?post=107505"}],"curies":[{"name":"wp","href":"https:\/\/api.w.org\/{rel}","templated":true}]}}