{"id":107506,"date":"2026-02-05T18:37:03","date_gmt":"2026-02-05T18:37:03","guid":{"rendered":"https:\/\/www.europesays.com\/ro\/107506\/"},"modified":"2026-02-05T18:37:03","modified_gmt":"2026-02-05T18:37:03","slug":"alerta-alimentara-la-magazinele-kaufland-din-alba-si-din-tara-un-produs-foarte-cumparat-retras-de-urgenta-de-la-rafturi","status":"publish","type":"post","link":"https:\/\/www.europesays.com\/ro\/107506\/","title":{"rendered":"Alert\u0103 Alimentar\u0103 la magazinele Kaufland din Alba \u0219i din \u021bar\u0103. Un produs foarte cump\u0103rat, retras de urgen\u021b\u0103 de la rafturi"},"content":{"rendered":"<p id=\"p-1\">O alert\u0103 alimentar\u0103 a fost emis\u0103 pentru un produs foarte cump\u0103rat din magazinele Kaufland din Alba Iulia, Blaj \u0219i Sebe\u0219, dar \u0219i din \u021bar\u0103. Rechemarea a fost publicat\u0103 pe site-ul ANSVSA.<\/p>\n<p id=\"p-2\">Este vorba despre o cutie de icre care se g\u0103se\u0219te de foarte multe ori \u00een co\u0219urile de cump\u0103raturi ale clien\u021bilor. Mai exact este vorba despre produsul \u201dSalat\u0103 de icre cu caras \u0219i ceap\u0103\u201d 75 de grame, de la produc\u0103torul Negro 2000. Din c\u00e2te se pare produsul este infestat cu Listeria monocytogenes \/25 g.<\/p>\n<p id=\"p-3\"><img loading=\"lazy\" height=\"615\" width=\"1018\" class=\"aligncenter size-full wp-image-1118643 sp-no-webp perfmatters-lazy\" alt=\"\" decoding=\"async\" src=\"https:\/\/www.europesays.com\/ro\/wp-content\/uploads\/2026\/02\/produs-retras-kaufland.jpg\"  data-\/> <\/p>\n<p id=\"p-4\">SC NEGRO 2000 SRL efectueaz\u0103 rechemarea produsului Salat\u0103 de icre cu caras \u0219i ceap\u0103 75 g, lot 167KT, cu data expir\u0103rii 25.02.2026.<\/p>\n<p id=\"p-5\">Motivul retragerii: Detec\u021bie Listeria monocytogenes \/25 g.<\/p>\n<p id=\"p-6\">Persoanele care au achizi\u021bionat acest produs sunt rugate s\u0103 nu \u00eel consume, ci s\u0103 \u00eel returneze la Serviciul Clien\u021bi din magazinul Kaufland de unde a fost cump\u0103rat.<\/p>\n<p id=\"p-7\">\u201dContravaloarea produsului va fi restituit\u0103 integral. Prezentarea bonului fiscal nu este necesar\u0103. Pentru informa\u021bii suplimentare sau clarific\u0103ri, v\u0103 rug\u0103m s\u0103 ne contacta\u021bi la num\u0103rul de telefon:0742 180 652\u201d, au transmis reprezenta\u021bii Kaufland.<\/p>\n<p>\nFacebook<br \/>\nWhatsApp<br \/>\nMessenger<br \/>\nLinkedIn<br \/>\nTwitter<br \/>\nEmail\n<\/p>\n<p>\t\tUltimele articole pe alba24<\/p>\n","protected":false},"excerpt":{"rendered":"O alert\u0103 alimentar\u0103 a fost emis\u0103 pentru un produs foarte cump\u0103rat din magazinele Kaufland din Alba Iulia, Blaj&hellip;\n","protected":false},"author":2,"featured_media":107507,"comment_status":"","ping_status":"","sticky":false,"template":"","format":"standard","meta":{"footnotes":""},"categories":[10],"tags":[1311,32,33,31,34169,36,37,27,3839,3213,34,35,25,34170,34171,41,40,38,39,26,1315,28,29,30],"class_list":{"0":"post-107506","1":"post","2":"type-post","3":"status-publish","4":"format-standard","5":"has-post-thumbnail","7":"category-romania","8":"tag-alba24","9":"tag-breaking-news","10":"tag-breakingnews","11":"tag-cele-mai-populare-subiecte","12":"tag-de-la-raft","13":"tag-featured-news","14":"tag-featurednews","15":"tag-headlines","16":"tag-icre","17":"tag-kaufland","18":"tag-latest-news","19":"tag-latestnews","20":"tag-news","21":"tag-produs","22":"tag-retras","23":"tag-ro","24":"tag-romana","25":"tag-romania","26":"tag-romanian","27":"tag-stiri","28":"tag-stiri-din-alba","29":"tag-titluri","30":"tag-top-stories","31":"tag-topstories"},"share_on_mastodon":{"url":"https:\/\/pubeurope.com\/@ro\/116019478105018861","error":""},"_links":{"self":[{"href":"https:\/\/www.europesays.com\/ro\/wp-json\/wp\/v2\/posts\/107506","targetHints":{"allow":["GET"]}}],"collection":[{"href":"https:\/\/www.europesays.com\/ro\/wp-json\/wp\/v2\/posts"}],"about":[{"href":"https:\/\/www.europesays.com\/ro\/wp-json\/wp\/v2\/types\/post"}],"author":[{"embeddable":true,"href":"https:\/\/www.europesays.com\/ro\/wp-json\/wp\/v2\/users\/2"}],"replies":[{"embeddable":true,"href":"https:\/\/www.europesays.com\/ro\/wp-json\/wp\/v2\/comments?post=107506"}],"version-history":[{"count":0,"href":"https:\/\/www.europesays.com\/ro\/wp-json\/wp\/v2\/posts\/107506\/revisions"}],"wp:featuredmedia":[{"embeddable":true,"href":"https:\/\/www.europesays.com\/ro\/wp-json\/wp\/v2\/media\/107507"}],"wp:attachment":[{"href":"https:\/\/www.europesays.com\/ro\/wp-json\/wp\/v2\/media?parent=107506"}],"wp:term":[{"taxonomy":"category","embeddable":true,"href":"https:\/\/www.europesays.com\/ro\/wp-json\/wp\/v2\/categories?post=107506"},{"taxonomy":"post_tag","embeddable":true,"href":"https:\/\/www.europesays.com\/ro\/wp-json\/wp\/v2\/tags?post=107506"}],"curies":[{"name":"wp","href":"https:\/\/api.w.org\/{rel}","templated":true}]}}