{"id":107508,"date":"2026-02-05T18:44:04","date_gmt":"2026-02-05T18:44:04","guid":{"rendered":"https:\/\/www.europesays.com\/ro\/107508\/"},"modified":"2026-02-05T18:44:04","modified_gmt":"2026-02-05T18:44:04","slug":"dragos-pislaru-despre-amanarea-deciziei-ccr-privind-pensiile-magistratilor-231-de-milioane-de-euro-din-pnrr-sunt-considerati-pierduti","status":"publish","type":"post","link":"https:\/\/www.europesays.com\/ro\/107508\/","title":{"rendered":"Drago\u0219 P\u00eeslaru, despre am\u00e2narea deciziei CCR privind pensiile magistra\u021bilor: 231 de milioane de euro din PNRR sunt considera\u021bi pierdu\u021bi"},"content":{"rendered":"\n<p data-index=\"1\">Ministrul Investi\u0163iilor \u015fi Proiectelor Europene, Drago\u015f P\u00eeslaru, a declarat la Digi24 c\u0103 Rom\u00e2nia pierde 231 de milioane de euro din PNRR, dup\u0103 ce Comisia European\u0103 a considerat c\u0103 nu a fost \u00eendeplinit jalonul 215, referitor la pensiile magistra\u0163ilor.<\/p>\n<p data-index=\"2\">Drago\u0219 P\u00eeslaru a confirmat c\u0103 vineri a avut loc o \u00eent\u00e2lnire la Bruxelles cu privire la cererile de plat\u0103 trei \u0219i patru din PNRR, iar \u201eComisia European\u0103 a precizat foarte clar\u201d c\u0103 jalonul privind pensiile magistra\u021bilor nu a fost \u00eendeplinit.<\/p>\n<p data-index=\"3\">\u201eV\u0103 aduc aminte faptul c\u0103 am spus f\u0103r\u0103 echivoc \u00een spa\u021biul public ceea ce a reamintit \u0219i prim-ministrul Ilie Bolojan ieri, c\u0103 exista practic un acord cu Comisia European\u0103 cu privire la faptul c\u0103 proiectul de lege pe care l-am propus rezolva acest jalon, c\u0103 afirma\u021biile din spa\u021biu public, \u00eempinse de CSM sau, \u00een fine, de o parte a magistra\u021bilor, c\u0103 nu era nevoie de aceast\u0103 reform\u0103, erau false, \u0219i iat\u0103 c\u0103 acum suntem pe cale s\u0103 avem consecin\u021bele a acestor lucruri care s-au \u00eent\u00e2mplat la CCR \u0219i de c\u0103tre conducerea acest CSM \u0219i \u00cenalta Curte\u201d, a declarat ministrul.<\/p>\n<p data-index=\"4\">P\u00eeslaru a explicat consecin\u021bele faptului c\u0103 nu a fost adoptat\u0103 legea care reglementeaz\u0103 pensiile speciale, \u0219i anume c\u0103 \u201e231 de milioane de euro sunt considera\u021bi pierdu\u021bi\u201d.<\/p>\n<p data-index=\"5\">\u201e\u00cen acest moment, cei 231 de milioane de euro sunt considera\u021bi pierdu\u021bi de c\u0103tre Comisia European\u0103 pentru c\u0103 p\u00e2n\u0103 la 28 noiembrie Rom\u00e2nia nu a promulgat legea, iar \u00een perioada de discu\u021bii ulterioare cu privire la analiza acestui jalon, Rom\u00e2nia nu a putut s\u0103 arate c\u0103 a promulgat legea. Deci astea sunt consecin\u021bele. Evident c\u0103 a\u0219tept\u0103m s\u0103 vedem ce se \u00eent\u00e2mpl\u0103 mai departe. <a href=\"https:\/\/www.digi24.ro\/stiri\/actualitate\/politica\/ilie-bolojan-va-informa-azi-ccr-privind-pensiile-magistratilor-ideea-ca-jalonul-215-ar-fi-indeplinit-este-falsa-3616799\" target=\"_blank\" rel=\"noopener nofollow\" data-skip-linkfix=\"1\">Prim-ministrul a spus c\u0103 va comunica CCR<\/a>, \u00een momentul \u00een care vom \u00eendeplini reforma putem s\u0103 anun\u021b\u0103m Comisia European\u0103, dar cred c\u0103 a fost foarte explicit prim-ministrul, \u0219i \u00eent\u0103resc afirma\u021bia domniei sale, c\u0103 exist\u0103 o consecin\u021b\u0103 direct\u0103 a acestui demers \u0219i c\u0103 Comisia European\u0103 consider\u0103 c\u0103 nu este \u00eendeplinit acest jalon \u00een valoare de 231 de milioane de euro.<\/p>\n<p>Banii pierdu\u021bi vor fi acoperi\u021bi din bugetul na\u021bional<\/p>\n<p data-index=\"6\">\u00centrebat ce se va \u00eent\u00e2mpla dac\u0103 CCR va respinge sesizarea de neconstitu\u021bionalitate, ministrul a spus c\u0103 \u201eRom\u00e2nia s-a dus de prea multe ori la Comisia European\u0103 cu ipoteze\u201d.<\/p>\n<p data-index=\"7\">\u201eEu am mai spus \u00een spa\u021biul public, aceast\u0103 reform\u0103 o facem pentru echitate \u0219i pentru a ar\u0103ta rom\u00e2nilor c\u0103 nu discut\u0103m de special \u0219i mai pu\u021bin special. Deci, \u00een primul r\u00e2nd, asta este ideea cea mai important\u0103. Reforma trebuie f\u0103cut\u0103 pentru c\u0103 asta \u00eenseamn\u0103 bun\u0103 guvernare. \u00cen al doilea r\u00e2nd, s\u0103 m\u0103 duc s\u0103 \u00eentreb Comisia ce s-ar \u00eent\u00e2mpla dac\u0103 totu\u0219i, p\u00e2n\u0103 la urm\u0103, c\u00e2ndva dup\u0103 dou\u0103 luni \u0219i ceva de la termenul limit\u0103, o s\u0103 aprob\u0103m legea a\u0219a cum trebuia, acest lucru nu este profesionist. Ce este profesionist, s\u0103 vedem c\u0103 se aprob\u0103 \u0219i dup\u0103 aceea, evident, o s\u0103 comunic\u0103m c\u0103 am f\u0103cut aceast\u0103 reform\u0103 \u0219i vedem ce se \u00eent\u00e2mpl\u0103\u201d, a subliniat Drago\u0219 P\u00eeslaru.<\/p>\n<p data-index=\"8\">Referitor la cum afecteaz\u0103 pierderea acestor bani programul de guvernare, ministrul Fondurilor Europene a precizat c\u0103 cei 231 de milioane de euro vor trebui acoperi\u021bi din bugetul na\u021bional.<\/p>\n<p data-index=\"9\">\u201ePNRR-ul este \u00eemp\u0103r\u021bit \u00een reforme \u0219i \u00een investi\u021bii. Pe de o parte, avem un program de investi\u021bii a foarte ambi\u021bios \u0219coli, spitale, autostr\u0103zi, foarte multe obiective cruciale pentru modernizarea Rom\u00e2niei \u0219i noi miz\u0103m pentru a duce la \u00eendeplinire aceste obiective, miz\u0103m pe, bine\u00een\u021beles, banii europeni pe care urmeaz\u0103 s\u0103-i decont\u0103m, mai ales componenta de grant 13,57 de miliarde \u0219i ideea este c\u0103 dac\u0103 noi vom pierde aceast\u0103 sum\u0103, va trebui s\u0103 acoperim din bugetul na\u021bional 231 de milioane pentru a ne respecta proiectele de investi\u021bii a\u0219a cum le avem. V\u0103 atrag aten\u021bia c\u0103 nu putem s\u0103 renun\u021b\u0103m la proiectele de investi\u021bii, pentru c\u0103 atunci primim penalitate c\u0103 nu ne \u00eendeplinim nici investi\u021biile, deci va trebui s\u0103 compens\u0103m din bugetul de stat 231 de milioane de lei pentru aceste investi\u021bii\u201d, spus ministrul.<\/p>\n<p>Cronologia cererilor de plat\u0103 din PNRR<\/p>\n<p data-index=\"10\">Prima cerere de plat\u0103 PNRR pentru Rom\u00e2nia, \u00een valoare de 3 miliarde de euro, a fost trimis\u0103 Comisiei Europene \u00een 31 mai 2022 \u015fi aprobat\u0103 \u00een septembrie 2022, acoperind 21 de jaloane \u015fi \u0163inte. \u00cen 15 decembrie 2022, Rom\u00e2nia a depus a doua cerere de plat\u0103, \u00een valoare de 3.227.690.000 euro, care a fost condi\u0163ionat\u0103 de \u00eendeplinirea a 51 de \u0163inte \u015fi jaloane aferente primelor dou\u0103 trimestre din 2022. Cererea a fost evaluat\u0103 pozitiv \u00een iunie 2023.<\/p>\n<p data-index=\"11\">A treia cerere de plat\u0103 a fost trimis\u0103 \u00een decembrie 2023, dar plata pentru aceasta s-a f\u0103cut par\u0163ial. P\u00e2n\u0103 \u00een 28 noiembrie trebuiau \u00eendeplinite toate jaloanele aferente, \u00eens\u0103 Rom\u00e2nia nu a finalizat jalonul 215, referitor la pensiile magistra\u0163ilor.<\/p>\n<p data-index=\"12\">Rom\u00e2nia a depus oficial \u00een decembrie 2025 cea de-<a href=\"https:\/\/www.digi24.ro\/stiri\/economie\/romania-a-depus-a-patra-cerere-de-plata-din-pnrr-anunta-dragos-pislaru-ce-tinte-si-jaloane-sunt-vizate-3554817\" target=\"_blank\" rel=\"noopener nofollow\" data-skip-linkfix=\"1\">a patra cerere de plat\u0103 din Planul Na\u021bional de Redresare \u0219i Rezilien\u021b\u0103<\/a> (PNRR), \u00een valoare de 2,62 miliarde de euro, care include 62 de \u021binte \u0219i jaloane exclusiv din componenta de bani europeni nerambursabili.<\/p>\n<p data-index=\"13\">Cite\u0219te \u0219i <a href=\"https:\/\/www.digi24.ro\/stiri\/actualitate\/justitie\/ccr-dezbate-astazi-obiectia-privind-pensiile-magistratilor-dupa-trei-amanari-iccj-a-transmis-o-expertiza-independenta-3586811\" target=\"_blank\" rel=\"noopener nofollow\" data-skip-linkfix=\"1\">CCR a am\u00e2nat p\u00e2n\u0103 pe 11 februarie decizia privind pensiile magistra\u021bilor: judec\u0103torii vor timp s\u0103 studieze expertiza depus\u0103 joi de \u00ceCCJ<\/a><\/p>\n<p> Editor : <a href=\"https:\/\/www.digi24.ro\/autor\/maria-isopescu\" rel=\"nofollow noopener\" target=\"_blank\"> M.I. <\/a> <\/p>\n","protected":false},"excerpt":{"rendered":"Ministrul Investi\u0163iilor \u015fi Proiectelor Europene, Drago\u015f P\u00eeslaru, a declarat la Digi24 c\u0103 Rom\u00e2nia pierde 231 de milioane de&hellip;\n","protected":false},"author":2,"featured_media":107509,"comment_status":"","ping_status":"","sticky":false,"template":"","format":"standard","meta":{"footnotes":""},"categories":[10],"tags":[32,33,31,36,37,27,34,35,25,41,40,38,39,26,28,29,30],"class_list":{"0":"post-107508","1":"post","2":"type-post","3":"status-publish","4":"format-standard","5":"has-post-thumbnail","7":"category-romania","8":"tag-breaking-news","9":"tag-breakingnews","10":"tag-cele-mai-populare-subiecte","11":"tag-featured-news","12":"tag-featurednews","13":"tag-headlines","14":"tag-latest-news","15":"tag-latestnews","16":"tag-news","17":"tag-ro","18":"tag-romana","19":"tag-romania","20":"tag-romanian","21":"tag-stiri","22":"tag-titluri","23":"tag-top-stories","24":"tag-topstories"},"share_on_mastodon":{"url":"https:\/\/pubeurope.com\/@ro\/116019505589683588","error":""},"_links":{"self":[{"href":"https:\/\/www.europesays.com\/ro\/wp-json\/wp\/v2\/posts\/107508","targetHints":{"allow":["GET"]}}],"collection":[{"href":"https:\/\/www.europesays.com\/ro\/wp-json\/wp\/v2\/posts"}],"about":[{"href":"https:\/\/www.europesays.com\/ro\/wp-json\/wp\/v2\/types\/post"}],"author":[{"embeddable":true,"href":"https:\/\/www.europesays.com\/ro\/wp-json\/wp\/v2\/users\/2"}],"replies":[{"embeddable":true,"href":"https:\/\/www.europesays.com\/ro\/wp-json\/wp\/v2\/comments?post=107508"}],"version-history":[{"count":0,"href":"https:\/\/www.europesays.com\/ro\/wp-json\/wp\/v2\/posts\/107508\/revisions"}],"wp:featuredmedia":[{"embeddable":true,"href":"https:\/\/www.europesays.com\/ro\/wp-json\/wp\/v2\/media\/107509"}],"wp:attachment":[{"href":"https:\/\/www.europesays.com\/ro\/wp-json\/wp\/v2\/media?parent=107508"}],"wp:term":[{"taxonomy":"category","embeddable":true,"href":"https:\/\/www.europesays.com\/ro\/wp-json\/wp\/v2\/categories?post=107508"},{"taxonomy":"post_tag","embeddable":true,"href":"https:\/\/www.europesays.com\/ro\/wp-json\/wp\/v2\/tags?post=107508"}],"curies":[{"name":"wp","href":"https:\/\/api.w.org\/{rel}","templated":true}]}}