{"id":107521,"date":"2026-02-05T19:11:09","date_gmt":"2026-02-05T19:11:09","guid":{"rendered":"https:\/\/www.europesays.com\/ro\/107521\/"},"modified":"2026-02-05T19:11:09","modified_gmt":"2026-02-05T19:11:09","slug":"apelul-disperat-al-unei-jurnaliste-americane-dupa-ce-i-a-fost-rapita-mama-toata-lumea-te-cauta-mami-nu-ne-vom-opri","status":"publish","type":"post","link":"https:\/\/www.europesays.com\/ro\/107521\/","title":{"rendered":"Apelul disperat al unei jurnaliste americane, dup\u0103 ce i-a fost r\u0103pit\u0103 mama: \u201eToat\u0103 lumea te caut\u0103, mami. Nu ne vom opri\u201d"},"content":{"rendered":"<p>\u201eVrem s\u0103 auzim de la voi \u0219i suntem gata s\u0103 ascult\u0103m\u201d, spune prezentatoarea NBC \u00een clipul postat pe Instagram, flancat\u0103 de fra\u021bii ei, relateaz\u0103 <a href=\"https:\/\/www.bbc.com\/news\/articles\/c2e18wvrx9xo\" rel=\"noopener noreferrer nofollow\" target=\"_blank\">BBC.<\/a><\/p>\n<p>\u201eV\u0103 rug\u0103m s\u0103 lua\u021bi leg\u0103tura cu noi.\u201d<\/p>\n<p>Nancy Guthrie a disp\u0103rut \u00een mijlocul nop\u021bii, din locuin\u021ba sa din statul american Arizona, \u00een weekend.<\/p>\n<p>Autorit\u0103\u021bile au declarat c\u0103 suspecteaz\u0103 o r\u0103pire \u0219i c\u0103 lucreaz\u0103 \u00eempreun\u0103 cu FBI pentru a autentifica o posibil\u0103 not\u0103 de r\u0103scump\u0103rare.<\/p>\n<p>Cite\u0219te \u0219i <\/p>\n<p>                <a href=\"https:\/\/stirileprotv.ro\/stiri\/international\/fenomen-spectaculos-in-sua-strazi-de-nori-au-aparut-deasupra-golfului-si-atlanticului-video.html\" class=\"article--related-inside-link\" rel=\"nofollow noopener\" target=\"_blank\"><br \/>\n                                            <img loading=\"lazy\" decoding=\"async\" width=\"800\" height=\"450\" title=\"Fenomen spectaculos \u00een SUA. \u201eStr\u0103zi de nori\u201d au ap\u0103rut deasupra Golfului \u0219i Atlanticului | VIDEO\" alt=\"Fenomen spectaculos \u00een SUA. \u201eStr\u0103zi de nori\u201d au ap\u0103rut deasupra Golfului \u0219i Atlanticului | VIDEO\" class=\"lazy\" src=\"https:\/\/www.europesays.com\/ro\/wp-content\/uploads\/2026\/02\/strazi-de-nori.png\"\/><br \/>\n                                    <\/a><\/p>\n<p>\u201eSuntem preg\u0103ti\u021bi s\u0103 vorbim\u201d, a spus prezentatoarea NBC \u00een videoclipul postat miercuri sear\u0103.<\/p>\n<p>\u201e\u00cens\u0103 tr\u0103im \u00eentr-o lume \u00een care vocile \u0219i imaginile pot fi manipulate cu u\u0219urin\u021b\u0103.Trebuie s\u0103 \u0219tim f\u0103r\u0103 niciun dubiu c\u0103 este \u00een via\u021b\u0103 \u0219i c\u0103 o ave\u021bi.\u201d<\/p>\n<p>\u00cen cazurile de luare de ostatici sau r\u0103pire, este procedur\u0103 standard ca negociatorii s\u0103 cear\u0103 dovezi care s\u0103 arate clar c\u0103 persoana este \u00een via\u021b\u0103.<\/p>\n<p>Nu este clar dac\u0103 autorit\u0103\u021bile i-au \u00eendrumat pe copiii lui Nancy Guthrie s\u0103 fac\u0103 acest lucru.<\/p>\n<p>Oamenii legii au precizat c\u0103 anchetatorii continu\u0103 s\u0103 discute cu toate persoanele care au avut contact cu Nancy Guthrie \u00een weekend \u0219i c\u0103, p\u00e2n\u0103 acum, nu a fost identificat niciun suspect.<\/p>\n<p>Savannah Guthrie, al\u0103turi de sora sa Annie \u0219i fratele Cameron, a spus \u00een clip c\u0103 sunt la curent cu o presupus\u0103 not\u0103 de r\u0103scump\u0103rare, trimis\u0103 c\u0103tre cel pu\u021bin un post media.<\/p>\n<p>\u201eMami, dac\u0103 auzi acest mesaj, e\u0219ti o femeie puternic\u0103\u201d, a spus prezentatoarea emisiunii Today Show, cu vocea fr\u00e2nt\u0103.<\/p>\n<p>\u201eToat\u0103 lumea te caut\u0103, mami. Peste tot. Nu ne vom opri. Copiii t\u0103i nu se vor opri p\u00e2n\u0103 nu vom fi din nou \u00eempreun\u0103.\u201d<\/p>\n<p>Oficialii au avertizat c\u0103 Nancy Guthrie ar putea fi \u00eentr-o stare grav\u0103 de s\u0103n\u0103tate f\u0103r\u0103 medicamentele ei, lucru men\u021bionat \u0219i de Savannah Guthrie \u00een clip.<\/p>\n<p>\u201eMama noastr\u0103 este inima \u0219i c\u0103minul nostru\u201d, a spus ea.<\/p>\n<p>\u201eS\u0103n\u0103tatea ei, inima ei sunt fragile. Tr\u0103ie\u0219te cu durere constant\u0103. Este f\u0103r\u0103 medicamente. Are nevoie de ele ca s\u0103 supravie\u021buiasc\u0103. Are nevoie de ele ca s\u0103 nu sufere.\u201d<\/p>\n<p>Sora ei, Annie, a spus c\u0103 \u201elumina lipse\u0219te din vie\u021bile noastre\u201d.<\/p>\n<p>\u201eMam\u0103\u201d, a spus ea, \u201edac\u0103 ne auzi, trebuie s\u0103 vii acas\u0103. Ne lipse\u0219ti.\u201d<\/p>\n<p>La scurt timp dup\u0103 publicarea videoclipului, pre\u0219edintele SUA, Donald Trump, a comentat cazul pe platforma Truth Social.<\/p>\n<p>El a declarat c\u0103 direc\u021bioneaz\u0103 toate agen\u021biile federale de aplicare a legii s\u0103 ajute la finalizarea anchetei \u0219i s\u0103 \u201eo aduc\u0103 pe mama ei acas\u0103 \u00een siguran\u021b\u0103\u201d.<\/p>\n<p>\u201eAm vorbit cu Savannah Guthrie \u0219i i-am spus c\u0103 direc\u021bionez TOATE agen\u021biile federale de aplicare a legii s\u0103 fie la dispozi\u021bia complet\u0103 a familiei \u0219i a autorit\u0103\u021bilor locale, IMEDIAT\u201d, a spus el, ad\u0103ug\u00e2nd c\u0103 na\u021biunea se roag\u0103 pentru familia ei.<\/p>\n<p>BBC a contactat FBI \u0219i autorit\u0103\u021bile locale pentru comentarii.<\/p>\n<p>C\u0103utarea se face \u201ecu toate resursele disponibile\u201d, folosind c\u00e2ini, drone, elicoptere \u0219i agen\u021bi federali pentru a o g\u0103si pe femeia disp\u0103rut\u0103, au precizat autorit\u0103\u021bile.<\/p>\n<p>Nancy Guthrie a fost v\u0103zut\u0103 ultima dat\u0103 la casa ei din Catalina Foothills, un cartier \u00eenst\u0103rit aflat la aproximativ 10 km nord-est de Tucson, s\u00e2mb\u0103t\u0103 seara, c\u00e2nd membrii familiei au l\u0103sat-o acolo \u00een jurul orei 21:30, ora local\u0103.<\/p>\n<p>Ea nu a participat la slujba de duminic\u0103 diminea\u021b\u0103, lucru care i-a determinat pe membrii congrega\u021biei s\u0103 anun\u021be familia.<\/p>\n<p>C\u00e2nd detectivii au perchezi\u021bionat locuin\u021ba, au descoperit o scen\u0103 care a provocat \u201e\u00eengrijorare grav\u0103\u201d, a spus un \u0219erif.<\/p>\n<p>\u201eCredem c\u0103 Nancy a fost luat\u0103 din casa ei \u00eempotriva voin\u021bei sale. Asta \u0219tim \u00een acest moment\u201d, a spus el.<\/p>\n<p>Savannah Guthrie este una dintre cele mai cunoscute figuri din mass-media american\u0103, iar videoclipul s\u0103u a primit sprijin din \u00eentreaga industrie media \u0219i de la Hollywood.<\/p>\n<p>Jurnalista, care s-a al\u0103turat NBC \u00een 2007, a fost numit\u0103 co-prezentatoare a emisiunii Today \u00een 2012.<\/p>\n<p>De asemenea, este corespondentul juridic-\u0219ef al NBC News \u0219i prezint\u0103 transmisiuni speciale, inclusiv de Ziua Recuno\u0219tin\u021bei \u0219i de la Jocurile Olimpice.<\/p>\n<p>Savannah Guthrie urma s\u0103 co-prezinte ceremonia de deschidere a Jocurilor Olimpice de iarn\u0103 de la Milano, vineri.<\/p>\n<p>\u00cens\u0103 s-a retras din cauza dispari\u021biei mamei sale. Prezentatoarea Mary Carillo \u00eei va lua locul, a anun\u021bat NBC.<\/p>\n","protected":false},"excerpt":{"rendered":"\u201eVrem s\u0103 auzim de la voi \u0219i suntem gata s\u0103 ascult\u0103m\u201d, spune prezentatoarea NBC \u00een clipul postat pe&hellip;\n","protected":false},"author":2,"featured_media":107522,"comment_status":"","ping_status":"","sticky":false,"template":"","format":"standard","meta":{"footnotes":""},"categories":[12],"tags":[32,33,31,36,37,27,74,34,35,25,41,40,38,39,26,28,29,30,71,72,73],"class_list":{"0":"post-107521","1":"post","2":"type-post","3":"status-publish","4":"format-standard","5":"has-post-thumbnail","7":"category-international","8":"tag-breaking-news","9":"tag-breakingnews","10":"tag-cele-mai-populare-subiecte","11":"tag-featured-news","12":"tag-featurednews","13":"tag-headlines","14":"tag-international","15":"tag-latest-news","16":"tag-latestnews","17":"tag-news","18":"tag-ro","19":"tag-romana","20":"tag-romania","21":"tag-romanian","22":"tag-stiri","23":"tag-titluri","24":"tag-top-stories","25":"tag-topstories","26":"tag-world","27":"tag-world-news","28":"tag-worldnews"},"share_on_mastodon":{"url":"https:\/\/pubeurope.com\/@ro\/116019611752802222","error":""},"_links":{"self":[{"href":"https:\/\/www.europesays.com\/ro\/wp-json\/wp\/v2\/posts\/107521","targetHints":{"allow":["GET"]}}],"collection":[{"href":"https:\/\/www.europesays.com\/ro\/wp-json\/wp\/v2\/posts"}],"about":[{"href":"https:\/\/www.europesays.com\/ro\/wp-json\/wp\/v2\/types\/post"}],"author":[{"embeddable":true,"href":"https:\/\/www.europesays.com\/ro\/wp-json\/wp\/v2\/users\/2"}],"replies":[{"embeddable":true,"href":"https:\/\/www.europesays.com\/ro\/wp-json\/wp\/v2\/comments?post=107521"}],"version-history":[{"count":0,"href":"https:\/\/www.europesays.com\/ro\/wp-json\/wp\/v2\/posts\/107521\/revisions"}],"wp:featuredmedia":[{"embeddable":true,"href":"https:\/\/www.europesays.com\/ro\/wp-json\/wp\/v2\/media\/107522"}],"wp:attachment":[{"href":"https:\/\/www.europesays.com\/ro\/wp-json\/wp\/v2\/media?parent=107521"}],"wp:term":[{"taxonomy":"category","embeddable":true,"href":"https:\/\/www.europesays.com\/ro\/wp-json\/wp\/v2\/categories?post=107521"},{"taxonomy":"post_tag","embeddable":true,"href":"https:\/\/www.europesays.com\/ro\/wp-json\/wp\/v2\/tags?post=107521"}],"curies":[{"name":"wp","href":"https:\/\/api.w.org\/{rel}","templated":true}]}}