{"id":107691,"date":"2026-02-06T01:11:07","date_gmt":"2026-02-06T01:11:07","guid":{"rendered":"https:\/\/www.europesays.com\/ro\/107691\/"},"modified":"2026-02-06T01:11:07","modified_gmt":"2026-02-06T01:11:07","slug":"moment-istoric-chivu-a-purtat-torta-olimpica-prin-milano","status":"publish","type":"post","link":"https:\/\/www.europesays.com\/ro\/107691\/","title":{"rendered":"Moment istoric! Chivu a purtat tor\u021ba olimpic\u0103 prin Milano"},"content":{"rendered":"<p>La doar o zi dup\u0103 ce Inter s-a calificat \u00een semifinalele Cupei Italiei, dup\u0103 2-1 cu Torino, \u00een calitatea de fost mare juc\u0103tor al lui Inter \u0219i antrenor al nerazzurrilor, Cristi Chivu a fost unul dintre purt\u0103torii tor\u021bei olimpice.\u00a0<\/p>\n<p><a class=\"intertitle\" href=\"https:\/\/www.sport.ro\/jocurile-olimpice\/javascript:;\" name=\"cristi-chivu-a-purtat-torta-olimpica\" rel=\"nofollow noopener\" target=\"_blank\">Cristi Chivu a purtat tor\u021ba olimpic\u0103<\/p>\n<p>Al\u0103turi de tehnicianul rom\u00e2n s-au mai aflat fostele juc\u0103toare de tenis din Italia, Francesca Schiavone \u0219i Flavia Pennetta, dar \u0219i pre\u0219edintele Comitetului Olimpic Na\u021bional Italian, Luciano Buonfiglio.<\/p>\n<p>Chivu a purtat tor\u021ba olimpic\u0103 pe str\u0103zile din Milano \u0219i a dus-o p\u00e2n\u0103 la Bazilica Sant Ambrogio. Tot evenimentul a fost urm\u0103rit de mii de oameni, iar familia lui Cristi Chivu s-a aflat al\u0103turi de fostul c\u0103pitan al na\u021bionalei Rom\u00e2niei.<\/p>\n<p>De altfel, periplul lui Chivu a fost urm\u0103rit \u0219i de mul\u021bi fani rom\u00e2ni din Milano, care l-au felicitat pe antrenorul rom\u00e2n.<\/p>\n","protected":false},"excerpt":{"rendered":"La doar o zi dup\u0103 ce Inter s-a calificat \u00een semifinalele Cupei Italiei, dup\u0103 2-1 cu Torino, \u00een&hellip;\n","protected":false},"author":2,"featured_media":107692,"comment_status":"","ping_status":"","sticky":false,"template":"","format":"standard","meta":{"footnotes":""},"categories":[20],"tags":[41,40,38,39,185,184],"class_list":{"0":"post-107691","1":"post","2":"type-post","3":"status-publish","4":"format-standard","5":"has-post-thumbnail","7":"category-sport","8":"tag-ro","9":"tag-romana","10":"tag-romania","11":"tag-romanian","12":"tag-sport","13":"tag-sports"},"share_on_mastodon":{"url":"https:\/\/pubeurope.com\/@ro\/116021027311370029","error":""},"_links":{"self":[{"href":"https:\/\/www.europesays.com\/ro\/wp-json\/wp\/v2\/posts\/107691","targetHints":{"allow":["GET"]}}],"collection":[{"href":"https:\/\/www.europesays.com\/ro\/wp-json\/wp\/v2\/posts"}],"about":[{"href":"https:\/\/www.europesays.com\/ro\/wp-json\/wp\/v2\/types\/post"}],"author":[{"embeddable":true,"href":"https:\/\/www.europesays.com\/ro\/wp-json\/wp\/v2\/users\/2"}],"replies":[{"embeddable":true,"href":"https:\/\/www.europesays.com\/ro\/wp-json\/wp\/v2\/comments?post=107691"}],"version-history":[{"count":0,"href":"https:\/\/www.europesays.com\/ro\/wp-json\/wp\/v2\/posts\/107691\/revisions"}],"wp:featuredmedia":[{"embeddable":true,"href":"https:\/\/www.europesays.com\/ro\/wp-json\/wp\/v2\/media\/107692"}],"wp:attachment":[{"href":"https:\/\/www.europesays.com\/ro\/wp-json\/wp\/v2\/media?parent=107691"}],"wp:term":[{"taxonomy":"category","embeddable":true,"href":"https:\/\/www.europesays.com\/ro\/wp-json\/wp\/v2\/categories?post=107691"},{"taxonomy":"post_tag","embeddable":true,"href":"https:\/\/www.europesays.com\/ro\/wp-json\/wp\/v2\/tags?post=107691"}],"curies":[{"name":"wp","href":"https:\/\/api.w.org\/{rel}","templated":true}]}}