{"id":107695,"date":"2026-02-06T01:17:04","date_gmt":"2026-02-06T01:17:04","guid":{"rendered":"https:\/\/www.europesays.com\/ro\/107695\/"},"modified":"2026-02-06T01:17:04","modified_gmt":"2026-02-06T01:17:04","slug":"ministrul-finantelor-anunta-masurile-din-planul-de-relansare","status":"publish","type":"post","link":"https:\/\/www.europesays.com\/ro\/107695\/","title":{"rendered":"Ministrul Finan\u021belor anun\u021b\u0103 m\u0103surile din planul de relansare"},"content":{"rendered":"<p id=\"p-0\">Ministrul Finan\u021belor Alexandru Nazare va anun\u021ba \u0219i detalia m\u0103surile din planul de relansare, joi, \u00eentr-o conferin\u021b\u0103 de pres\u0103, de la ora 13.30.<\/p>\n<p id=\"p-1\">Proiectul privind m\u0103surile de relansare economic\u0103 a fost prezentat joi \u00een Guvern \u00een prim\u0103 lectur\u0103.<\/p>\n<p>Principalele declara\u021bii:<\/p>\n<ul>\n<li>A\u0219 vrea s\u0103 mul\u021bumesc companiilor, de la mari companii la IMM-uri, \u0219i rom\u00e2nilor pentru sus\u021binerea din aceast\u0103 perioad\u0103 de ajustare \u0219i consolidare fiscal\u0103. Pe sacrificiul \u0219i sprijinul acestora s-a bazat rezultatul pe care am reu\u0219it s\u0103 \u00eel ob\u021binem anul trecut, un deficit cash de 7,6%, sub \u021binta negociat\u0103 cu Comisia European\u0103, de 8,4%.<\/li>\n<li>Efortul tuturor rom\u00e2nilor a f\u0103cut s\u0103 avem acum spa\u021biul fiscal posibil pentru a avea m\u0103suri de relansare.<\/li>\n<li>Am f\u0103cut \u0219i vom face consult\u0103ri cu mediul de afaceri, vom face modific\u0103ri \u00een planul de relansare pentru a cuprinde observa\u021biile de la mediul de business \u0219i din zonele men\u021bionate \u00een program.<\/li>\n<\/ul>\n<p>M\u0103surile din 2025<\/p>\n<ul>\n<li>\u00cen decembrie am instituit o cot\u0103 unic\u0103 de 1% pentru micro\u00eentreprinderi \u0219i face parte din planul pe care \u00eel prezent\u0103m ast\u0103zi.<\/li>\n<li>Este activ\u0103 din decembrie garan\u021bia de portofoliu, unde prin Banca de Investi\u021bii \u0219i Dezvoltare avem peste 6 miliarde lei disponibile pentru micro\u00eentreprinderi \u0219i IMM<\/li>\n<li>Pentru marile afaceri, taxa pe cifra de afaceri a fost sc\u0103zut\u0103 de la 1% la 0,5%<\/li>\n<\/ul>\n<p>M\u0103surile pentru 2026<\/p>\n<ul>\n<li>Planul din acest an are o component\u0103 fiscal\u0103 \u0219i una de rea\u0219ezare a schemelor pentru companii<\/li>\n<li>Mut\u0103m focusul de pe consum pe investi\u021bii, de pe num\u0103r de proiecte \u0219i volum de finan\u021bare pe calitate, de la volum de proiecte la domenii strategice unde Rom\u00e2nia are interese importante.<\/li>\n<li>Moderniz\u0103m instrumentele de sus\u021binere a companiilor \u0219i introducem noi concepte \u0219i noi moduri de finan\u021bare<\/li>\n<\/ul>\n<p>&#8211; articolul continu\u0103 mai jos &#8211;<\/p>\n<p>M\u0103surile fiscale:<\/p>\n<ul>\n<li>Schimb\u0103m filosofia pe baza c\u0103reia func\u021bioneaz\u0103 Banca de Investi\u021bii \u0219i Dezvoltare. Ea preia rolul de a gestiona scheme de sus\u021binere pentru companii, inclusiv ajutor de stat.<\/li>\n<li>Va putea crea vehicule investi\u021bionale de tip private equity sau de a se al\u0103tura unor vehicule institu\u021bionale create de pia\u021b\u0103 pentru a sus\u021bine sectoare ale economiei<\/li>\n<li>Rezolv\u0103m problema creditelor pentru zona de sus\u021binere a cercet\u0103rii \u0219i dezvolt\u0103rii. Pe l\u00e2ng\u0103 deducerea existent\u0103 de 50%, introducem un credit fiscal de 10%<\/li>\n<li>Creditul fiscal intr\u0103 ca nou concept \u00een instrumentarul de investi\u021bii \u0219i \u00een zona de sus\u021binere a companiilor pe partea fiscal\u0103. El va fi dezvoltat \u0219i pe partea de scheme de sus\u021binere.<\/li>\n<li>Vom cre\u0219te atractivitatea facilit\u0103\u021bii privind profitul investit. Facem posibil\u0103 utilizarea amortiz\u0103rii accelerate \u0219i pentru aceast\u0103 facilitate.<\/li>\n<li>Introducem amortizarea superaccelerat\u0103 de 65%, fa\u021b\u0103 de 50% \u00een prezent, pentru investi\u021biile \u00een echipamente \u00een 2026, ne dorim investi\u021bii \u00een produc\u021bie, \u00een echipamente, \u00een 2026<\/li>\n<li>Cre\u0219tem plafonul pentru mijloace fixe de la 2.500 lei la 5.000 lei, acest plafon nu a mai fost actualizat de mult timp<\/li>\n<li>Introducem superdeduceri pe zona de cheltuieli pentru companiile care vor s\u0103 se listeze. Introducem deducere suplimentar\u0103 de 50% la calculul rezultatului fiscal<\/li>\n<li>Definitiv\u0103m termenul de declarare \u0219i plat\u0103 al impozitului pe profit la 25 iunie, ca m\u0103sur\u0103 de simplificare.<\/li>\n<li>Avem o serie de m\u0103suri care sprijin\u0103 micro\u00eentreprinderile.<\/li>\n<li>Major\u0103m termenul de angajare al angajatului pentru micro de la 30 de zile la 90 de zile.<\/li>\n<li>Permitem v\u00e2nzarea unei imobiliz\u0103ri anuale care s\u0103 nu fie inclus\u0103 \u00een plafonul de 100.000 euro pentru micro. Din cauza v\u00e2nz\u0103rii unei imobiliz\u0103ri, unii dep\u0103\u0219eau acest plafon<\/li>\n<li>Permitem revenirea la micro dac\u0103 condi\u021biile de plat\u0103 permit<\/li>\n<li>Rezolv\u0103m problema concediilor medicale: stabilim cele 30 de zile care sunt permise anual, ca s\u0103 nu mai avem problema pierderii statutului de micro<\/li>\n<li>Am reu\u0219it s\u0103 pl\u0103tim \u00een decembrie bonifica\u021biile pentru persoanele juridice, pentru peste 150.000 de companii. Relu\u0103m m\u0103sura \u00een 2026, cu respectarea tuturor condi\u021biilor<\/li>\n<li>Ad\u0103ug\u0103m o bonifica\u021bie pentru persoanele fizice, dac\u0103 ele vor pl\u0103ti la timp<\/li>\n<li>Cre\u0219tem plafonul de TVA la \u00eencasare. Era stabilit de 5 ani la 4,5 milioane lei \u0219i \u00eel cre\u0219tem la 5 milioane lei \u00een 2026 \u0219i 5,5 milioane lei \u00een 2027<\/li>\n<li>Instituim programul de sus\u021binere \u201eFacilitatea na\u021bional\u0103 pentru preg\u0103tire \u0219i asisten\u021b\u0103 tehnic\u0103 a proiectelor \u00een parteneriat-public-privat\u201d. Nu putem avansa cu proiecte PPP dac\u0103 nu avem instrumente pentru documenta\u021bii \u0219i pentru sus\u021binerea \u00een asisten\u021b\u0103 tehnic\u0103, inclusiv mecanisme prin care aceste proiecte s\u0103 fie selectate \u0219i aprobate la nivelul Guvernului.<\/li>\n<\/ul>\n<p>M\u0103suri de ajutor de stat \u0219i scheme de sus\u021binere:<\/p>\n<ul>\n<li>Instituim o schem\u0103 de ajutor de stat pentru proiecte strategice. Proiectele pleac\u0103 de la 1 miliard lei sau 200 milioane euro. Rom\u00e2nia nu avea un astfel de instrument pentru atragerea investi\u021biilor mari, iar c\u00e2nd se afla \u00een competi\u021bie cu \u021b\u0103rile din regiune pentru atragerea unei investi\u021bii mari, nu avea instrumentele necesare s\u0103 conving\u0103 \u00een timp real investitorilor s\u0103 vin\u0103 \u00een Rom\u00e2nia<\/li>\n<li>Schema este deschis\u0103 \u0219i pentru investi\u021bii rom\u00e2ne\u0219ti \u0219i pentru investi\u021bii str\u0103ine.<\/li>\n<li>Condi\u021bii: capital social minim de 25 milioane lei \u0219i o valoare activelor de cel pu\u021bin 50 milioane lei.<\/li>\n<li>Criteriile schemei vor fi notificate c\u0103tre Comisie \u0219i definite \u00een hot\u0103r\u00e2ri de guvern<\/li>\n<li>Schema pentru industrie de la Finan\u021be reg\u00e2ndit\u0103, pentru a avea o reflectare mai bun\u0103 a proiectelor selectate pe deficite de balan\u021b\u0103 comercial\u0103, subgrupele de produse unde avem deficit pe balan\u021b\u0103 comercial\u0103 vor fi punctate corespunz\u0103tor, ca s\u0103 redirec\u021bion\u0103m resurse importante \u00een zonele unde este nevoie s\u0103 recuper\u0103m aceste deficite<\/li>\n<li>G\u00e2ndim un instrument dedicat pentru valorificarea resurselor minerale critice. Vom sus\u021bine zona de valorificare a resurselor minerale critice \u0219i zona de noi tehnologii<\/li>\n<li>O alt\u0103 schem\u0103 dedicat\u0103 prive\u0219te noile tehnologii: inteligen\u021ba artificial\u0103, semiconductori, robotic\u0103, scalare a companiilor care s\u0103 treac\u0103 din acceleratoare c\u0103tre pia\u021b\u0103.<\/li>\n<li>Zona de ap\u0103rare: industria na\u021bional\u0103 nu avea un instrument de finan\u021bare local. Am negociat cu ministerul Fondurilor 200 de milioane de euro pentru sector, ca companiile rom\u00e2ne\u0219ti din ap\u0103rare \u00een joint venture sau \u00een regim simplificat s\u0103 poat\u0103 aplica pentru aceste fonduri europene<\/li>\n<li>O s\u0103 avem instrument dedicat \u0219i \u00een zona IMM, proiecte de talie mic\u0103, \u00eentre 7 \u0219i 50 milioane.<\/li>\n<li>Vom avea un plafon dedicat pentru rom\u00e2nii din diaspora care vor s\u0103 vin\u0103 s\u0103 investeasc\u0103 \u00een Rom\u00e2nia. O parte din cei 100 de milioane de euro vor fi pentru aceste proiecte.<\/li>\n<\/ul>\n<p>Impact m\u0103suri<\/p>\n<ul>\n<li>Impactul bugetar calculat pentru 2026 este de 2,1 \u2013 2,2 miliarde lei<\/li>\n<li>Impactul pentru toate schemele de finan\u021bare este pe un termen mediu de 5-7 ani, ele vor trebui notificate<\/li>\n<li>Inten\u021bion\u0103m s\u0103 aprob\u0103m acest pachet \u00eempreun\u0103 cu pachetul privind reforma administra\u021biei<\/li>\n<\/ul>\n<p>\u00centreb\u0103ri \u0219i r\u0103spunsuri:<br \/>\nReducere impozit pe proprietate<\/p>\n<p id=\"p-2\">Q: Ce impact ar exista dac\u0103 impozitul pe proprietate s-ar reduce cu 50%?<\/p>\n<p id=\"p-3\">A: Chestiunea va fi discutat\u0103 \u00een coali\u021bie, unde se va lua o decizie politic\u0103. Pachetul 2 care include impozitele pe proprietate a fost de 2 ori aprobat \u00een Parlament. Impactul este inclus \u00een proiec\u021bia bugetar\u0103 din acest an. Aceste m\u0103suri au avut un efect contrac\u021bionist, de aceea prezent\u0103m un plan de relansare care va avea un aport semnificativ asupra economiei. Este important\u0103 consecven\u021ba c\u00e2nd Rom\u00e2nia \u00ee\u0219i asum\u0103 anumite lucruri. Impozitul pe proprietate a fost asumat din 2021 \u0219i a fost asumat permanent succesiv de toate Guvernele. Dac\u0103 nu dorim s\u0103 adopt\u0103m anumite m\u0103suri, nu trebuie s\u0103 le asum\u0103m.<\/p>\n<p id=\"p-4\">Q: Impozitului pe locuin\u021be \u0219i ma\u0219ini \u2013 care este impactul estimat pe majorarea de 1 ianuarie, ce \u00eencas\u0103ri \u00een plus sunt estimate la nivelul UAT-urilor?<\/p>\n<p id=\"p-5\">A: 3,7 miliarde.<\/p>\n<p id=\"p-6\">Q: Exist\u0103 spa\u021biu fiscal pentru o op\u021biune a primarilor de a reduce taxele locale cu p\u00e2n\u0103 la 50%?<\/p>\n<p id=\"p-7\">A: Nu vreau s\u0103 fac evalu\u0103ri asupra a ce e sau nu posibil \u00een discu\u021biile din coali\u021bie.<\/p>\n<p>Ajutoare one-off<\/p>\n<p id=\"p-8\">Q: Exist\u0103 resurse pentru a se acorda ajutoare one-off pentru pensionari?<\/p>\n<p id=\"p-9\">A: Sunt multe propuneri. Ne dorim s\u0103 g\u0103sim resursele pentru a sprijini persoanele vulnerabile. Efortul trebuie s\u0103 fie comun. Sunt propuneri care vin de la toate partidele, \u00eencerc\u0103m s\u0103 le integr\u0103m \u0219i s\u0103 le introducem \u00een spa\u021biul fiscal pe care \u00eel avem pentru 2026. Este un efort important pe care trebuie s\u0103 \u00eel facem pentru a reduce deficitul cash de la 7,6% \u00een 2025 la 6,2% \u00een acest an. Trat\u0103m cu aten\u021bie toate propunerile, mai ales dac\u0103 au surse de finan\u021bare identificate. Dac\u0103 nu, \u00eencerc\u0103m s\u0103 le identific\u0103m \u00eempreun\u0103.<\/p>\n<p id=\"p-10\">Q: V-a\u021bi f\u0103cut impact bugetar dac\u0103 ar putea fi acordat\u0103 o tran\u0219\u0103 \u00een aprilie \u0219i una \u00een decembrie?<\/p>\n<p id=\"p-11\">A: Vom avea discu\u021bii s\u0103pt\u0103m\u00e2na viitoare. Nu to\u021bi ordonatorii au \u00eenc\u0103rcat \u00een sistem proiec\u021bia de buget. C\u00e2nd o vor face vom face o simulare cu ce spa\u021biu fiscal mai exist\u0103. O parte din m\u0103suri au fost prev\u0103zute, dar pentru m\u0103suri one-off trebuie s\u0103 g\u0103sim surse care s\u0103 nu destabiliz\u0103m echilibrele c\u00e2\u0219tigate cu trud\u0103 \u0219i sacrificii.<\/p>\n<p>Taxa pe colete extra-UE<\/p>\n<p id=\"p-12\">Q: Ce se \u00eent\u00e2mpl\u0103 cu taxa pe colete introdus\u0103 de Rom\u00e2nia, dup\u0103 ce de la 1 iulie se instituie \u0219i o tax\u0103 la nivelul UE, obligatorie? Va fi o dubl\u0103 taxare?\u00a0<\/p>\n<p id=\"p-13\">A: Taxa pe care am introdus-o este una logistic\u0103. Decizia UE a fost luat\u0103 de cur\u00e2nd \u00een ECOFIN. Vom lua o decizie. Nu am discutat \u00eenc\u0103 cu nimeni din coali\u021bie, nici cu prim-ministrul. Vom evalua op\u021biunile. Aceast\u0103 tax\u0103 logistic\u0103 protejeaz\u0103 50-60.000 de antreprenori care vindeau online, c\u0103rora le-a sc\u0103zut cifra de afaceri \u0219i au suferit enorm din cauza invaziei de mici colete din \u021b\u0103ri ter\u021be. Nu am luat o decizie despre ce vom face, cum vom armoniza cele dou\u0103 taxe.<\/p>\n<p>Impactul bugetar al pachetului de relansare<\/p>\n<p id=\"p-14\">Q: Premierul spunea c\u0103 m\u0103surilor vor presupune \u00eent\u00e2i costuri \u0219i efectele se vor vedea. Dvs a\u021bi spus c\u0103 ve\u021bi mitiga costul acestor m\u0103suri prin reforma administrativ\u0103. Impactul de 2,1 miliarde reprezint\u0103 cheltuieli ale statului care se v\u0103d \u00een deficit \u0219i c\u00e2t reprezint\u0103 \u00een PIB?<\/p>\n<p id=\"p-15\">A:\u00a0Vom avea efecte imediate datorit\u0103 m\u0103surilor fiscale, cum ar fi facilitatea privind profitul reinvestit sau amortizarea superaccelerat\u0103, care vor ajuta firmele s\u0103 achizi\u021bioneze echipamente \u00een 2026. Aceste efecte le vom vedea imediat. Dar lu\u0103m \u00een calcul \u0219i calendarul pentru schemele de sus\u021binere, care se vor aproba \u00een 3 luni la nivel de criterii. Proiectele vor trece prin evaluare. Investi\u021biile se vor vedea urm\u00e2nd acest calendar. 2,1-2,2 miliarde lei este impactul \u00een venituri estimat pentru 2026.<\/p>\n<p id=\"p-16\">Q: Statul cheltuie? Are cu 2,2 miliarde mai pu\u021bine venituri, care se vor compensa prin veniturile prin care le c\u00e2\u0219tig\u0103 din reforma administra\u021biei? 2,2 miliarde lei reprezint\u0103 sc\u0103deri de venituri?<\/p>\n<p id=\"p-17\">A: Da, este un impact negativ \u00een venituri de 2,2 miliarde lei, care va fi compensat din pachetul de administra\u021bie. Inten\u021bion\u0103m s\u0103 le adopt\u0103m concomitent.<\/p>\n<p id=\"p-18\">Q: Care este impactul pozitiv de atragere de bani la stat?<\/p>\n<p id=\"p-19\">A: Pachetul de administra\u021bie acoper\u0103 aceste 2,1 miliarde.<\/p>\n<p id=\"p-20\">Q: Dac\u0103 el pic\u0103 la CCR, nu r\u0103m\u00e2nem cu impactul negativ al pachetului de relansare? Nu era ra\u021bional s\u0103 face\u021bi economii \u0219i apoi s\u0103 angaja\u021bi cheltuieli?<\/p>\n<p id=\"p-21\">A: Am luat \u00een calcul toate aceste scenarii. Discu\u021biile vor fi tran\u0219ate \u00een coali\u021bie.<\/p>\n<p id=\"p-22\">Q: Dac\u0103 pachetul privind reforma administra\u021biei publice \u00eent\u00e2rzie sau nu se materializeaz\u0103, ave\u021bi posibilit\u0103\u021bi financiare s\u0103 acoperi\u021bi \u00een acest an impactul bugetar de 2,1 miliarde lei? Urmeaz\u0103 \u0219i pachetul de solidaritate al PSD cu impact de 3,3 miliarde lei\u2026 Premierul Bolojan s-a ar\u0103tat deschis la ajutoare pentru persoane vulnerabile, ceea ce \u00eenseamn\u0103 al\u021bi bani.<\/p>\n<p id=\"p-23\">A: Suntem la momentul \u00een care construim bugetul. Voi prezenta spa\u021biile pe care le avem \u0219i vom lua o decizie. Noi ne-am dori ca m\u0103surile s\u0103 intre \u00een vigoare concomitent \u0219i imediat.<\/p>\n<p>Fonduri europene transformate \u00een lei \u0219i \u021binute la banc\u0103 pentru dob\u00e2nzi<\/p>\n<p id=\"p-24\">Q: Ministerul Energiei a transformat \u00een lei fonduri europene de 1,7 miliarde de euro pe care i-a \u021binut la banc\u0103 pentru dob\u00e2nzi. Situa\u021bia se \u00eent\u00e2mpl\u0103 la mai multe ministere. Ce sume au fost transformate \u00een lei \u0219i depuse \u00een b\u0103nci, ce ministere au f\u0103cut asta, c\u00e2\u021bi bani s-au ob\u021binut din dob\u00e2nzi \u0219i de ce a\u021bi f\u0103cut asta risc\u00e2nd s\u0103 \u00eent\u00e2rzia\u021bi pl\u0103\u021bile c\u0103tre beneficiarii de fonduri europene?<\/p>\n<p id=\"p-25\">A:\u00a0Am cerut informa\u021bii de la Trezorerie \u0219i Ministerul Energiei. Am cerut o \u00eent\u00e2lnire s\u0103 clarific\u0103m aceste aspecte.<\/p>\n<p id=\"p-26\">Q: Este folosit\u0103 practica \u0219i alte ministere?<\/p>\n<p id=\"p-27\">A: Nu am alte semnale.<\/p>\n<p>Durat\u0103 scheme de ajutor \u0219i bonifica\u021bii<\/p>\n<p id=\"p-28\">Q: Din suma de aproape 4 miliarde euro, c\u00e2\u021bi bani sunt pe granturi, c\u00e2\u021bi pe credite fiscale \u0219i pe c\u00e2\u021bi ani se \u00eentind schemele de ajutor \u0219i bonifica\u021biile?<\/p>\n<p id=\"p-29\">A: Schemele pornesc din 2026, se finalizeaz\u0103 \u00een 2032 \u0219i au plafoane maximale. Fiecare are plafon de 100-150 milioane de euro anual. Pe 4 scheme importante, inclusiv schema pentru proiecte strategice, \u00een intervalul p\u00e2n\u0103 \u00een 2032 discut\u0103m de 4 miliarde de euro, dar ace\u0219ti bani vor fi aloca\u021bi anual \u00een func\u021bie de plafoane.<\/p>\n<p id=\"p-30\">Mai sunt resurse pe care le vom mobiliza pe zona de credit fiscal, la materiale critice, dar \u00een toate schemele avem plafoane, avem control strict al modului \u00een care banii sunt cheltui\u021bi an de an.<\/p>\n<p>Neplata primei zile de concediu medical<\/p>\n<p id=\"p-31\">Q: \u00ce\u0219i permite Guvernul s\u0103 renun\u021be la neplata primei zile de concediu medical?<\/p>\n<p id=\"p-32\">A: Proiectul a fost propus de Ministerul S\u0103n\u0103t\u0103\u021bii. Anul trecut am pl\u0103tit cu 2,4 miliarde \u00een plus la concedii medicale, am pl\u0103tit restan\u021be din ultimii 3 ani \u0219i am redus restan\u021bele de la 3 ani la 6 luni. Propunerea a fost adoptat\u0103. C\u00e2nd vom lua o decizie, trebuie analizat, v\u0103zut impactul.<\/p>\n<p>Calendar pentru schemele de ajutor<\/p>\n<p id=\"p-33\">Q: Calendar pentru schemele de ajutor?\u00a0\u00a0<\/p>\n<p id=\"p-34\">A: Avem nevoie de o perioad\u0103 de preg\u0103tire. Dac\u0103 vrem efecte \u00een semestrul 2, trebuie s\u0103 \u00eencepem s\u0103 muncim.<\/p>\n<p>Vouchere de vacan\u021b\u0103 pentru bugetari<\/p>\n<p id=\"p-35\">Q: Vor fi acordate \u00een continuare vouchere de vacan\u021b\u0103 pentru bugetari \u00een 2026?<\/p>\n<p id=\"p-36\">A: Vom anun\u021ba c\u00e2nd avem draftul proiectului de buget.<\/p>\n<p>Materii critice<\/p>\n<p id=\"p-37\">Q: Unde vede\u021bi cel mai mare poten\u021bial pentru Rom\u00e2nia din punct de vedere al materialelor critice, pentru ce industrii poate deveni Rom\u00e2nia furnizoare, \u00een ap\u0103rare?<\/p>\n<p id=\"p-38\">A: Ap\u0103rarea este una dintre industrii. Lista de materii critice cuprinde resurse pe care le avem. Cuprul, de exemplu, avem resurse minerale care trebuie valorificate, nu aveam instrumente pentru a face acest lucru. Am combinat noile tehnologii cu resursele minerale. \u00cen perioada imediat urm\u0103toare vom identifica poten\u021bial interes. \u00cen momentul de fa\u021b\u0103 exist\u0103 interes pe zona de cupru pentru dezvoltare lan\u021burilor de produc\u021bie. Exist\u0103 un proiect important la Ministerul Economiei pentru valorificarea grafitului, acesta poate fi un alt domeniu, este extrem de c\u0103utat la nivel mondial.<\/p>\n<p>Proiecte de infrastructur\u0103<\/p>\n<p id=\"p-39\">Q: Constructorii se confrunt\u0103 cu dificult\u0103\u021bi de finan\u021bare, din partea statului, din partea b\u0103ncilor, ceea ce poate pune \u00een pericol proiectele din PNRR. BID ar putea dezvolta proiecte de garan\u021bii, dar numai dac\u0103 Ministerul Finan\u021belor va considera sectorul construc\u021biilor unul strategic. Ve\u021bi face asta \u0219i cum?<\/p>\n<p id=\"p-40\">A: Ne-am onorat obliga\u021biile fa\u021b\u0103 de constructori \u00een decembrie pl\u0103tind la zi toate programele de la Ministerul Dezvolt\u0103rii: PNRR, PNDL, Anghel Saligny \u0219i CNI. Sunt deschis s\u0103 cre\u0103m instrumente noi, inclusiv \u00een zona BID.<\/p>\n<p>Buget pentru investi\u021bii<\/p>\n<p id=\"p-41\">Q: Ce buget va fi alocat pentru investi\u021bii anul viitor, ce se va \u00eent\u00e2mpla cu investi\u021biile din bugetul na\u021bional, din Anghel Saligny, din CNI, av\u00e2nd \u00een vedere c\u0103 e posibil s\u0103 avem gaur\u0103 de 230 milioane de euro din PNRR?<\/p>\n<p id=\"p-42\">A: Vom prezenta situa\u021bia bugetelor c\u00e2nd prezent\u0103m bugetul.<\/p>\n<p>Cote defalcate pentru prim\u0103rii<\/p>\n<p id=\"p-43\">Q: S-a conturat o solu\u021bie pentru cotele defalcate din impozitul pe venit \u0219i TVA?<\/p>\n<p id=\"p-44\">A: Discu\u021biile continu\u0103 inclusiv s\u0103pt\u0103m\u00e2na viitoare.<\/p>\n<p>Reforma cheltuielilor statului<\/p>\n<p id=\"p-45\">Q: C\u00e2nd va duce statul efortul acestei perioade?<\/p>\n<p id=\"p-46\">A: Eu sper c\u00e2t mai cur\u00e2nd. Pachetul de administra\u021bie era finalizat. C\u00e2t mai cur\u00e2nd vom demara aceste m\u0103suri prin aprobarea pachetului de administra\u021bie, pe care noi \u00eel sus\u021binem din august.<\/p>\n<p id=\"p-47\">Pe l\u00e2ng\u0103 pachetul de administra\u021bie, lupta pentru a economisi, pentru disciplin\u0103 fiscal\u0103, este o lupt\u0103 de zi cu zi. Analiz\u0103m fiecare cheltuial\u0103 \u00een parte, fiecare cerere de aprobare de limite, destina\u021bia sumelor respective, inclusiv creditele de angajament, ca s\u0103 fim siguri c\u0103 ob\u021binem economii. Am f\u0103cut asta timp de \u0219ase luni, a\u021bi v\u0103zut rezultatele de la finalul anului trecut \u0219i vom continua.<\/p>\n<p>Reducere TVA<\/p>\n<p id=\"p-48\">Q: C\u00e2nd ar putea reveni TVA la 19%?<\/p>\n<p id=\"p-49\">A: Mi-a\u0219 dori s\u0103 putem discuta despre acest orizont, s\u0103 avem date din execu\u021bia bugetar\u0103 \u0219i evolu\u021bii privind cre\u0219terea economic\u0103 care s\u0103 ne permit\u0103 s\u0103 discut\u0103m despre acest orizont. Acum ne concentr\u0103m pe construc\u021bia bugetului \u0219i pe execu\u021bie bugetar\u0103 c\u00e2t mai bun\u0103 \u00een 2026. Nu vreau s\u0103 creez a\u0219tept\u0103ri pentru acest orizont. Rom\u00e2nia are de f\u0103cut un efort foarte mare de atingere a \u021bintei de deficit \u00een 2026 \u0219i de ie\u0219ire din procedura de deficit excesiv. Ne-am compl\u0103cut 5 ani \u00een procedura de deficit excesiv \u0219i am pierdut foarte multe oportunit\u0103\u021bi de negociere, de ob\u021binere de finan\u021b\u0103ri, de participare \u00een anumite proiecte strategice. Ne dorim s\u0103 ie\u0219im din procedur\u0103 \u00een 2029-2030 ca s\u0103 putem dep\u0103\u0219i complet aceast\u0103 perioad\u0103, dar trebuie s\u0103 continu\u0103m dincolo de deficit de 6%. Vom face asta stimul\u00e2nd cre\u0219terea economic\u0103, ne ax\u0103m pe cre\u0219tere, pe investi\u021bii noi, care se vor vedea \u00een economie \u0219i vor face mai u\u0219oar\u0103 consolidarea fiscal\u0103. Am p\u0103strat cre\u0219terea economic\u0103, de\u0219i din analize reie\u0219ea c\u0103 consolidarea va avea efect mai dus.<\/p>\n<p>Stimulent pentru pia\u021ba de capital<\/p>\n<p id=\"p-50\">Q: Ajutoare pentru persoane fizice, de 400 euro pe an, care investesc la burs\u0103 sau \u00een Pilonul 3 de pensii?<\/p>\n<p id=\"p-51\">A: Este vorba de un stimulent sub form\u0103 de deducere de 400 de euro pentru plasamente la Burs\u0103, este prins \u00een program. Nu este propunerea PSD, dar este prins\u0103 \u00een program.<\/p>\n<p>Plafonul de deductibilitate pentru multina\u021bionale<\/p>\n<p id=\"p-52\">Q: A\u021bi scos plafonul de 1% deductibilitate pentru multina\u021bionale, m\u0103sur\u0103 cerut\u0103 de OCDE. Este tranzitorie \u0219i ce pune\u021bi \u00een loc?<\/p>\n<p id=\"p-53\">A: A\u0219tept\u0103m ultimul aviz din partea OCDE care ar \u00eenchide subiectele Ministerului de Finan\u021be \u00een raport cu calendarul de aderare. Ne dorim aderarea c\u00e2t mai rapid \u00een 2026, pentru c\u0103 ea va cre\u0219te investi\u021biile, va atrage investitori \u0219i va sc\u0103dea costurile de finan\u021bare pentru Rom\u00e2nia. Suntem \u00een discu\u021bie cu mai mul\u021bi exper\u021bi tehnici de la OCDE. C\u00e2nd vom finaliza discu\u021biile, o s\u0103 facem anun\u021buri.<\/p>\n<p id=\"p-54\">\u0218tirea ini\u021bial\u0103<\/p>\n<p id=\"p-55\">Amintim c\u0103 premierul Ilie Bolojan a anun\u021bat miercuri c\u0103 Guvernul \u00eenchide m\u0103surile de ajustare bugetar\u0103 \u0219i \u00eencepe s\u0103 lucreze la m\u0103surile care duc la relansare economic\u0103.<\/p>\n<p id=\"p-56\">Potrivit lui, pachetul de relansare con\u021bine solu\u021bii de credite fiscale pentru companii, m\u0103suri de amortizare accelerat\u0103 pentru achizi\u021bia de utilaje, scheme de sprijin pentru investi\u021biile mari, pentru zonele unde avem deficite comerciale, pentru zonele unde pot fi stimulate exporturile \u0219i scheme de garan\u021bii prin Banca de Investi\u021bii \u0219i Dezvoltare.<\/p>\n<p id=\"p-57\">C\u00e2teva modific\u0103ri anun\u021bate de ministrul Finan\u021belor Alexandru Nazare:<\/p>\n<ol>\n<li>Introducere credit fiscal pentru cercetare, scheme de sus\u021binere pentru cercetare \u0219i tehnologie<\/li>\n<li>Schem\u0103 de sus\u021binere pe fonduri europene pentru industria de ap\u0103rare<\/li>\n<li>Amortizare super-accelerat\u0103 de la 50% la 65% pentru echipamente \u0219i investi\u021bii<\/li>\n<li>Cre\u0219te atractivitatea facilit\u0103\u021bii de profit reinvestit, inclusiv prin a folosi amortizarea accelerat\u0103 simpl\u0103 \u00een facilitatea de profit reinvestit<\/li>\n<li>Pentru micro\u00eentreprinderi, \u201etermenul de angajare a acelui unic angajat era prea scurt. Din 30 de zile, facem 90 de zile\u201d.<\/li>\n<li>\u201eOdat\u0103 ce treceai de plafon, \u00ee\u021bi pierdeai statutul de micro\u00eentreprindere \u0219i nu te mai puteai \u00eentoarce s\u0103 reiei statutul. At\u00e2ta timp c\u00e2t plafonul a fost deja redus la 100.000 euro, nu f\u0103cea sens lucru. Am introdus posibilitatea ca atunci c\u00e2nd re\u00eendepline\u0219ti condi\u021biile, s\u0103 te po\u021bi \u00eentoarce la statutul de micro\u201d.<\/li>\n<li>\u201eLa v\u00e2nzarea unor imobiliz\u0103ri, din cauza v\u00e2nz\u0103rii pierdeai statutul de micro\u00eentreprindere pentru c\u0103 acea v\u00e2nzare se introducea \u00een plafon. Permitem imobilizarea unei imobiliz\u0103ri pe an care s\u0103 nu fie introdus\u0103 \u00een plafon astfel \u00eenc\u00e2t s\u0103 nu-\u0219i piard\u0103 statutul de micro doar dintr-o singur\u0103 v\u00e2nzare\u201d.<\/li>\n<li>Se regleaz\u0103 problema cu concediile medicale. Dac\u0103 un angajat era \u00een 30 de zile \u00een concediu medical, pierdeai statutul de micro\u00eentreprindere.<\/li>\n<li>Se revine cu bonifica\u021bia de 3% pentru companii.<\/li>\n<li>Se introduce o bonifica\u021bie pentru persoanele fizice care pl\u0103tesc \u00een avans.<\/li>\n<\/ol>\n","protected":false},"excerpt":{"rendered":"Ministrul Finan\u021belor Alexandru Nazare va anun\u021ba \u0219i detalia m\u0103surile din planul de relansare, joi, \u00eentr-o conferin\u021b\u0103 de pres\u0103,&hellip;\n","protected":false},"author":2,"featured_media":107696,"comment_status":"","ping_status":"","sticky":false,"template":"","format":"standard","meta":{"footnotes":""},"categories":[5],"tags":[32,33,31,36,37,27,34,35,6296,34222,34223,25,41,40,38,39,26,28,29,30],"class_list":{"0":"post-107695","1":"post","2":"type-post","3":"status-publish","4":"format-standard","5":"has-post-thumbnail","7":"category-titluri","8":"tag-breaking-news","9":"tag-breakingnews","10":"tag-cele-mai-populare-subiecte","11":"tag-featured-news","12":"tag-featurednews","13":"tag-headlines","14":"tag-latest-news","15":"tag-latestnews","16":"tag-masuri-fiscale","17":"tag-masuri-fiscale-relansare","18":"tag-masuri-fiscale-relansare-economica","19":"tag-news","20":"tag-ro","21":"tag-romana","22":"tag-romania","23":"tag-romanian","24":"tag-stiri","25":"tag-titluri","26":"tag-top-stories","27":"tag-topstories"},"share_on_mastodon":{"url":"https:\/\/pubeurope.com\/@ro\/116021051075202074","error":""},"_links":{"self":[{"href":"https:\/\/www.europesays.com\/ro\/wp-json\/wp\/v2\/posts\/107695","targetHints":{"allow":["GET"]}}],"collection":[{"href":"https:\/\/www.europesays.com\/ro\/wp-json\/wp\/v2\/posts"}],"about":[{"href":"https:\/\/www.europesays.com\/ro\/wp-json\/wp\/v2\/types\/post"}],"author":[{"embeddable":true,"href":"https:\/\/www.europesays.com\/ro\/wp-json\/wp\/v2\/users\/2"}],"replies":[{"embeddable":true,"href":"https:\/\/www.europesays.com\/ro\/wp-json\/wp\/v2\/comments?post=107695"}],"version-history":[{"count":0,"href":"https:\/\/www.europesays.com\/ro\/wp-json\/wp\/v2\/posts\/107695\/revisions"}],"wp:featuredmedia":[{"embeddable":true,"href":"https:\/\/www.europesays.com\/ro\/wp-json\/wp\/v2\/media\/107696"}],"wp:attachment":[{"href":"https:\/\/www.europesays.com\/ro\/wp-json\/wp\/v2\/media?parent=107695"}],"wp:term":[{"taxonomy":"category","embeddable":true,"href":"https:\/\/www.europesays.com\/ro\/wp-json\/wp\/v2\/categories?post=107695"},{"taxonomy":"post_tag","embeddable":true,"href":"https:\/\/www.europesays.com\/ro\/wp-json\/wp\/v2\/tags?post=107695"}],"curies":[{"name":"wp","href":"https:\/\/api.w.org\/{rel}","templated":true}]}}