{"id":120028,"date":"2026-02-23T07:03:04","date_gmt":"2026-02-23T07:03:04","guid":{"rendered":"https:\/\/www.europesays.com\/ro\/120028\/"},"modified":"2026-02-23T07:03:04","modified_gmt":"2026-02-23T07:03:04","slug":"unitatile-arctice-ale-rusiei-au-fost-grav-afectate-in-ucraina-nato-se-pregateste-insa-pentru-o-revenire-periculoasa-a-acestora","status":"publish","type":"post","link":"https:\/\/www.europesays.com\/ro\/120028\/","title":{"rendered":"Unit\u0103\u021bile arctice ale Rusiei au fost grav afectate \u00een Ucraina. NATO se preg\u0103te\u0219te \u00eens\u0103 pentru o revenire \u201epericuloas\u0103\u201d a acestora"},"content":{"rendered":"<p>For\u021bele ruse retrase din Arctica pentru a lupta \u00een Ucraina au suferit pierderi semnificative pe c\u00e2mpul de lupt\u0103. Cu toate acestea, NATO se a\u0219teapt\u0103 ca Moscova s\u0103 \u00ee\u0219i reconstruiasc\u0103 \u00een timp capacit\u0103\u021bile militare din nord, ceea ce ar putea reprezenta o provocare \u201epericuloas\u0103\u201d, a declarat un oficial militar norvegian de rang \u00eenalt pentru Business Insider.<\/p>\n<p>\t\t\t<img fetchpriority=\"high\" decoding=\"async\" src=\"https:\/\/www.europesays.com\/ro\/wp-content\/uploads\/2026\/02\/1771830184_145_index.jpeg\" alt=\"For\u021be ruse \u00een Arctica\/FOTO:X\" width=\"1400\" height=\"750\" loading=\"eager\" class=\"svelte-h45upf\"\/><\/p>\n<p>For\u021be ruse \u00een Arctica\/FOTO:X<\/p>\n<p>Viceamiralul Rune Andersen, \u0219eful Cartierului General \u00centrunit al Norvegiei, a afirmat c\u0103 \u00een prezent nu exist\u0103 \u201eo amenin\u021bare militar\u0103 clar\u0103 \u0219i imediat\u0103\u201d din partea Rusiei \u00een regiunea arctic\u0103. Totu\u0219i, el a avertizat c\u0103 Moscova are planuri de a-\u0219i reface \u0219i extinde for\u021bele dup\u0103 \u00eencheierea r\u0103zboiului din Ucraina.<\/p>\n<p>\u201eNe preg\u0103tim pentru o Rusie mai periculoas\u0103\u201d, a spus acesta, subliniind c\u0103 NATO trebuie s\u0103 foloseasc\u0103 actualul context pentru a-\u0219i consolida ap\u0103rarea.<\/p>\n<p>\t\t\tO regiune strategic\u0103 tot mai disputat\u0103<\/p>\n<p>Securitatea \u00een Arctica a devenit, \u00een ultimii ani, o prioritate pentru Alian\u021ba Nord-Atlantic\u0103. Oficialii occidentali \u0219i-au exprimat \u00eengrijorarea fa\u021b\u0103 de extinderea prezen\u021bei militare ruse \u00een aceast\u0103 regiune strategic\u0103, esen\u021bial\u0103 pentru rutele maritime, resursele naturale \u0219i descurajarea nuclear\u0103.<\/p>\n<p>Conducerea NATO a cerut investi\u021bii sporite \u00een ap\u0103rarea arctic\u0103 pentru a contracara activit\u0103\u021bile Rusiei \u2014 \u0219i, mai recent, ale Chinei. Statele aliate \u0219i-au intensificat opera\u021biunile de descurajare \u00een nordul \u00eendep\u0103rtat, cunoscut drept \u201eHigh North\u201d.<\/p>\n<p>\u00cen ciuda tensiunilor cresc\u00e2nde, un conflict iminent \u00een Arctica nu pare probabil \u00een acest moment. Rusia r\u0103m\u00e2ne concentrat\u0103 asupra r\u0103zboiului din Ucraina, un conflict care a implicat costuri umane \u0219i materiale considerabile.<\/p>\n<p>Potrivit lui Andersen, Moscova a retras o mare parte din for\u021bele sta\u021bionate \u00een Peninsula Kola \u2014 o zon\u0103 strategic\u0103 situat\u0103 \u00een apropierea Finlandei \u0219i un centru esen\u021bial pentru flota \u0219i infrastructura nuclear\u0103 ruseasc\u0103 din Arctica \u2014 pentru a le trimite pe frontul ucrainean. Numero\u0219i militari au fost uci\u0219i \u00een lupte.<\/p>\n<p>\u201eRusia este blocat\u0103 \u00een Ucraina\u201d, a declarat oficialul norvegian.<\/p>\n<p>\t\t\tCapacit\u0103\u021bi diminuate, dar nu definitiv<\/p>\n<p>Un raport publicat s\u0103pt\u0103m\u00e2na aceasta de RAND Corporation arat\u0103 c\u0103 decizia Rusiei de a redirec\u021biona resurse din nord c\u0103tre Ucraina a dus la \u201egolirea de con\u021binut\u201d a unit\u0103\u021bilor terestre specializate pentru opera\u021biuni \u00een Arctica.<\/p>\n<p>Exper\u021bii avertizeaz\u0103 \u00eens\u0103 c\u0103, odat\u0103 cu \u00eencheierea ostilit\u0103\u021bilor din Ucraina, Moscova ar putea reinvesti rapid \u00een postura sa militar\u0103 din nordul \u00eendep\u0103rtat.<\/p>\n<p>\u0218i Center for Strategic and International Studies a semnalat, \u00een analize anterioare, consolidarea treptat\u0103 a infrastructurii militare ruse \u00een Arctica, inclusiv modernizarea bazelor din epoca sovietic\u0103, cre\u0219terea patrulelor aeriene \u0219i maritime \u0219i desf\u0103\u0219urarea de sisteme de ap\u0103rare antirachet\u0103.<\/p>\n<p>\t\t\tNATO \u00ee\u0219i consolideaz\u0103 pozi\u021bia \u00een nord<\/p>\n<p>Pentru \u021b\u0103ri precum Norvegia, prezen\u021ba militar\u0103 rus\u0103 \u00een Arctica reprezint\u0103 o preocupare direct\u0103. \u00cencep\u00e2nd cu anii 2000, Rusia a reactivat mai multe baze din perioada sovietic\u0103 \u0219i a intensificat desf\u0103\u0219ur\u0103rile de submarine din Peninsula Kola, potrivit oficialilor norvegieni.<\/p>\n<p>\u00cen prezent, planificatorii militari ai NATO consider\u0103 c\u0103 exist\u0103 o fereastr\u0103 de oportunitate pentru consolidarea ap\u0103r\u0103rii \u00een regiune.<\/p>\n<p>\u201eSuntem \u00eentr-un moment \u00een care avem ocazia s\u0103 ne \u00eent\u0103rim\u201d, a spus Andersen.<\/p>\n<p>Statele aliate investesc \u00een tehnologii adaptate mediului arctic, inclusiv \u00een sisteme suplimentare de supraveghere, sp\u0103rg\u0103toare de ghea\u021b\u0103, drone, sateli\u021bi \u0219i vehicule capabile s\u0103 opereze \u00een condi\u021bii extreme de frig.<\/p>\n<p>Totodat\u0103, NATO \u0219i-a extins prezen\u021ba \u0219i amploarea exerci\u021biilor \u00een regiune, pentru a preg\u0103ti trupele pentru condi\u021biile dure din nord, unde temperaturile sc\u0103zute \u0219i liniile de aprovizionare fragmentate pot reprezenta riscuri la fel de mari ca adversarul.<\/p>\n<p>Luna viitoare, mii de militari alia\u021bi vor participa la exerci\u021biul bienal Cold Response, organizat \u00een nordul Norvegiei. Scopul acestor manevre este preg\u0103tirea pentru opera\u021biuni de lupt\u0103 de intensitate ridicat\u0103 \u00een mediul arctic \u2014 competen\u021be considerate esen\u021biale \u00een eventualitatea \u00een care Rusia \u00ee\u0219i va reconstrui for\u021bele \u00een regiune.<\/p>\n<p>\u201eTrebuie s\u0103 te antrenezi aici pentru a putea lupta aici\u201d, a concluzionat Andersen. \u201e\u00cen termeni practici, doar trupele care au aceast\u0103 preg\u0103tire \u0219i acest echipament sunt relevante \u00een Arctica.\u201d<\/p>\n","protected":false},"excerpt":{"rendered":"For\u021bele ruse retrase din Arctica pentru a lupta \u00een Ucraina au suferit pierderi semnificative pe c\u00e2mpul de lupt\u0103.&hellip;\n","protected":false},"author":2,"featured_media":120029,"comment_status":"","ping_status":"","sticky":false,"template":"","format":"standard","meta":{"footnotes":"","_share_on_mastodon":"0"},"categories":[12],"tags":[32,33,31,36,37,27,74,34,35,44,25,287,36914,41,40,38,39,288,26,28,29,30,36913,71,72,73],"class_list":["post-120028","post","type-post","status-publish","format-standard","has-post-thumbnail","category-international","tag-breaking-news","tag-breakingnews","tag-cele-mai-populare-subiecte","tag-featured-news","tag-featurednews","tag-headlines","tag-international","tag-latest-news","tag-latestnews","tag-nato","tag-news","tag-razboi-ucraina","tag-refacere","tag-ro","tag-romana","tag-romania","tag-romanian","tag-rusia-invazie","tag-stiri","tag-titluri","tag-top-stories","tag-topstories","tag-unitti-arctice","tag-world","tag-world-news","tag-worldnews"],"share_on_mastodon":{"url":"https:\/\/pubeurope.com\/@ro\/116118670706655653","error":""},"_links":{"self":[{"href":"https:\/\/www.europesays.com\/ro\/wp-json\/wp\/v2\/posts\/120028","targetHints":{"allow":["GET"]}}],"collection":[{"href":"https:\/\/www.europesays.com\/ro\/wp-json\/wp\/v2\/posts"}],"about":[{"href":"https:\/\/www.europesays.com\/ro\/wp-json\/wp\/v2\/types\/post"}],"author":[{"embeddable":true,"href":"https:\/\/www.europesays.com\/ro\/wp-json\/wp\/v2\/users\/2"}],"replies":[{"embeddable":true,"href":"https:\/\/www.europesays.com\/ro\/wp-json\/wp\/v2\/comments?post=120028"}],"version-history":[{"count":0,"href":"https:\/\/www.europesays.com\/ro\/wp-json\/wp\/v2\/posts\/120028\/revisions"}],"wp:featuredmedia":[{"embeddable":true,"href":"https:\/\/www.europesays.com\/ro\/wp-json\/wp\/v2\/media\/120029"}],"wp:attachment":[{"href":"https:\/\/www.europesays.com\/ro\/wp-json\/wp\/v2\/media?parent=120028"}],"wp:term":[{"taxonomy":"category","embeddable":true,"href":"https:\/\/www.europesays.com\/ro\/wp-json\/wp\/v2\/categories?post=120028"},{"taxonomy":"post_tag","embeddable":true,"href":"https:\/\/www.europesays.com\/ro\/wp-json\/wp\/v2\/tags?post=120028"}],"curies":[{"name":"wp","href":"https:\/\/api.w.org\/{rel}","templated":true}]}}