{"id":126090,"date":"2026-03-03T14:18:14","date_gmt":"2026-03-03T14:18:14","guid":{"rendered":"https:\/\/www.europesays.com\/ro\/126090\/"},"modified":"2026-03-03T14:18:14","modified_gmt":"2026-03-03T14:18:14","slug":"lenovo-lanseaza-oficial-idea-tab-pro-gen-2","status":"publish","type":"post","link":"https:\/\/www.europesays.com\/ro\/126090\/","title":{"rendered":"Lenovo lanseaz\u0103 oficial Idea Tab Pro Gen 2"},"content":{"rendered":"<p><img data-od-unknown-tag=\"\" data-od-xpath=\"\/HTML\/BODY\/DIV[@id='td-outer-wrap']\/*[2][self::DIV]\/*[2][self::DIV]\/*[1][self::DIV]\/*[1][self::ARTICLE]\/*[1][self::DIV]\/*[1][self::DIV]\/*[3][self::DIV]\/*[1][self::DIV]\/*[2][self::DIV]\/*[2][self::DIV]\/*[5][self::DIV]\/*[3][self::DIV]\/*[1][self::DIV]\/*[1][self::FIGURE]\/*[1][self::IMG]\" fetchpriority=\"high\" decoding=\"async\" width=\"940\" height=\"525\" src=\"https:\/\/www.europesays.com\/ro\/wp-content\/uploads\/2026\/03\/lep2.jpg\" alt=\"Idea Tab Pro Gen 2\" class=\"wp-image-112709\"  \/><\/p>\n<p>Este vorba despre o tablet\u0103 high-end care se preteaz\u0103 pentru activit\u0103\u021bi din zona de academic \u0219i de office. Are \u0219i c\u00e2teva accesorii compatibile dedicate acestor activit\u0103\u021bi. Parte din ele se achizi\u021bioneaz\u0103 separat, unele vin incluse \u00een pachetu standard.<\/p>\n<p>Este echipat\u0103 cu un display mare, cu diagonal\u0103 de 13 inchi. Un panel LCD cu rezolu\u021bie de 3540 x 2190 pixeli (aspect ratio 16:10), rat\u0103 de refresh de 144 Hz \u0219i o luminozitate de top ce ajunge la 800 ni\u021bi. Zona de multimedia este completat\u0103 de un sistem de patru difuzoare stereo JBL.<\/p>\n<p><img loading=\"lazy\" data-od-unknown-tag=\"\" data-od-xpath=\"\/HTML\/BODY\/DIV[@id='td-outer-wrap']\/*[2][self::DIV]\/*[2][self::DIV]\/*[1][self::DIV]\/*[1][self::ARTICLE]\/*[1][self::DIV]\/*[1][self::DIV]\/*[3][self::DIV]\/*[1][self::DIV]\/*[2][self::DIV]\/*[2][self::DIV]\/*[5][self::DIV]\/*[3][self::DIV]\/*[4][self::DIV]\/*[1][self::FIGURE]\/*[1][self::IMG]\" decoding=\"async\" width=\"1024\" height=\"683\" src=\"https:\/\/www.europesays.com\/ro\/wp-content\/uploads\/2026\/03\/lep1-1024x683.jpg\" alt=\"\" class=\"wp-image-112710\"  \/><\/p>\n<p>La nivel de nucleu hardware, Lenovo Idea Tab Pro Gen 2 se bazeaz\u0103 pe un chipset Snapdragon 8s Gen 4 de la Qualcomm. Procesorul ruleaz\u0103 \u00een combina\u021bie cu o memorie RAM de 8 GB. Capacitatea intern\u0103 de stocare este de doar 128 GB, dar poate fi extins\u0103 cu ajutorul unui card microSD. Autonomia este asigurat\u0103 de un acumulator cu capacitatea de 10.200 mAh. Acesta poate fi \u00eenc\u0103rcat cu p\u00e2n\u0103 la 45W.<\/p>\n<p>Sistemul de operare este direct Android 16. Compania chinez\u0103 promite dou\u0103 upgrade-uri majore pentru acesta, precum \u0219i patru ani de suport pe partea de securitate.<\/p>\n<p>A\u0219a cum am spus, exist\u0103 \u0219i accesorii dedicate. O carcas\u0103 Folio Case \u0219i un Pen\/Stylus compatibil vor fi incluse \u00een pachetul standard.<\/p>\n<p>Idea Tab Pro Gen 2 va veni \u00een ofertele partenerilor undeva luna viitoare. \u0218i va avea un pre\u021b de v\u00e2nzare de 550 euro. <\/p>\n<p>via <a href=\"https:\/\/www.gsmarena.com\/lenovo_unveils_rugged_thinktab_x11_with_batteryless_mode_idea_tab_pro_gen_2_with_sd_8s_gen_4-news-71777.php\" target=\"_blank\" rel=\"noreferrer noopener nofollow\">GSM Arena<\/a><\/p>\n","protected":false},"excerpt":{"rendered":"Este vorba despre o tablet\u0103 high-end care se preteaz\u0103 pentru activit\u0103\u021bi din zona de academic \u0219i de office.&hellip;\n","protected":false},"author":2,"featured_media":126091,"comment_status":"","ping_status":"","sticky":false,"template":"","format":"standard","meta":{"footnotes":"","_share_on_mastodon":"0"},"categories":[16],"tags":[38331,9952,41,40,38,39,141,124],"class_list":["post-126090","post","type-post","status-publish","format-standard","has-post-thumbnail","category-tehnologie","tag-idea-tab-pro-gen-2","tag-lenovo","tag-ro","tag-romana","tag-romania","tag-romanian","tag-technology","tag-tehnologie"],"share_on_mastodon":{"url":"https:\/\/pubeurope.com\/@ro\/116165679741380171","error":""},"_links":{"self":[{"href":"https:\/\/www.europesays.com\/ro\/wp-json\/wp\/v2\/posts\/126090","targetHints":{"allow":["GET"]}}],"collection":[{"href":"https:\/\/www.europesays.com\/ro\/wp-json\/wp\/v2\/posts"}],"about":[{"href":"https:\/\/www.europesays.com\/ro\/wp-json\/wp\/v2\/types\/post"}],"author":[{"embeddable":true,"href":"https:\/\/www.europesays.com\/ro\/wp-json\/wp\/v2\/users\/2"}],"replies":[{"embeddable":true,"href":"https:\/\/www.europesays.com\/ro\/wp-json\/wp\/v2\/comments?post=126090"}],"version-history":[{"count":0,"href":"https:\/\/www.europesays.com\/ro\/wp-json\/wp\/v2\/posts\/126090\/revisions"}],"wp:featuredmedia":[{"embeddable":true,"href":"https:\/\/www.europesays.com\/ro\/wp-json\/wp\/v2\/media\/126091"}],"wp:attachment":[{"href":"https:\/\/www.europesays.com\/ro\/wp-json\/wp\/v2\/media?parent=126090"}],"wp:term":[{"taxonomy":"category","embeddable":true,"href":"https:\/\/www.europesays.com\/ro\/wp-json\/wp\/v2\/categories?post=126090"},{"taxonomy":"post_tag","embeddable":true,"href":"https:\/\/www.europesays.com\/ro\/wp-json\/wp\/v2\/tags?post=126090"}],"curies":[{"name":"wp","href":"https:\/\/api.w.org\/{rel}","templated":true}]}}