{"id":126298,"date":"2026-03-03T21:03:09","date_gmt":"2026-03-03T21:03:09","guid":{"rendered":"https:\/\/www.europesays.com\/ro\/126298\/"},"modified":"2026-03-03T21:03:09","modified_gmt":"2026-03-03T21:03:09","slug":"video-u-cluj-hermannstadt-2-1-sepcile-rosii-au-intors-scorul-si-s-au-calificat-in-semifinalele-cupei-romaniei","status":"publish","type":"post","link":"https:\/\/www.europesays.com\/ro\/126298\/","title":{"rendered":"Video | \u201dU\u201d Cluj &#8211; Hermannstadt 2-1. \u201d\u0218epcile Ro\u0219ii\u201d au \u00eentors scorul \u0219i s-au calificat \u00een semifinalele Cupei Rom\u00e2niei"},"content":{"rendered":"\n<ul class=\"bullets\">\n<li>\n<p>Cupa Rom\u00e2niei: FC Arge\u0219 &#8211; Gloria Bistri\u021ba, miercuri, 17:30, DGS 1<\/p>\n<\/li>\n<li>\n<p>Cupa Rom\u00e2niei: Univ. Craiova &#8211; CFR Cluj, miercuri, 20:30, DGS 1<\/p>\n<\/li>\n<\/ul>\n<p>Pentru \u201d\u0218epcile Ro\u0219ii\u201d au \u00eenscris Oucasse Mendy (minutul 73) \u0219i Issouf Macalou (81), \u00een timp ce pentru sibieni a marcat Moonga Simba (minutul 52).\u00a0<\/p>\n<p>\u201dU\u201d Cluj &#8211; Hermannstadt 2-1. \u201d\u0218epcile Ro\u0219ii\u201d s-au calificat \u00een semifinalele Cupei Rom\u00e2niei<\/p>\n<p>Prima ocazie a partidei le-a apar\u021binut \u201d\u0218epcilor Ro\u0219ii\u201d \u00een minutul 14,<a href=\"https:\/\/www.digisport.ro\/fotbal\/cupa-romaniei\/omar-el-sawy-a-fost-desfigurat-arata-ca-dupa-o-bataie-in-parc-4118351\" target=\"_blank\" rel=\"noopener nofollow\" data-skip-linkfix=\"1\"> c\u00e2nd El Sawy a \u0219utat<\/a> \u00een blocajul lui David Lazar din c\u00e2\u021biva metri.\u00a0<\/p>\n<p>Tot gazdele au fost aproape, de aceast\u0103 dat\u0103 \u00een dou\u0103 r\u00e2nduri, de gol \u00een minutul 42, dar El Sawy \u0219i Bic au trecut pe l\u00e2ng\u0103 gol.\u00a0<\/p>\n<p>Oaspe\u021bii de la Hermannstadt ar fi putut beneficia de o lovitur\u0103 de la 11 metri \u00een minutul 45+1, dar cei din camera VAR au decis s\u0103 nu sanc\u021bioneze hen\u021bul comis \u00een careu de Alin Chinte\u0219.<\/p>\n<p> <a href=\"https:\/\/www.digisport.ro\/special\/aboneaza-te-la-canalul-de-whatsapp-digi-sport-si-afla-primul-cele-mai-importante-stiri-ale-zilei-din-sport-2686297\" target=\"_blank\" rel=\"noopener nofollow\"> <img decoding=\"async\" src=\"https:\/\/www.europesays.com\/ro\/wp-content\/uploads\/2026\/03\/1772399829_714_YXNoPTlmMDRmYWU3ZWMyYWQxMjEyMDczYWNmMWNkYTQ4ZDk5.jpg\"\/> <\/a><\/p>\n<p>Cei care au dat lovitura \u0219i au deschis scorul au fost sibienii, \u00een minutul 52, c\u00e2nd Simba \u201dl-a executat\u201d pe Gertmonas cu un \u0219ut pe jos, plasat.\u00a0<\/p>\n<p>\u00cens\u0103, imediat, \u201dU\u201d Cluj a trecut la conducerea jocului \u0219i a reu\u0219it p\u00e2n\u0103 la final s\u0103 \u00eentoarc\u0103 soarta calific\u0103rii prin golurile superbe marcate de Oucasse Mendy \u0219i Issouf Macalou.\u00a0<\/p>\n<p>Dup\u0103 ce a trecut de Hermannstadt, \u201dU\u201d Cluj o va \u00eenfrunta \u00een semifinalele Cupei Rom\u00e2niei pe \u00eenving\u0103toarea din duelul FC Arge\u0219 &#8211; Gloria Bistri\u021ba.<\/p>\n<ul>\n<li>Partida dintre FC Arge\u0219 \u0219i Bistri\u021ba este programat\u0103 pe 4 martie (miercuri), de la 17:30, \u00een direct pe Digi Sport 1. De asemenea, abona\u021bii Digi Rom\u00e2nia vor putea urm\u0103ri partida pe aplica\u021bia Digi Sport \u0219i pe site-ul digisport.ro<\/li>\n<\/ul>\n<p>VIDEO Rezumat \u201dU\u201d Cluj &#8211; Hermannstadt, scor 2-1   <\/p>\n<p>  Etichete:  <a href=\"https:\/\/www.digisport.ro\/eticheta\/u-cluj\" rel=\"nofollow noopener\" target=\"_blank\">u cluj<\/a> , <a href=\"https:\/\/www.digisport.ro\/eticheta\/semifinale\" rel=\"nofollow noopener\" target=\"_blank\">semifinale<\/a> , <a href=\"https:\/\/www.digisport.ro\/eticheta\/cupa-romaniei\" rel=\"nofollow noopener\" target=\"_blank\">cupa romaniei<\/a> , <a href=\"https:\/\/www.digisport.ro\/eticheta\/sferturi\" rel=\"nofollow noopener\" target=\"_blank\">sferturi<\/a> , <a href=\"https:\/\/www.digisport.ro\/eticheta\/hermannstadt\" rel=\"nofollow noopener\" target=\"_blank\">hermannstadt<\/a>   <\/p>\n<p>Urm\u0103re\u0219te \u0219tirile digisport.ro \u0219i pe <a href=\"https:\/\/news.google.com\/publications\/CAAiENr1L9HFNMG5hpp5zTfVtpsqFAgKIhDa9S_RxTTBuYaaec031bab?ceid=RO:ro&amp;oc=3\" target=\"_blank\" rel=\"external nofollow noopener\">Google News<\/a><\/p>\n<p>   Noua Aplica\u0163ie Digi Sport poate fi desc\u0103rcat\u0103 din   <\/p>\n","protected":false},"excerpt":{"rendered":"Cupa Rom\u00e2niei: FC Arge\u0219 &#8211; Gloria Bistri\u021ba, miercuri, 17:30, DGS 1 Cupa Rom\u00e2niei: Univ. Craiova &#8211; CFR Cluj,&hellip;\n","protected":false},"author":2,"featured_media":126299,"comment_status":"","ping_status":"","sticky":false,"template":"","format":"standard","meta":{"footnotes":"","_share_on_mastodon":"0"},"categories":[20],"tags":[3183,190,41,40,38,39,8297,10251,185,184,440],"class_list":["post-126298","post","type-post","status-publish","format-standard","has-post-thumbnail","category-sport","tag-cupa-romaniei","tag-hermannstadt","tag-ro","tag-romana","tag-romania","tag-romanian","tag-semifinale","tag-sferturi","tag-sport","tag-sports","tag-u-cluj"],"share_on_mastodon":{"url":"https:\/\/pubeurope.com\/@ro\/116167272377675097","error":""},"_links":{"self":[{"href":"https:\/\/www.europesays.com\/ro\/wp-json\/wp\/v2\/posts\/126298","targetHints":{"allow":["GET"]}}],"collection":[{"href":"https:\/\/www.europesays.com\/ro\/wp-json\/wp\/v2\/posts"}],"about":[{"href":"https:\/\/www.europesays.com\/ro\/wp-json\/wp\/v2\/types\/post"}],"author":[{"embeddable":true,"href":"https:\/\/www.europesays.com\/ro\/wp-json\/wp\/v2\/users\/2"}],"replies":[{"embeddable":true,"href":"https:\/\/www.europesays.com\/ro\/wp-json\/wp\/v2\/comments?post=126298"}],"version-history":[{"count":0,"href":"https:\/\/www.europesays.com\/ro\/wp-json\/wp\/v2\/posts\/126298\/revisions"}],"wp:featuredmedia":[{"embeddable":true,"href":"https:\/\/www.europesays.com\/ro\/wp-json\/wp\/v2\/media\/126299"}],"wp:attachment":[{"href":"https:\/\/www.europesays.com\/ro\/wp-json\/wp\/v2\/media?parent=126298"}],"wp:term":[{"taxonomy":"category","embeddable":true,"href":"https:\/\/www.europesays.com\/ro\/wp-json\/wp\/v2\/categories?post=126298"},{"taxonomy":"post_tag","embeddable":true,"href":"https:\/\/www.europesays.com\/ro\/wp-json\/wp\/v2\/tags?post=126298"}],"curies":[{"name":"wp","href":"https:\/\/api.w.org\/{rel}","templated":true}]}}