{"id":133310,"date":"2026-03-12T13:47:08","date_gmt":"2026-03-12T13:47:08","guid":{"rendered":"https:\/\/www.europesays.com\/ro\/133310\/"},"modified":"2026-03-12T13:47:08","modified_gmt":"2026-03-12T13:47:08","slug":"in-tribune-la-real-madrid","status":"publish","type":"post","link":"https:\/\/www.europesays.com\/ro\/133310\/","title":{"rendered":"\u00cen tribune la Real Madrid"},"content":{"rendered":"<p>\n            Articol de <a rel=\"author nofollow noopener\" href=\"https:\/\/www.gsp.ro\/autor\/andra-mocanu-3954.html\" target=\"_blank\">Andra Mocanu<\/a>            &#8211; Publicat joi, 12 martie 2026,  12:08            \/ Actualizat joi, 12 martie 2026 15:10                    <\/p>\n<p>Corina Caragea, prezentatoarea \u0219tirilor sportive de la Pro TV, \u0219i-a petrecut ultimele zile la Madrid. A asistat la dou\u0103 victorii fantastice ob\u021binute de Atletico \u0219i de Real \u00een Liga Campionilor. <\/p>\n<p class=\"do-not-hide\">Reprezentantele Madridului \u00een Liga Campionilor au dat recital \u00eempotriva adversarelor din Premier League. Mar\u021bi, Atletico a spulberat-o pe Tottenham cu scorul de 5-2. Radu Dr\u0103gu\u0219in a fost rezerv\u0103 neutilizat\u0103. <\/p>\n<p class=\"do-not-hide\">Miercuri, Real Madrid a produs surpriza \u00een fa\u021ba lui Manchester City. Un 3-0 categoric care r\u0103stoarn\u0103 calculele calific\u0103rii \u00een sferturile de final\u0103. <\/p>\n<p>GALERIE FOTO. Corina Caragea, imagini de la cele dou\u0103 victorii ale Madridului \u00een Liga Campionilor<\/p>\n<p>                    <a href=\"https:\/\/www.gsp.ro\/gsp-special\/stiri-extrasport\/corina-caragea-2024-747064-galerie-foto-pic-1713471.html?sourcearticle=916024\" class=\"thumb gallery-in-article__main\" rel=\"nofollow noopener\" target=\"_blank\"><br \/>\n                        <img decoding=\"async\" src=\"https:\/\/www.europesays.com\/ro\/wp-content\/uploads\/2026\/03\/3e1f96d6-f07b-4bdc-b97c-b03bfac1da29.jpg\" class=\"wow fadeIn\" alt=\"Corina Caragea, la Madrid, pentru Liga Campionilor\" width=\"375\" height=\"250\" loading=\"lazy\"\/><\/p>\n<p>                    <\/a><\/p>\n<p>Jurnalista Corina Caragea, prezentatoarea \u0219tirilor sportive de la Pro TV, a fost prezent\u0103 pe stadion la ambele partide. Miercuri, a avut \u0219ansa s\u0103 \u00eel aib\u0103 vecin de sector pe Leonardo Bonucci, fostul mare funda\u0219 central al lui Juventus, campion european cu Italia. <\/p>\n<p>\u201eAm prins dou\u0103 nop\u021bi magice la Madrid. Cine se a\u0219tepta la a\u0219a scoruri?! Dar cui \u00eei trecea prin cap c\u0103 o s\u0103 v\u0103d meciul Realului al\u0103turi de campionul european Bonucci?!<\/p>\n<p>Hat-trick-ul lui Valverde &#8211; wow! &#8211; \u0219i un Bernab\u00e9u care a explodat la fiecare faz\u0103 &#8211; atmosfera a fost incredibil\u0103, dar la asta m\u0103 a\u0219teptam &#8211; un stadion plin ochi, care a tr\u0103it fiecare moment al victoriei lui Real Madrid contra lui Manchester City\u201d, a scris Corina Caragea pe contul personal de Instagram.<\/p>\n<p>Corina Caragea a postat \u0219i o imagine \u00een care apare Pep Guardiola. Antrenorul lui Manchester City a avut un discurs nea\u0219teptat la finalul disputei de pe \u201eBernabeu\u201d:<\/p>\n<blockquote>\n<p>Rezultatul este clar, dar mai sunt \u00eenc\u0103 90 de minute. Am senza\u021bia c\u0103 nu a fost o presta\u021bie chiar at\u00e2t de rea.\u00a0Au avut 3 ocazii \u00een prima repriz\u0103 \u0219i au marcat 3 goluri \u00eempotriva noastr\u0103.\u00a0Senza\u021bia este c\u0103 ei au \u00eentotdeauna avantajul la tranzi\u021bii. Cu toate acestea, am ajuns de multe ori la poart\u0103, chiar \u0219i \u00een a doua repriz\u0103. Am \u00eenceput bine, dar ne-a lipsit pasa final\u0103. S-au ap\u0103rat bine, foarte solid. Acum vom merge la cin\u0103, s\u0103 ne odihnim \u0219i apoi ne vom recupera<\/p>\n<p>&#8211; Pep Guardiola<\/p>\n<\/blockquote>\n","protected":false},"excerpt":{"rendered":"Articol de Andra Mocanu &#8211; Publicat joi, 12 martie 2026, 12:08 \/ Actualizat joi, 12 martie 2026 15:10&hellip;\n","protected":false},"author":2,"featured_media":133311,"comment_status":"","ping_status":"","sticky":false,"template":"","format":"standard","meta":{"footnotes":"","_share_on_mastodon":"0"},"categories":[20],"tags":[2495,22800,1083,41,40,38,39,185,184],"class_list":["post-133310","post","type-post","status-publish","format-standard","has-post-thumbnail","category-sport","tag-atletico-madrid","tag-corina-caragea","tag-real-madrid","tag-ro","tag-romana","tag-romania","tag-romanian","tag-sport","tag-sports"],"share_on_mastodon":{"url":"https:\/\/pubeurope.com\/@ro\/116216518584652554","error":""},"_links":{"self":[{"href":"https:\/\/www.europesays.com\/ro\/wp-json\/wp\/v2\/posts\/133310","targetHints":{"allow":["GET"]}}],"collection":[{"href":"https:\/\/www.europesays.com\/ro\/wp-json\/wp\/v2\/posts"}],"about":[{"href":"https:\/\/www.europesays.com\/ro\/wp-json\/wp\/v2\/types\/post"}],"author":[{"embeddable":true,"href":"https:\/\/www.europesays.com\/ro\/wp-json\/wp\/v2\/users\/2"}],"replies":[{"embeddable":true,"href":"https:\/\/www.europesays.com\/ro\/wp-json\/wp\/v2\/comments?post=133310"}],"version-history":[{"count":0,"href":"https:\/\/www.europesays.com\/ro\/wp-json\/wp\/v2\/posts\/133310\/revisions"}],"wp:featuredmedia":[{"embeddable":true,"href":"https:\/\/www.europesays.com\/ro\/wp-json\/wp\/v2\/media\/133311"}],"wp:attachment":[{"href":"https:\/\/www.europesays.com\/ro\/wp-json\/wp\/v2\/media?parent=133310"}],"wp:term":[{"taxonomy":"category","embeddable":true,"href":"https:\/\/www.europesays.com\/ro\/wp-json\/wp\/v2\/categories?post=133310"},{"taxonomy":"post_tag","embeddable":true,"href":"https:\/\/www.europesays.com\/ro\/wp-json\/wp\/v2\/tags?post=133310"}],"curies":[{"name":"wp","href":"https:\/\/api.w.org\/{rel}","templated":true}]}}