{"id":134035,"date":"2026-03-13T10:31:11","date_gmt":"2026-03-13T10:31:11","guid":{"rendered":"https:\/\/www.europesays.com\/ro\/134035\/"},"modified":"2026-03-13T10:31:11","modified_gmt":"2026-03-13T10:31:11","slug":"este-o-casa-foarte-veche","status":"publish","type":"post","link":"https:\/\/www.europesays.com\/ro\/134035\/","title":{"rendered":"\u201eEste o cas\u0103 foarte veche\u201d"},"content":{"rendered":"<p class=\"svelte-bl2hr5\">Gabriela Cristea \u0219i Tavi Clonda au dezv\u0103luit cine \u00eei ajut\u0103 s\u0103 renoveze conacul din Italia. Cei doi sunt extrem de \u00eenc\u00e2nta\u021bi de acest proiect \u0219i, chiar dac\u0103 lucr\u0103rile sunt abia la \u00eenceput, au deja sprijinul unor oameni de \u00eencredere.<\/p>\n<p>          <img fetchpriority=\"high\" decoding=\"async\" src=\"https:\/\/www.europesays.com\/ro\/wp-content\/uploads\/2026\/03\/1773397871_987_index.jpeg\" alt=\"Gabriela Cristea \u0219i Tavi Clonda \/ Foto: arhiv\u0103\" width=\"1400\" height=\"750\" loading=\"eager\" class=\"svelte-h45upf\"\/><\/p>\n<p>Gabriela Cristea \u0219i Tavi Clonda \/ Foto: arhiv\u0103<\/p>\n<p class=\"svelte-bl2hr5\"><a href=\"https:\/\/click.ro\/vedete\/vedete-romanesti\/motivul-pentru-care-gabriela-cristea-si-tavi-2508844.html\" target=\"_blank\" rel=\"nofollow noopener\">Gabriela<\/a> \u0219i Tavi tr\u0103iesc visul italian! De cur\u00e2nd, au achizi\u021bionat o cas\u0103 \u00een provincia Abruzzo, situat\u0103 la doar 15 minute de mers cu ma\u0219ina de mare, unde se pot relaxa al\u0103turi de fiicele lor. Proprietatea ofer\u0103 o priveli\u0219te spectaculoas\u0103 spre <a href=\"https:\/\/click.ro\/actualitate\/national\/a-fost-deschisa-ce-mai-lunga-partie-de-schi-din-2502843.html\" target=\"_blank\" rel=\"nofollow noopener\">munte<\/a>, iar zona \u00een care se afl\u0103 i-a cucerit imediat prin peisajele sale deosebite:\u00a0<\/p>\n<p class=\"svelte-bl2hr5\">\u201e\u00centr-o parte vezi muntele, Gran Sasso se nume\u0219te, un munte spectaculos. Cred c\u0103 e cam o or\u0103 de mers, iar \u00een partea cealalt\u0103 vezi marea, din aceea\u0219i pozi\u021bie\u201d, a povestit Tavi \u00eentr-o edi\u021bie a emisiunii Vorbe\u0219te Lumea.<\/p>\n<p class=\"svelte-bl2hr5\">Mai mult, proprietatea impresioneaz\u0103 \u0219i prin curtea generoas\u0103, unde se afl\u0103 nu mai pu\u021bin de 18 m\u0103slini! <\/p>\n<p class=\"svelte-bl2hr5\">\u00cen mod cert, cuplul are toate motivele s\u0103 transforme conacul \u00eentr-un adev\u0103rat paradis de vacan\u021b\u0103. De aceea, Gabriela \u0219i Tavi au \u00eenceput lucr\u0103rile de renovare ale locuin\u021bei vechi de peste 50 de ani:<\/p>\n<p class=\"svelte-bl2hr5\">\u201eCasa este o cas\u0103 foarte veche, un conac foarte vechi care a fost mare \u0219i frumos, dar, din p\u0103cate, ultimii proprietari poate nici nu au beneficiat de ni\u0219te resurse financiare bune \u0219i au renun\u021bat. De 50 de ani este nelocuit\u0103. O foloseau ca un punct de lucru pentru muncitori, pentru c\u0103 fo\u0219tii proprietari au mult ulei \u0219i mult\u0103 vi\u021b\u0103 de vie\u201d, a povestit Gabriela. <\/p>\n<p>          Au ajutoare de n\u0103dejde<\/p>\n<p class=\"svelte-bl2hr5\">Cuplul este sprijinit \u00een tot acest proces de o echip\u0103 de arhitec\u021bi, care se ocup\u0103 \u0219i de toate actele necesare \u0219i se asigur\u0103 c\u0103 totul este realizat conform legisla\u021biei: <\/p>\n<p class=\"svelte-bl2hr5\">\u201eNu mai e chiar cu me\u0219teri\u2026 Lucr\u0103m cu firm\u0103 de arhitectur\u0103, pentru c\u0103 nu po\u021bi s\u0103 te duci \u0219i s\u0103 zici: \u00aba\u0219 vrea s\u0103 schimb balconul acesta, ia du-te \u0219i cump\u0103r\u0103 ni\u0219te rigips, cuie\u2026!\u00bb Nu-i a\u0219a! Pentru c\u0103 au avut \u0219i ei probleme foarte mari, au zona lor seismic\u0103 \u0219i sunt destul de riguro\u0219i \u00een ceea ce prive\u0219te normele (\u2026)\u201d, a povestit Gabriela. <\/p>\n<p class=\"svelte-bl2hr5\">\u201eDe acolo pleac\u0103 totul, de la arhitec\u021bi. Tot ei se ocup\u0103 \u0219i de acte. Nu \u0219tiu c\u00e2t dureaz\u0103 actele, pentru c\u0103 trebuie s\u0103 ai tot felul de aprob\u0103ri, s\u0103 \u00eencepi s\u0103 demolezi\u2026\u201d, a ad\u0103ugat Tavi.<\/p>\n<p class=\"svelte-bl2hr5\">Pe l\u00e2ng\u0103 speciali\u0219ti, ei se bazeaz\u0103 \u0219i pe prietenii lor din regiune, care \u00eei ajut\u0103 la cump\u0103r\u0103turi \u0219i cu sfaturi utile despre via\u021ba \u00een Italia: \u201eAvem ni\u0219te prieteni acolo, rom\u00e2ni, care tr\u0103iesc \u00een Italia de vreo 20 de ani. Ei ne mai ajut\u0103\u201d, a transmis Gabriela. <\/p>\n<p>            Mai multe pentru tine<\/p>\n<p>          Se mut\u0103 Gabriela Cristea \u0219i Tavi Clonda \u00een Italia?<\/p>\n<p class=\"svelte-bl2hr5\">Cei doi sunt cuceri\u021bi de tot ce \u00eenseamn\u0103 via\u021ba \u00een Italia, \u00eens\u0103 nu iau \u00een calcul relocarea. \u00centreba\u021bi dac\u0103 \u00ee\u0219i doresc s\u0103 se mute definitiv, ei au r\u0103spuns ferm:  \u201eNu!\u201d.  <\/p>\n<p class=\"svelte-bl2hr5\">Tavi a explicat: \u201eNiciodat\u0103 s\u0103 nu spui niciodat\u0103. Ne leag\u0103 prea multe lucruri de Rom\u00e2nia. Dar s\u0103 ai \u00eenc\u0103 o proprietate, unde s\u0103 faci o or\u0103 jum\u0103tate p\u00e2n\u0103 acolo, mi-a sur\u00e2s ideea, dar de mutat nu m\u0103 v\u0103d. Nici \u00een America\u2026\u201d.\u00a0<\/p>\n","protected":false},"excerpt":{"rendered":"Gabriela Cristea \u0219i Tavi Clonda au dezv\u0103luit cine \u00eei ajut\u0103 s\u0103 renoveze conacul din Italia. Cei doi sunt&hellip;\n","protected":false},"author":2,"featured_media":134036,"comment_status":"","ping_status":"","sticky":false,"template":"","format":"standard","meta":{"footnotes":"","_share_on_mastodon":"0"},"categories":[10],"tags":[32,33,31,36,37,24670,27,112,34,35,25,41,40,38,39,26,40234,28,29,30,81],"class_list":["post-134035","post","type-post","status-publish","format-standard","has-post-thumbnail","category-romania","tag-breaking-news","tag-breakingnews","tag-cele-mai-populare-subiecte","tag-featured-news","tag-featurednews","tag-gabriela-cristea","tag-headlines","tag-italia","tag-latest-news","tag-latestnews","tag-news","tag-ro","tag-romana","tag-romania","tag-romanian","tag-stiri","tag-tavi-clonda","tag-titluri","tag-top-stories","tag-topstories","tag-video"],"share_on_mastodon":{"url":"https:\/\/pubeurope.com\/@ro\/116221410375796496","error":""},"_links":{"self":[{"href":"https:\/\/www.europesays.com\/ro\/wp-json\/wp\/v2\/posts\/134035","targetHints":{"allow":["GET"]}}],"collection":[{"href":"https:\/\/www.europesays.com\/ro\/wp-json\/wp\/v2\/posts"}],"about":[{"href":"https:\/\/www.europesays.com\/ro\/wp-json\/wp\/v2\/types\/post"}],"author":[{"embeddable":true,"href":"https:\/\/www.europesays.com\/ro\/wp-json\/wp\/v2\/users\/2"}],"replies":[{"embeddable":true,"href":"https:\/\/www.europesays.com\/ro\/wp-json\/wp\/v2\/comments?post=134035"}],"version-history":[{"count":0,"href":"https:\/\/www.europesays.com\/ro\/wp-json\/wp\/v2\/posts\/134035\/revisions"}],"wp:featuredmedia":[{"embeddable":true,"href":"https:\/\/www.europesays.com\/ro\/wp-json\/wp\/v2\/media\/134036"}],"wp:attachment":[{"href":"https:\/\/www.europesays.com\/ro\/wp-json\/wp\/v2\/media?parent=134035"}],"wp:term":[{"taxonomy":"category","embeddable":true,"href":"https:\/\/www.europesays.com\/ro\/wp-json\/wp\/v2\/categories?post=134035"},{"taxonomy":"post_tag","embeddable":true,"href":"https:\/\/www.europesays.com\/ro\/wp-json\/wp\/v2\/tags?post=134035"}],"curies":[{"name":"wp","href":"https:\/\/api.w.org\/{rel}","templated":true}]}}