{"id":136533,"date":"2026-03-16T10:24:08","date_gmt":"2026-03-16T10:24:08","guid":{"rendered":"https:\/\/www.europesays.com\/ro\/136533\/"},"modified":"2026-03-16T10:24:08","modified_gmt":"2026-03-16T10:24:08","slug":"o-politista-este-cercetata-pentru-ca-ar-fi-facut-videochat-pentru-mai-multi-straini-cum-a-fost-descoperita","status":"publish","type":"post","link":"https:\/\/www.europesays.com\/ro\/136533\/","title":{"rendered":"O poli\u021bist\u0103 este cercetat\u0103 pentru c\u0103 ar fi f\u0103cut videochat pentru mai mul\u021bi str\u0103ini. Cum a fost descoperit\u0103"},"content":{"rendered":"<p>Luni, 16 Martie 2026, ora 09:54<\/p>\n<p>3248 citiri<\/p>\n<p><a class=\"news__image\" data-href=\"https:\/\/s1.ziareromania.ro\/?mmid=f47bb56b05e60388f8\" data-size=\"1024x663\" title=\"O poli\u021bist\u0103 este cercetat\u0103 pentru c\u0103 ar fi f\u0103cut videochat pentru mai mul\u021bi str\u0103ini. Cum a fost descoperit\u0103\"><img decoding=\"async\" src=\"https:\/\/www.europesays.com\/ro\/wp-content\/uploads\/2026\/03\/O-poli--ist---este-cercetat---pentru-c---ar-fi-f--cut-videochat-pentru-mai-mul--i-str--ini--Cum-a-fo.jpeg\" alt=\"O poli\u021bist\u0103 este cercetat\u0103 pentru c\u0103 ar fi f\u0103cut videochat pentru mai mul\u021bi str\u0103ini. Cum a fost descoperit\u0103\" title=\"O poli\u021bist\u0103 este cercetat\u0103 pentru c\u0103 ar fi f\u0103cut videochat pentru mai mul\u021bi str\u0103ini. Cum a fost descoperit\u0103\" class=\"img-responsive\"\/><\/a><\/p>\n<p>Politista a fost prinsa \u00een urma verific\u0103rii veniturilor FOTo Pixabay<\/p>\n<p>O poli\u021bist\u0103 din cadrul Inspectoratului Poli\u021biei Jude\u021bene Ilfov a fost pus\u0103 la dispozi\u021bie (suspendat\u0103 din func\u021bie, nr) dup\u0103 ce Direc\u021bia General\u0103 de Protec\u021bie Intern\u0103 (DGPI) ar fi descoperit c\u0103 aceasta desf\u0103\u0219ura activit\u0103\u021bi de videochat \u00een afara programului.<\/p>\n<p>Verific\u0103rile au scos la iveal\u0103 c\u0103, de\u0219i fusese angajat\u0103 cu avizul DGPI acum doi ani, primul control nu a identificat activitatea sa anterioar\u0103 \u00een industria videochatului, iar veniturile nejustificate au atras aten\u021bia autorit\u0103\u021bilor. Agent\u0103 risc\u0103 acum s\u0103-\u0219i piard\u0103 locul de munc\u0103 pentru afectarea imaginii Poli\u021biei Rom\u00e2ne, arat\u0103 <a href=\"https:\/\/www.gandul.ro\/actualitate\/exclusiv-ce-au-descoperit-anchetatorii-in-trecutul-fostei-politiste-care-s-a-pus-in-slujba-fratilor-tate-luana-radu-avea-legaturi-stranse-cu-unele-vip-uri-din-bucuresti-19937011\" target=\"_blank\" rel=\"nofollow noopener\">G\u00e2ndul.ro.<\/a><\/p>\n<p>Show-uri erotice prin intermediul unei aplica\u021bii telefonice<\/p>\n<p>Sursa citat\u0103 a ar\u0103tat c\u0103, dup\u0103 angajare, s-ar fi observat c\u0103 aceasta prime\u0219te, \u00een mod aparent nejustificat, diferite sume de bani de la persoane din str\u0103in\u0103tate.<\/p>\n<p>Cu aceast\u0103 ocazie s-a descoperit c\u0103 o prim\u0103 verificare a fost f\u0103cut\u0103 deficitar, iar cei care au s\u0103pat \u00een trecutul poli\u021bistei nu au reu\u0219it s\u0103 afle c\u0103 agent\u0103 lucrase cu acte \u00een regul\u0103 la un studio de videochat, chiar foarte cunoscut \u00een industrie. \u00cenainte s\u0103-\u0219i \u00eencheie socotelile cu studioul de videochat, poli\u021bista \u00een cauz\u0103 \u0219i-ar fi f\u0103cut ni\u0219te clien\u021bi personali, to\u021bi cet\u0103\u021beni str\u0103ini, c\u0103rora le-ar fi dat num\u0103rul de telefon \u0219i a continuat s\u0103 fac\u0103 show-uri erotice pentru ei, \u00een privat.<\/p>\n<p>Precedent celebru, lucr\u0103toare \u00een slujba fra\u021bilor Tate<\/p>\n<p>Publica\u021bia citat\u0103 arat\u0103 c\u0103 primele scandaluri care au atras Poli\u021bia \u00een lumea lucr\u0103torilor sexuali s-au \u00eenregistrat dup\u0103 angaj\u0103rile masive, din surs\u0103 extern\u0103, care au avut loc \u00een anul 2005. Atunci, la o sec\u021bie din Bucure\u0219ti, poli\u021bi\u0219tii au realizat c\u0103 printre noile lor colege se num\u0103r\u0103 \u0219i o prostituat\u0103 care \u201ef\u0103cea trotuarul\u201d chiar pe raza lor de competen\u021b\u0103 \u0219i pe care o amendau contraven\u021bional \u00een mod obi\u0219nuit.<\/p>\n<p>Ulterior, dup\u0103 dezvoltarea serviciilor de videochat, s-au \u00eenregistrat, conform unor surse din Poli\u021bie, mai multe cazuri \u00een care agen\u021bi de poli\u021bie, femei \u0219i b\u0103rba\u021bi, au p\u0103r\u0103sit structurile Ministerului de Interne \u0219i s-au apucat s\u0103 ofere servicii sexuale virtuale.<\/p>\n<p>Un caz devenit public este cel al Luanei Radu, care a lucrat ca subofi\u021ber \u00een cadrul Sec\u021biei 7 \u0219i care \u0219i-a dat demisia pentru a face videochat \u00een slujba fra\u021bilor Andrew \u0219i Tristan Tate.<\/p>\n<p>\u021ai-a pl\u0103cut articolul?<\/p>\n<p> Vrem s\u0103 producem mai multe, \u00eens\u0103 avem nevoie de sus\u021binerea ta. Orice dona\u021bie conteaz\u0103 pentru jurnalismul independent <\/p>\n","protected":false},"excerpt":{"rendered":"Luni, 16 Martie 2026, ora 09:54 3248 citiri Politista a fost prinsa \u00een urma verific\u0103rii veniturilor FOTo Pixabay&hellip;\n","protected":false},"author":2,"featured_media":136534,"comment_status":"","ping_status":"","sticky":false,"template":"","format":"standard","meta":{"footnotes":"","_share_on_mastodon":"0"},"categories":[10],"tags":[32,33,31,40905,36,37,27,34,35,25,20512,41,40,38,39,26,28,29,30,12504],"class_list":["post-136533","post","type-post","status-publish","format-standard","has-post-thumbnail","category-romania","tag-breaking-news","tag-breakingnews","tag-cele-mai-populare-subiecte","tag-cercetata-disciplinar","tag-featured-news","tag-featurednews","tag-headlines","tag-latest-news","tag-latestnews","tag-news","tag-politista","tag-ro","tag-romana","tag-romania","tag-romanian","tag-stiri","tag-titluri","tag-top-stories","tag-topstories","tag-videochat"],"share_on_mastodon":{"url":"https:\/\/pubeurope.com\/@ro\/116238369804124713","error":""},"_links":{"self":[{"href":"https:\/\/www.europesays.com\/ro\/wp-json\/wp\/v2\/posts\/136533","targetHints":{"allow":["GET"]}}],"collection":[{"href":"https:\/\/www.europesays.com\/ro\/wp-json\/wp\/v2\/posts"}],"about":[{"href":"https:\/\/www.europesays.com\/ro\/wp-json\/wp\/v2\/types\/post"}],"author":[{"embeddable":true,"href":"https:\/\/www.europesays.com\/ro\/wp-json\/wp\/v2\/users\/2"}],"replies":[{"embeddable":true,"href":"https:\/\/www.europesays.com\/ro\/wp-json\/wp\/v2\/comments?post=136533"}],"version-history":[{"count":0,"href":"https:\/\/www.europesays.com\/ro\/wp-json\/wp\/v2\/posts\/136533\/revisions"}],"wp:featuredmedia":[{"embeddable":true,"href":"https:\/\/www.europesays.com\/ro\/wp-json\/wp\/v2\/media\/136534"}],"wp:attachment":[{"href":"https:\/\/www.europesays.com\/ro\/wp-json\/wp\/v2\/media?parent=136533"}],"wp:term":[{"taxonomy":"category","embeddable":true,"href":"https:\/\/www.europesays.com\/ro\/wp-json\/wp\/v2\/categories?post=136533"},{"taxonomy":"post_tag","embeddable":true,"href":"https:\/\/www.europesays.com\/ro\/wp-json\/wp\/v2\/tags?post=136533"}],"curies":[{"name":"wp","href":"https:\/\/api.w.org\/{rel}","templated":true}]}}