{"id":138002,"date":"2026-03-17T22:58:07","date_gmt":"2026-03-17T22:58:07","guid":{"rendered":"https:\/\/www.europesays.com\/ro\/138002\/"},"modified":"2026-03-17T22:58:07","modified_gmt":"2026-03-17T22:58:07","slug":"cum-va-arata-locuinta-pe-care-gina-si-smiley-o-construiesc-la-munte-declaratii-exclusive-o-casa-de-familie-simpla-fara-etaj","status":"publish","type":"post","link":"https:\/\/www.europesays.com\/ro\/138002\/","title":{"rendered":"Cum va ar\u0103ta locuin\u021ba pe care Gina \u0219i Smiley o construiesc la munte. Declara\u021bii exclusive! \u201eO cas\u0103 de familie, simpl\u0103, f\u0103r\u0103 etaj\u201d"},"content":{"rendered":"<p class=\"svelte-bl2hr5\"><a href=\"https:\/\/click.ro\/vedete\/vedete-romanesti\/gina-pistol-si-smiley-au-inceput-constructia-2515506.html\" rel=\"nofollow noopener\" target=\"_blank\">Gina Pistol\u00a0\u0219i Smiley<\/a>\u00a0au un motiv de bucurie \u00een plus. Cele dou\u0103 vedete mai au pu\u021bin \u0219i \u00ee\u0219i vor vedea visul cu ochii.<\/p>\n<p>            <img decoding=\"async\" src=\"https:\/\/www.europesays.com\/ro\/wp-content\/uploads\/2026\/03\/1773788287_369_index.jpeg\" alt=\" Gina Pistol \u0219i Smiley au un motiv de bucurie \u00een plus\" width=\"1136\" height=\"800\" loading=\"lazy\" class=\"svelte-h45upf\"\/><\/p>\n<p>Imaginea 1\/6:<br \/>\n                 Gina Pistol \u0219i Smiley au un motiv de bucurie \u00een plus<\/p>\n<p class=\"svelte-bl2hr5\"> Gina Pistol \u0219i-a dorit o\u00a0<a href=\"https:\/\/click.ro\/vedete\/vedete-romanesti\/imagini-din-interiorul-casei-lui-virgil-iantu-2504707.html\" rel=\"nofollow noopener\" target=\"_blank\">cas\u0103<\/a>\u00a0de vacan\u021b\u0103 \u00eentr-o zon\u0103 lini\u0219tit\u0103 \u0219i nu a stat mult pe g\u00e2nduri. A cump\u0103rat terenul \u0219i s-a apucat de construit al\u0103turi de o echip\u0103 de speciali\u0219ti.\u00a0<\/p>\n<p class=\"svelte-bl2hr5\">Gina Pistol abia a\u0219teapt\u0103 c\u0103 visul ei de mic\u0103 s\u0103 prind\u0103 contur \u0219i c\u0103su\u021ba ei de la munte s\u0103 se transforme \u00eentr-o locuin\u021ba adev\u0103rat\u0103. At\u00e2t ei c\u00e2t \u0219i lui Smiley \u0219i fiicei lor le place s\u0103 petreac\u0103 mult timp \u00een natur\u0103 \u0219i s\u0103 se plimbe prin p\u0103dure, s\u0103 fac\u0103 tot felul de activit\u0103\u021bi.\u00a0<\/p>\n<p>          \u201cAm c\u0103utat destul de mult timp loc potrivit \u0219i l-am g\u0103sit\u201d<\/p>\n<p class=\"svelte-bl2hr5\">\u00cen exclusivitate pentru Click!, so\u021bia lui Smiley ne-a povestit cum \u0219i-a g\u0103sit locul potrivit pentru casa ei din vis dup\u0103 lungi c\u0103ut\u0103ri. Aceasta se construie\u0219te deja \u0219i se afl\u0103 la 30 de minute de Bra\u0219ov.<\/p>\n<p class=\"svelte-bl2hr5\">\u201eDe mic\u0103 am visat s\u0103 am o cas\u0103 la munte, de\u0219i eu am crescut la c\u00e2mpie. Am nostalgiile vacan\u021belor lungi \u0219i lini\u0219tite la \u021bar\u0103, cu veri\u0219orii al\u0103turi zburd\u00e2nd c\u00e2t e ziua de lung\u0103 pe afar\u0103. To\u021bi trei iubim natura\u00a0\u0219i muntele, ne plac plimb\u0103rile prin p\u0103dure \u0219i activit\u0103\u021b\u0103\u021bile \u00een aer curat.\u00a0Am c\u0103utat destul de mult timp loc potrivit \u0219i l-am g\u0103sit. Suntem \u00eentr-o zon\u0103 lini\u0219tit\u0103, dar aproape de ora\u0219, de restaurante, spital \u0219i magazine, la 30 de minute de Bra\u0219ov. Abia am \u00eenceput construc\u021bia casei, suntem \u00een prima etap\u0103 a \u0219antierului, facem acum primii pa\u0219i \u0219i este o mare bucurie pentru noi. De arhitectur\u0103 s-a ocupat Crista Nedelcu, mi-a pl\u0103cut foarte mult casa\u00a0pe care le-a f\u0103cut-o Adelei Popescu \u0219i lui Radu V\u00e2lcan, la \u0218u\u0219ani. Ni s-a p\u0103rut foarte aproape de ceea ce visam noi s\u0103 avem\u201d,\u00a0a \u00eenceput s\u0103 ne povesteasc\u0103 Gina Pistol, extrem de \u00eenc\u00e2ntat\u0103 de proiectul ei de suflet.<\/p>\n<p>        O cas\u0103 cu 3 dormitoare<\/p>\n<p class=\"svelte-bl2hr5\">Viitoarea cas\u0103 de la munte a lui Smiley \u0219i a Ginei Pistol nu va fi prea mare dar extrem de potrivit\u0103 pentru ei \u0219i familia lor, fiind desprins\u0103 parc\u0103 dintr-o poveste. Aceasta va avea 3 dormitoare, un living spa\u021bios, o zon\u0103 de dinning \u0219i mult\u0103 natur\u0103 de jur \u00eemprejur. Mai mult dec\u00e2t at\u00e2t, Gina \u0219i Smiley abia a\u0219teapt\u0103 sa aib\u0103 unde s\u0103 \u00ee\u0219i primeasc\u0103 prietenii de suflet.<\/p>\n<p class=\"svelte-bl2hr5\"><a href=\"https:\/\/click.ro\/primetime\/gina-pistol-a-stiut-cum-sa-l-cucereasca-pe-smiley-2485185.html\" rel=\"nofollow noopener\" target=\"_blank\">\u00a0Prezentatoarea de la MasterChef\u00a0<\/a>sper\u0103 ca anul acesta de ziua ei, pe 9 decembrie, s\u0103 poat\u0103 deja s\u0103 stea \u00een casa de la munte, l\u00e2ng\u0103 sob\u0103, cu o can\u0103 de vin fiert \u00een m\u00e2n\u0103.<\/p>\n<p class=\"svelte-bl2hr5\">\u201cNu este o cas\u0103 mare, este o cas\u0103 de familie, simpl\u0103, f\u0103r\u0103 etaj, care se \u00eencadreaz\u0103 perfect \u00een peisaj \u0219i care pare desprins\u0103 dintr-o poveste frumoas\u0103. Are 3 dormitoare, un living spa\u021bios, o zon\u0103 de dinning \u0219i mult\u0103 natur\u0103 \u00een jurul ei. Va fi pentru familie \u0219i prieteni, nu va avea un scop turistic, ci unul de suflet, de bine, de momente calde \u0219i tihnite \u00eempreun\u0103 cu cei dragi. Sper ca\u00a0anul acesta, de ziua mea, s\u0103 pot sta\u00a0cu o can\u0103 de vin fiert \u00een m\u00e2n\u0103, al\u0103turi de ai mei, l\u00e2ng\u0103 sob\u0103. Da, pentru c\u0103 vom avea \u0219i sob\u0103, tot parte din visul meu de mic copil\u201d,\u00a0ni s-a mai confesat Gina Pistol, ner\u0103bd\u0103toare s\u0103 p\u0103\u0219easc\u0103 pentru prima dat\u0103 \u00een casa ei din vis.<\/p>\n<p>            Mai multe pentru tine<\/p>\n","protected":false},"excerpt":{"rendered":"Gina Pistol\u00a0\u0219i Smiley\u00a0au un motiv de bucurie \u00een plus. Cele dou\u0103 vedete mai au pu\u021bin \u0219i \u00ee\u0219i vor&hellip;\n","protected":false},"author":2,"featured_media":138003,"comment_status":"","ping_status":"","sticky":false,"template":"","format":"standard","meta":{"footnotes":"","_share_on_mastodon":"0"},"categories":[18],"tags":[171,170,8318,41,40,38,39],"class_list":["post-138002","post","type-post","status-publish","format-standard","has-post-thumbnail","category-divertisment","tag-divertisment","tag-entertainment","tag-gina-pistol","tag-ro","tag-romana","tag-romania","tag-romanian"],"share_on_mastodon":{"url":"https:\/\/pubeurope.com\/@ro\/116246996744295988","error":""},"_links":{"self":[{"href":"https:\/\/www.europesays.com\/ro\/wp-json\/wp\/v2\/posts\/138002","targetHints":{"allow":["GET"]}}],"collection":[{"href":"https:\/\/www.europesays.com\/ro\/wp-json\/wp\/v2\/posts"}],"about":[{"href":"https:\/\/www.europesays.com\/ro\/wp-json\/wp\/v2\/types\/post"}],"author":[{"embeddable":true,"href":"https:\/\/www.europesays.com\/ro\/wp-json\/wp\/v2\/users\/2"}],"replies":[{"embeddable":true,"href":"https:\/\/www.europesays.com\/ro\/wp-json\/wp\/v2\/comments?post=138002"}],"version-history":[{"count":0,"href":"https:\/\/www.europesays.com\/ro\/wp-json\/wp\/v2\/posts\/138002\/revisions"}],"wp:featuredmedia":[{"embeddable":true,"href":"https:\/\/www.europesays.com\/ro\/wp-json\/wp\/v2\/media\/138003"}],"wp:attachment":[{"href":"https:\/\/www.europesays.com\/ro\/wp-json\/wp\/v2\/media?parent=138002"}],"wp:term":[{"taxonomy":"category","embeddable":true,"href":"https:\/\/www.europesays.com\/ro\/wp-json\/wp\/v2\/categories?post=138002"},{"taxonomy":"post_tag","embeddable":true,"href":"https:\/\/www.europesays.com\/ro\/wp-json\/wp\/v2\/tags?post=138002"}],"curies":[{"name":"wp","href":"https:\/\/api.w.org\/{rel}","templated":true}]}}