{"id":139791,"date":"2026-03-20T00:52:09","date_gmt":"2026-03-20T00:52:09","guid":{"rendered":"https:\/\/www.europesays.com\/ro\/139791\/"},"modified":"2026-03-20T00:52:09","modified_gmt":"2026-03-20T00:52:09","slug":"florin-prunea-a-dat-o-in-bara-din-nou-si-a-prezentat-public-scuze-dupa-ce-a-spus-ca-diana-buzoianu-a-facut-videochat","status":"publish","type":"post","link":"https:\/\/www.europesays.com\/ro\/139791\/","title":{"rendered":"Florin Prunea a dat-o \u00een bar\u0103 din nou! \u0218i-a prezentat public scuze, dup\u0103 ce a spus c\u0103 Diana Buzoianu a f\u0103cut videochat"},"content":{"rendered":"<p>\n            Articol de <a rel=\"author nofollow noopener\" href=\"https:\/\/www.gsp.ro\/autor\/david-marinescu-3955.html\" target=\"_blank\">David Marinescu<\/a>            &#8211; Publicat joi, 19 martie 2026 21:53            \/ Actualizat joi, 19 martie 2026 23:09                    <\/p>\n<p>Florin Prunea, fostul interna\u021bional din \u201eGenera\u021bia de Aur\u201d, \u0219i-a prezentat scuzele dup\u0103 ce a afirmat despre Diana Buzoianu (31 de ani), ministru al Mediului, c\u0103 ar fi f\u0103cut videochat \u00eenainte de a fi numit\u0103 \u00een func\u021bie.<\/p>\n<p class=\"do-not-hide\">Este a doua gaf\u0103 a fostului mare interna\u021bional, dup\u0103 ce <a target=\"_self\" class=\"editor-link\" href=\"https:\/\/www.gsp.ro\/international\/campionate\/florin-prunea-scrioare-lamuriri-jigniri-jurgen-klopp-855686.html\" rel=\"nofollow noopener\">Prunea l-a insultat pe Jurgen Klopp,<\/a> iar vorbele sale au f\u0103cut \u00eenconjurul lumii. <\/p>\n<p>Florin Prunea \u0219i-a prezentat scuzele, dup\u0103 ce a afirmat despre ministra Mediului c\u0103 a f\u0103cut videochat: \u201eAm v\u0103zut postarea cuiva pe Tik Tok\u201d<\/p>\n<p><img decoding=\"async\" src=\"https:\/\/www.europesays.com\/ro\/wp-content\/uploads\/2026\/03\/ef8eec9e-9a4e-4bd0-baec-579b9419875f.webp.webp\" loading=\"lazy\" title=\"Florin Prunea\" alt=\"Florin Prunea a dat-o \u00een bar\u0103 din nou! \u0218i-a prezentat public scuze, dup\u0103 ce a spus c\u0103 Diana Buzoianu a f\u0103cut videochat\" width=\"738\" height=\"502\"\/><\/p>\n<p>Florin Prunea<\/p>\n<p>\u201eAm v\u0103zut postarea cuiva pe tiktok \u0219i am spus ce am v\u0103zut. Ar fi trebuit s\u0103 specific asta. Nu o cunosc personal pe doamna ministru \u0219i vreau s\u0103 spun clar c\u0103 nu am nimic cu d\u00e2nsa. \u00cemi prezint public scuze pentru acest moment, pe care \u00eel regret\u201d, a transmis Florin Prunea, conform<a target=\"_self\" class=\"editor-link\" href=\"https:\/\/iamsport.ro\/fotbal\/diverse\/florin-prunea-prezinta-scuze-ministrei-buzoianu-dupa-acuza-de-ieri-dimineata-e-un-moment-pe-care-il-regret-id47496.html?fbclid=IwY2xjawQpJQVleHRuA2FlbQIxMABicmlkETBNZldaU1A0WG1admwxOVpZc3J0YwZhcHBfaWQQMjIyMDM5MTc4ODIwMDg5MgABHiV_6kl42ts38IARkUWWBdRyJ2UFxfqhPColDEY3LieDqKNKWHeScTPUALeg_aem_fTVlqUja4z5NfAVDsxOOGg\" rel=\"nofollow noopener\"> iamsport.ro.<\/a><\/p>\n<p>Pe 18 martie, Florin Prunea afirmase c\u0103 Diana Buzoianu ar fi f\u0103cut videochat \u00een Slobozia.<\/p>\n<p>\u201eCine-i, m\u0103, Buzoianu? Aia de la Mediu? Auzi, ia bag\u0103 pe Google s\u0103 vezi de Buzoianu. Stai s\u0103 vezi ce a f\u0103cut \u00eenainte, m\u00e2nca-\u021bi-a\u0219! Ia vezi ce g\u0103se\u0219ti acolo. A f\u0103cut, m\u0103, videochat. Ia bag\u0103 s\u0103 vezi! S\u0103 vedem dac\u0103 e adev\u0103rat, nu \u0219tiu. Nu e pe nic\u0103ieri? Acum mi-am adus aminte. Stai c\u0103 \u00ee\u021bi zic \u0219i \u00een ce ora\u0219. Nu pot s\u0103 spun de unde \u0219tiu. \u00cen Slobozia a f\u0103cut, m\u0103! Mi-am adus aminte. La Slobozia 100%, mi-am adus aminte. Bomb\u0103 de pres\u0103! Tefeli\u0219tii&#8230; v-am pornit! V-am zg\u00e2nd\u0103rit. N-am spus c\u0103 e adev\u0103rat\u201d, afirmase Florin Prunea.<\/p>\n<p>Diana Buzoianu are 31 de ani, este originar\u0103 din Bra\u0219ov. Este avocat\u0103 \u0219i deputat\u0103 din anul 2020. Este ministru al Mediului din 2025, \u00een Guvernul condus de Ilie Bolojan. A absolvit Facultatea de Drept a Universit\u0103\u021bii din Bucure\u0219ti \u00een perioada 2013-2017. Este specializat\u0103 \u00een protec\u021bia datelor, drept comercial \u0219i drept imobiliar. A fost cofondator \u0219i vicepre\u0219edinte al Asocia\u021biei NILS &#8211; filiala Bucure\u0219ti. A coordonat mai multe proiecte civice.<\/p>\n","protected":false},"excerpt":{"rendered":"Articol de David Marinescu &#8211; Publicat joi, 19 martie 2026 21:53 \/ Actualizat joi, 19 martie 2026 23:09&hellip;\n","protected":false},"author":2,"featured_media":139792,"comment_status":"","ping_status":"","sticky":false,"template":"","format":"standard","meta":{"footnotes":"","_share_on_mastodon":"0"},"categories":[5],"tags":[32,33,31,36,37,1287,27,34,35,25,41,40,38,39,26,41725,28,29,30,12504],"class_list":["post-139791","post","type-post","status-publish","format-standard","has-post-thumbnail","category-titluri","tag-breaking-news","tag-breakingnews","tag-cele-mai-populare-subiecte","tag-featured-news","tag-featurednews","tag-florin-prunea","tag-headlines","tag-latest-news","tag-latestnews","tag-news","tag-ro","tag-romana","tag-romania","tag-romanian","tag-stiri","tag-stiri-extrasport","tag-titluri","tag-top-stories","tag-topstories","tag-videochat"],"share_on_mastodon":{"url":"https:\/\/pubeurope.com\/@ro\/116258769749698400","error":""},"_links":{"self":[{"href":"https:\/\/www.europesays.com\/ro\/wp-json\/wp\/v2\/posts\/139791","targetHints":{"allow":["GET"]}}],"collection":[{"href":"https:\/\/www.europesays.com\/ro\/wp-json\/wp\/v2\/posts"}],"about":[{"href":"https:\/\/www.europesays.com\/ro\/wp-json\/wp\/v2\/types\/post"}],"author":[{"embeddable":true,"href":"https:\/\/www.europesays.com\/ro\/wp-json\/wp\/v2\/users\/2"}],"replies":[{"embeddable":true,"href":"https:\/\/www.europesays.com\/ro\/wp-json\/wp\/v2\/comments?post=139791"}],"version-history":[{"count":0,"href":"https:\/\/www.europesays.com\/ro\/wp-json\/wp\/v2\/posts\/139791\/revisions"}],"wp:featuredmedia":[{"embeddable":true,"href":"https:\/\/www.europesays.com\/ro\/wp-json\/wp\/v2\/media\/139792"}],"wp:attachment":[{"href":"https:\/\/www.europesays.com\/ro\/wp-json\/wp\/v2\/media?parent=139791"}],"wp:term":[{"taxonomy":"category","embeddable":true,"href":"https:\/\/www.europesays.com\/ro\/wp-json\/wp\/v2\/categories?post=139791"},{"taxonomy":"post_tag","embeddable":true,"href":"https:\/\/www.europesays.com\/ro\/wp-json\/wp\/v2\/tags?post=139791"}],"curies":[{"name":"wp","href":"https:\/\/api.w.org\/{rel}","templated":true}]}}