{"id":141984,"date":"2026-03-22T14:50:11","date_gmt":"2026-03-22T14:50:11","guid":{"rendered":"https:\/\/www.europesays.com\/ro\/141984\/"},"modified":"2026-03-22T14:50:11","modified_gmt":"2026-03-22T14:50:11","slug":"vom-cotrobai-prin-comorile-lasate-de-cei-care-au-locuit-inainte","status":"publish","type":"post","link":"https:\/\/www.europesays.com\/ro\/141984\/","title":{"rendered":"\u201eVom cotrob\u0103i prin comorile l\u0103sate de cei care au locuit \u00eenainte\u201d"},"content":{"rendered":"<p class=\"svelte-bl2hr5\">Prezentatoarea TV Gabriela Cristea le-a povestit fanilor din mediul online ce planuri are pentru casa pe care o de\u021bine \u00een Italia. Vedeta a publicat pe contul s\u0103u de pe Facebook un filmule\u021b \u00een care arat\u0103 ce activit\u0103\u021bi urmeaz\u0103 s\u0103 desf\u0103\u0219oare al\u0103turi de familie \u0219i cum \u00ee\u0219i imagineaz\u0103 transformarea locuin\u021bei. Totodata, so\u021bia lui Tavi Clonda a dezv\u0103luit de ce a cump\u0103rat aceast\u0103 proprietate.<\/p>\n<p>          <img decoding=\"async\" src=\"https:\/\/www.europesays.com\/ro\/wp-content\/uploads\/2026\/03\/1774191011_576_index.jpeg\" alt=\"Gabriela Cristea \/ foto: Facebook\" width=\"1400\" height=\"703\" loading=\"eager\" fetchpriority=\"high\" class=\"svelte-h45upf\"\/><\/p>\n<p>Gabriela Cristea \/ foto: Facebook<\/p>\n<p class=\"svelte-bl2hr5\">\u201eBun\u0103 diminea\u021ba! Azi o s\u0103 avem o zi \u00een care vom cotrob\u0103i prin \u201ecomorile l\u0103sate\u201d de cei care au locuit \u00eenainte \u00een casa noastr\u0103 din Italia. Mi-am luat energia de la r\u0103s\u0103ritul soarelui \u0219i sunt preg\u0103tit\u0103 de o zi cu spor. Duminic\u0103 fabuloas\u0103 s\u0103 ave\u021bi!<br \/>\nPS: dac\u0103 vre\u021bi s\u0103 vede\u021bi o simulare a ce ne dorim s\u0103 facem cu casa din Italia, urm\u0103ri\u021bi video p\u00e2n\u0103 la final \u0219i s\u0103-mi scrie\u021bi cum vi se pare\u201d, a scris Gabriela Cristea \u00een descrierea clipului video publicat pe Facebook.\u00a0<\/p>\n<p>        Ce planuri are Gabriela Cristea pentru renovarea locuin\u021bei din Italia<\/p>\n<p class=\"svelte-bl2hr5\">\u00cen filmule\u021bul publicat pe re\u021beaua de socializare, vedeta explic\u0103 faptul c\u0103, \u00eempreun\u0103 cu familia, \u00ee\u0219i dore\u0219te s\u0103 renoveze \u0219i s\u0103 transforme complet casa din Italia. Proiectul pare s\u0103 fie unul amplu, iar procesul va \u00eencepe cu explorarea lucrurilor r\u0103mase de la fo\u0219tii locatari.<\/p>\n<p class=\"svelte-bl2hr5\">De asemenea, Gabriela Cristea le-a ar\u0103tat urm\u0103ritorilor \u0219i o simulare a modului \u00een care ar putea ar\u0103ta locuin\u021ba dup\u0103 finalizarea lucr\u0103rilor. La finalul clipului, ea a ata\u0219at o fotografie realizat\u0103 cu ajutorul inteligen\u021bei artificiale, imagine care ilustreaz\u0103 viziunea familiei asupra casei renovate.<\/p>\n<p class=\"svelte-bl2hr5\">Simularea ofer\u0103 fanilor o idee despre transformarea dorit\u0103, prezent\u00e2nd varianta final\u0103 la care viseaz\u0103 vedeta \u0219i cei apropia\u021bi. Postarea a st\u00e2rnit rapid reac\u021bii din partea urm\u0103ritorilor, mul\u021bi dintre ei fiind curio\u0219i s\u0103 vad\u0103 cum va evolua proiectul \u0219i cum va ar\u0103ta locuin\u021ba dup\u0103 renovare.<\/p>\n<p class=\"svelte-bl2hr5\">\u201eBun\u0103 diminea\u021ba, s\u0103 se \u00eendeplineasc\u0103 visul vostru; \u00eencet vom pleca to\u021bi din \u021bar\u0103 s\u0103 tr\u0103im lini\u0219tea \u0219i s\u0103 sim\u021bim calitatea vie\u021bii\u201d\/ \u201eCe frumos e acolo! Aer curat \u0219i c\u00e2ntec\u201d\/\u201eUn peisaj absolut superb, s\u0103 v\u0103 dea Dumnezeu putere s\u0103 face\u021bi tot ce v\u0103 dori\u021bi\u201d\/ \u201eCe proiect frumos ave\u021bi, extraordinar!\u201d\/ \u201eWow, frumuse\u021be de cas\u0103, arat\u0103 divin\u201d, au fost doar c\u00e2teva dintre comentarii.\u00a0<\/p>\n<p>          Cum au ajuns Gabriela Cristea \u0219i Tavi Clonda s\u0103 cumpere casa din Italia<\/p>\n<p class=\"svelte-bl2hr5\">Tavi \u0219i Gabriela au explicat care au fost motivele practice care i-au convins c\u0103 aceast\u0103 investi\u021bie merit\u0103 f\u0103cut\u0103, subliniind c\u0103 distan\u021ba p\u00e2n\u0103 la mare este mult mai mic\u0103 dec\u00e2t \u00een cazul unei vacan\u021be pe litoralul rom\u00e2nesc.<\/p>\n<p class=\"svelte-bl2hr5\">\u201e\u00centrebarea este c\u00e2t facem din Bucure\u0219ti p\u00e2n\u0103 la noi la mare, p\u00e2n\u0103 \u00een Mamaia? trei ore. C\u00e2t facem de la noi de acas\u0103 p\u00e2n\u0103 aici la mare? De la noi am f\u0103cut 15-20 de minute. Din Bucure\u0219ti p\u00e2n\u0103 aici c\u00e2t am f\u0103cut? Trei ore cu tot cu avion. Acesta este unul dintre motive\u201d, au dezv\u0103luit cei doi pe re\u021belele de socializare.<\/p>\n<p>            Mai multe pentru tine<\/p>\n<p class=\"svelte-bl2hr5\">Fosta prezentatoare TV a povestit \u0219i cum a ajuns s\u0103 cumpere locuin\u021ba din Italia, explic\u00e2nd c\u0103, la \u00eenceput, planul familiei era s\u0103 fac\u0103 o investi\u021bie imobiliar\u0103 \u00een Rom\u00e2nia. Dup\u0103 mai multe c\u0103ut\u0103ri \u0219i document\u0103ri f\u0103cute pe cont propriu, vedeta a ajuns \u00eens\u0103 la concluzia c\u0103 o proprietate \u00een Italia ar fi o alegere mai potrivit\u0103.<\/p>\n<p class=\"svelte-bl2hr5\">\u201eIni\u021bial, am vrut s\u0103 facem o investi\u021bie \u00een Rom\u00e2nia (\u2026) \u00cen prim\u0103var\u0103, am venit \u00een Bari (\u2026) Am accesat toat\u0103 coasta de est, eu m-am uitat, eu am f\u0103cut research pe Internet pentru toat\u0103 Italia. Ne-am uitat \u0219i \u00een Toscana, ne-am uitat \u0219i \u00een zona Amalfitan\u0103, dar am zis c\u0103 \u00een Abruzzo este o zon\u0103 care s\u0103 le \u00eempace pe toate (\u2026) Tavi a fost plecat vreo dou\u0103-trei s\u0103pt\u0103m\u00e2ni, eu m-am apucat s\u0103 caut \u0219i aveam scoase toate casele (\u2026) Am venit o singur\u0103 dat\u0103 \u00een Italia \u0219i a fost prima cas\u0103 pe care am v\u0103zut-o. Am f\u0103cut program\u0103ri\u201d, a mai spus ea pe o re\u021bea de socializare.\u00a0<\/p>\n","protected":false},"excerpt":{"rendered":"Prezentatoarea TV Gabriela Cristea le-a povestit fanilor din mediul online ce planuri are pentru casa pe care o&hellip;\n","protected":false},"author":2,"featured_media":141985,"comment_status":"","ping_status":"","sticky":false,"template":"","format":"standard","meta":{"footnotes":"","_share_on_mastodon":"0"},"categories":[5],"tags":[32,33,31,36,37,24670,27,34,35,25,41,40,38,39,26,28,29,30,81],"class_list":["post-141984","post","type-post","status-publish","format-standard","has-post-thumbnail","category-titluri","tag-breaking-news","tag-breakingnews","tag-cele-mai-populare-subiecte","tag-featured-news","tag-featurednews","tag-gabriela-cristea","tag-headlines","tag-latest-news","tag-latestnews","tag-news","tag-ro","tag-romana","tag-romania","tag-romanian","tag-stiri","tag-titluri","tag-top-stories","tag-topstories","tag-video"],"share_on_mastodon":{"url":"https:\/\/pubeurope.com\/@ro\/116273389395918058","error":""},"_links":{"self":[{"href":"https:\/\/www.europesays.com\/ro\/wp-json\/wp\/v2\/posts\/141984","targetHints":{"allow":["GET"]}}],"collection":[{"href":"https:\/\/www.europesays.com\/ro\/wp-json\/wp\/v2\/posts"}],"about":[{"href":"https:\/\/www.europesays.com\/ro\/wp-json\/wp\/v2\/types\/post"}],"author":[{"embeddable":true,"href":"https:\/\/www.europesays.com\/ro\/wp-json\/wp\/v2\/users\/2"}],"replies":[{"embeddable":true,"href":"https:\/\/www.europesays.com\/ro\/wp-json\/wp\/v2\/comments?post=141984"}],"version-history":[{"count":0,"href":"https:\/\/www.europesays.com\/ro\/wp-json\/wp\/v2\/posts\/141984\/revisions"}],"wp:featuredmedia":[{"embeddable":true,"href":"https:\/\/www.europesays.com\/ro\/wp-json\/wp\/v2\/media\/141985"}],"wp:attachment":[{"href":"https:\/\/www.europesays.com\/ro\/wp-json\/wp\/v2\/media?parent=141984"}],"wp:term":[{"taxonomy":"category","embeddable":true,"href":"https:\/\/www.europesays.com\/ro\/wp-json\/wp\/v2\/categories?post=141984"},{"taxonomy":"post_tag","embeddable":true,"href":"https:\/\/www.europesays.com\/ro\/wp-json\/wp\/v2\/tags?post=141984"}],"curies":[{"name":"wp","href":"https:\/\/api.w.org\/{rel}","templated":true}]}}