{"id":143760,"date":"2026-03-24T16:56:10","date_gmt":"2026-03-24T16:56:10","guid":{"rendered":"https:\/\/www.europesays.com\/ro\/143760\/"},"modified":"2026-03-24T16:56:10","modified_gmt":"2026-03-24T16:56:10","slug":"chivu-e-pus-la-zid-de-italieni-care-cred-ca-romanul-trebuie-dat-afara-de-inter","status":"publish","type":"post","link":"https:\/\/www.europesays.com\/ro\/143760\/","title":{"rendered":"Chivu e pus la zid de italieni, care cred c\u0103 rom\u00e2nul trebuie dat afar\u0103 de Inter"},"content":{"rendered":"<p id=\"p-0\">Inter Milano a \u00eenregistrat patru rezultate negative \u00een martie \u0219i va \u00eencheia luna f\u0103r\u0103 s\u0103 ob\u021bin\u0103 vreo victorie, detaliu ce i-a determinat pe italieni s\u0103 \u00eel pun\u0103 la zid pe Cristi Chviu (45 de ani).<\/p>\n<p id=\"p-1\">\u00cen plus, jurnali\u0219tii din Peninsul\u0103 \u0219i-au adus aminte \u0219i de dubla \u00eenfr\u00e2ngere cu Bodo Glimt din play-off-ul Ligii Campionilor, 1-3, 1-2, care \u00eenc\u0103 reprezint\u0103 o ran\u0103 deschis\u0103.<\/p>\n<p>Italienii aduc \u00een discu\u021bie demiterea lui Chivu de la Inter! Ce i-a determinat s\u0103 fac\u0103 asta<\/p>\n<p id=\"p-2\"><a style=\"color: #0000ff;\" href=\"https:\/\/www.prosport.ro\/fotbal-extern\/chivu-fiorentina-inter-verdict-dur-20405515\" rel=\"nofollow noopener\" target=\"_blank\">Cristi Chivu \u0219i Inter Milano au terminat partidele din luna martie cu un nou rezultat nefavorabil, 1-1 cu Fiorentina<\/a>, care a f\u0103cut ca distan\u021ba din fruntea Serie A s\u0103 se str\u00e2ng\u0103 la doar 6 puncte. AC Milan \u0219i Napoli, care au c\u00e2\u0219tigat ambele \u00een etapa 30, s-au apropiat de lider \u0219i pot spune c\u0103 viseaz\u0103 din nou la titlu.<\/p>\n<p>                <a href=\"https:\/\/www.prosport.ro\/poze\/chivu-italieni-inter-europa-20405822\" rel=\"nofollow noopener\" target=\"_blank\">&#13;<br \/>\n                                            <img decoding=\"async\" loading=\"lazy\" fetchpriority=\"low\" src=\"https:\/\/www.europesays.com\/ro\/wp-content\/uploads\/2026\/03\/https:\/\/www.prosport.ro\/\/wp-content\/uploads\/2026\/03\/Chivu-mesaj-clar-pentru-Conte-\u201eNiciodata-n-am-ex.jpeg\" width=\"458\" height=\"305\"\/>&#13;<br \/>\n                                    <\/a><\/p>\n<p>                <a href=\"https:\/\/www.prosport.ro\/poze\/chivu-italieni-inter-europa-20405822\" rel=\"nofollow noopener\" target=\"_blank\">&#13;<br \/>\n                                            <img decoding=\"async\" loading=\"lazy\" fetchpriority=\"low\" src=\"https:\/\/www.europesays.com\/ro\/wp-content\/uploads\/2026\/03\/https:\/\/www.prosport.ro\/\/wp-content\/uploads\/2026\/03\/Cristi-Chivu-OUT-din-silenzio-stampa-Le-a-spus-o.jpeg\" width=\"227\" height=\"151\"\/>&#13;<br \/>\n                                    <\/a><\/p>\n<p id=\"p-3\">Pe de alt\u0103 parte, ceea ce \u00eengrijoreaz\u0103 este jocul lui Inter. \u00cenaintea remizei cu Fiorentina, fotbali\u0219tii lui Chivu au remizat cu Atalanta, 1-1, au pierdut cu rivala AC Milan, 0-1, \u0219i au remizat cu Como \u00een man\u0219a \u00eent\u00e2i a semifinalelor din Cup\u0103, 0-0. \u0218i asta doar \u00een martie. \u00cen februarie, <a style=\"color: #0000ff;\" href=\"https:\/\/www.prosport.ro\/fotbal-extern\/liga-campionilor\/capitanul-lui-chivu-a-numit-vinovatul-clar-dupa-ce-inter-a-fost-eliminata-de-bodo-din-cauza-greselii-lui-am-pierdut-dar-20388772\" rel=\"nofollow noopener\" target=\"_blank\">Inter a fost \u00eenvins\u0103 de Bodo Glimt \u00een dubl\u0103 man\u0219\u0103, 1-3, 1-2<\/a> \u0219i a fost eliminat\u0103 din play-off-ul Ligii Campionilor.<\/p>\n<p id=\"p-4\">E\u0219ecul european reprezint\u0103 \u00een continuare o ran\u0103 deschis\u0103 pentru italieni, care au ajuns la concluzia c\u0103 rom\u00e2nul Cristi Chivu \u201e\u0219i-a ar\u0103tat limitele\u201d:<\/p>\n<p id=\"p-5\">\u201eBucchioni: Chivu \u0219i-a ar\u0103tat limitele la Inter. Marotta \u0219i Ausilio ar trebui s\u0103 reflecteze asupra viitorului\u201d, au titrat cei de la FCInter1908.it, cit\u00e2ndu-l pe Enzo Bucchioni, un editorialist al celor de la Tutto Mercato Web.<\/p>\n<p id=\"p-6\">\u00cen continuare sunt prezentate pe larg declara\u021biile jurnalistului, care sugereaz\u0103 c\u00e2t se poate de clar c\u0103 Cristi Chivu ar trebui demis \u00eenaintea sezonului 2026-2027:<\/p>\n<p id=\"p-7\">\u201eProblema antrenorului, \u00eens\u0103, nu poate fi ignorat\u0103. Lipsa de experien\u021b\u0103 a lui Chivu devine un factor \u00een gestionarea dificult\u0103\u021bilor. L-am l\u0103udat pe t\u00e2n\u0103rul antrenor la \u00eenceputul sezonului, c\u00e2nd a reu\u0219it s\u0103 remotiveze grupul. A creat un sistem de management interesant, inclusiv prin rota\u021bia juc\u0103torilor, \u0219i a schimbat ceva din stilul de fotbal al lui Inzaghi. Cu toate acestea, \u00een timp, \u0219i-a ar\u0103tat limitele tactice \u00eempotriva echipelor mari cu antrenori grozavi, at\u00e2t \u00een \u200b\u200bLiga Campionilor, c\u00e2t \u0219i \u00een campionat. Nu este o coinciden\u021b\u0103 faptul c\u0103 a pierdut aproape toate meciurile directe. Modul \u00een care a fost gestionat\u0103 confruntarea cu Bodo \u0219i forma\u021bia aleas\u0103 pentru prima man\u0219\u0103 au fost inacceptabile. Inter este \u00eenc\u0103, evident, favorita la Scudetto \u0219i probabil \u00eel va c\u00e2\u0219tiga, dar Marotta \u0219i Ausilio trebuie s\u0103 se g\u00e2ndeasc\u0103 cu aten\u021bie la situa\u021bia antrenorului. Este adev\u0103rat c\u0103 lotul are nevoie \u0219i de multe revizuiri, dar dac\u0103 Inter vrea cu adev\u0103rat s\u0103 fie protagonist\u0103 \u00een Europa, poate c\u0103 acest Chivu nu este suficient\u201d, a completat Enzo Bucchioni, \u00een editorialul preluat \u0219i de cei de la <a style=\"color: #000000;\" href=\"https:\/\/www.fcinter1908.it\/ultimora\/bucchioni-chivu-limiti\/?fbclid=IwY2xjawQuGg9leHRuA2FlbQIxMABicmlkETFtaGZMTkE2QjVmOFAxWk1tc3J0YwZhcHBfaWQQMjIyMDM5MTc4ODIwMDg5MgABHlXC7fJh3GqHC5oFTfMGNRdilKuAihNfjOKLjCg1_9pd61JbfhHUE6-DnDXx_aem_YuX0UHIH5XSaNPQLyIohOg\" rel=\"nofollow noopener\" target=\"_blank\">FCInter1908.it<\/a>.<\/p>\n<p>Ce urmeaz\u0103 pentru Inter<\/p>\n<p id=\"p-8\">Dup\u0103 pauza generat\u0103 de meciurile echipelor na\u021bionale, pentru Inter urmeaz\u0103 dou\u0103 dueluri tari de tot, acas\u0103 cu AS Roma \u0219i \u00een deplasare cu Como. Ambele forma\u021bii sunt implicate \u00een lupta pentru locurile de Champions League, astfel c\u0103 Inter ar putea avea probleme.<\/p>\n<p id=\"p-9\">Chivu \u0219i compania vor primi ulterior vizita lui Cagliari, tot \u00een Serie A, dup\u0103 care, pe 22 aprilie e programat returul Inter \u2013 Como din semifinalele Cupei.<\/p>\n<p id=\"p-10\">Mai apoi, \u00een ultimele cinci etape din campionat, care cel mai probabil vor decide titlul, Inter are urm\u0103torul program:<\/p>\n<ul>\n<li>Torino \u2013 Inter<\/li>\n<li>Inter \u2013 Parma<\/li>\n<li>Lazio \u2013 Inter<\/li>\n<li>Inter \u2013 Verona<\/li>\n<li>Bologna \u2013 Inter<\/li>\n<\/ul>\n","protected":false},"excerpt":{"rendered":"Inter Milano a \u00eenregistrat patru rezultate negative \u00een martie \u0219i va \u00eencheia luna f\u0103r\u0103 s\u0103 ob\u021bin\u0103 vreo victorie,&hellip;\n","protected":false},"author":2,"featured_media":143761,"comment_status":"","ping_status":"","sticky":false,"template":"","format":"standard","meta":{"footnotes":"","_share_on_mastodon":"0"},"categories":[20],"tags":[544,3697,1938,42635,41,40,38,39,185,184,33796],"class_list":["post-143760","post","type-post","status-publish","format-standard","has-post-thumbnail","category-sport","tag-cristi-chivu","tag-cristi-chivu-antrenor-inter","tag-cristi-chivu-inter","tag-cristi-chivu-inter-bodo-glimt","tag-ro","tag-romana","tag-romania","tag-romanian","tag-sport","tag-sports","tag-tuttomercatoweb"],"share_on_mastodon":{"url":"https:\/\/pubeurope.com\/@ro\/116285209512642677","error":""},"_links":{"self":[{"href":"https:\/\/www.europesays.com\/ro\/wp-json\/wp\/v2\/posts\/143760","targetHints":{"allow":["GET"]}}],"collection":[{"href":"https:\/\/www.europesays.com\/ro\/wp-json\/wp\/v2\/posts"}],"about":[{"href":"https:\/\/www.europesays.com\/ro\/wp-json\/wp\/v2\/types\/post"}],"author":[{"embeddable":true,"href":"https:\/\/www.europesays.com\/ro\/wp-json\/wp\/v2\/users\/2"}],"replies":[{"embeddable":true,"href":"https:\/\/www.europesays.com\/ro\/wp-json\/wp\/v2\/comments?post=143760"}],"version-history":[{"count":0,"href":"https:\/\/www.europesays.com\/ro\/wp-json\/wp\/v2\/posts\/143760\/revisions"}],"wp:featuredmedia":[{"embeddable":true,"href":"https:\/\/www.europesays.com\/ro\/wp-json\/wp\/v2\/media\/143761"}],"wp:attachment":[{"href":"https:\/\/www.europesays.com\/ro\/wp-json\/wp\/v2\/media?parent=143760"}],"wp:term":[{"taxonomy":"category","embeddable":true,"href":"https:\/\/www.europesays.com\/ro\/wp-json\/wp\/v2\/categories?post=143760"},{"taxonomy":"post_tag","embeddable":true,"href":"https:\/\/www.europesays.com\/ro\/wp-json\/wp\/v2\/tags?post=143760"}],"curies":[{"name":"wp","href":"https:\/\/api.w.org\/{rel}","templated":true}]}}