{"id":144355,"date":"2026-03-25T13:07:18","date_gmt":"2026-03-25T13:07:18","guid":{"rendered":"https:\/\/www.europesays.com\/ro\/144355\/"},"modified":"2026-03-25T13:07:18","modified_gmt":"2026-03-25T13:07:18","slug":"gabriela-cristea-aparitie-surprinzatoare-in-costum-de-baie-dupa-ce-a-dat-jos-30-de-kilograme-cum-a-fost-surprinsa-la-un-spa-de-lux-din-italia","status":"publish","type":"post","link":"https:\/\/www.europesays.com\/ro\/144355\/","title":{"rendered":"Gabriela Cristea, apari\u021bie surprinz\u0103toare \u00een costum de baie, dup\u0103 ce a dat jos 30 de kilograme! Cum a fost surprins\u0103 la un spa de lux din Italia"},"content":{"rendered":"<p class=\"svelte-bl2hr5\">Gabriela Cristea \u0219i-a etalat noua siluet\u0103 f\u0103r\u0103 re\u021bineri, \u00een<br \/>\ntimpul unei <a href=\"https:\/\/click.ro\/vedete\/vedete-romanesti\/cu-cine-s-au-intalnit-cristina-siscanu-si-madalin-2514604.html\" rel=\"nofollow noopener\" target=\"_blank\">escapade <\/a>relaxante al\u0103turi de familie. Transformarea spectaculoas\u0103<br \/>\nnu a trecut neobservat\u0103.<\/p>\n<p>          <img decoding=\"async\" src=\"https:\/\/www.europesays.com\/ro\/wp-content\/uploads\/2026\/03\/1774444038_43_index.jpeg\" alt=\"Imagini cu Gabriela Cristea \u00een costum de baie dup\u0103 ce a sl\u0103bit 30 de kilograme \/ foto: arhiva Click!\" width=\"1400\" height=\"750\" loading=\"eager\" fetchpriority=\"high\" class=\"svelte-h45upf\"\/><\/p>\n<p>Imagini cu Gabriela Cristea \u00een costum de baie dup\u0103 ce a sl\u0103bit 30 de kilograme \/ foto: arhiva Click!<\/p>\n<p class=\"svelte-bl2hr5\">La 51 de ani, Gabriela Cristea \u0219i-a uimit fanii dup\u0103 ce a<br \/>\nap\u0103rut cu 30 de kilograme mai pu\u021bin. Aflat\u0103 \u00een weeken \u00een Italia \u00eempreun\u0103 cu cei<br \/>\ndragi, vedeta a renun\u021bat la inhibi\u021bii \u0219i s-a l\u0103sat fotografiat\u0103 \u00een costum de<br \/>\nbaie, \u00eentr-un centru spa unde a mers pentru relaxare.<\/p>\n<p class=\"svelte-bl2hr5\">Fosta prezentatoare TV petrece timp de calitate al\u0103turi de<br \/>\nfamilie \u00een \u021bara \u00een care \u0219i-au cump\u0103rat o cas\u0103 \u0219i pe care inten\u021bioneaz\u0103 s\u0103 o<br \/>\nrenoveze. <a href=\"https:\/\/click.ro\/actualitate\/fapt-divers\/a-vizitat-peste-80-de-tari-dar-nu-recomanda-doua-2517121.html\" rel=\"nofollow noopener\" target=\"_blank\">Vacan\u021ba <\/a>s-a transformat \u00eentr-un prilej perfect pentru odihn\u0103, iar<br \/>\nimaginile publicate online o arat\u0103 pe vedet\u0103 m\u00e2ndr\u0103 de noua ei form\u0103 fizic\u0103.<\/p>\n<p class=\"svelte-bl2hr5\">Al\u0103turi de so\u021bul ei, Tavi Clonda, \u0219i de cele dou\u0103 feti\u021be,<br \/>\nGabriela Cristea le-a ar\u0103tat urm\u0103ritorilor cum arat\u0103 zilele lor departe de<br \/>\nagita\u021bie. Ie\u0219irea la spa a fost momentul \u00een care vedeta \u0219i-a pus \u00een eviden\u021b\u0103<br \/>\nsilueta ob\u021binut\u0103 dup\u0103 un proces lung \u0219i solicitant.<\/p>\n<p>          Cum a reu\u0219it transformarea \u0219i ce spune despre metodele<br \/>\nfolosite<\/p>\n<p class=\"svelte-bl2hr5\">Schimbarea fizic\u0103 a venit dup\u0103 o perioad\u0103 \u00een care a fost<br \/>\nintens criticat\u0103 pentru kilogramele \u00een plus. Vedeta a decis s\u0103 vorbeasc\u0103<br \/>\ndeschis despre eforturile f\u0103cute \u0219i despre pa\u0219ii urma\u021bi pentru a sl\u0103bi s\u0103n\u0103tos.<br \/>\nInvitat\u0103 \u00een emisiunea lui Dan Capatos, Gabriela Cristea a explicat clar c\u0103 nu a<br \/>\nales variante rapide \u0219i nici interven\u021bii chirurgicale, \u00een ciuda specula\u021biilor<br \/>\nap\u0103rute \u00een spa\u021biul public.<\/p>\n<p>            Mai multe pentru tine<\/p>\n<p class=\"svelte-bl2hr5\">\u201eAm sl\u0103bit foarte mult. M\u0103 \u00eengr\u0103\u0219asem foarte tare \u00eenainte<br \/>\ns\u0103 termin programul de televiziune. Nu o s\u0103 povestesc acum pentru c\u0103 \u00eenc\u0103 sunt<br \/>\n\u00een proces de sl\u0103bire \u0219i sunt supersti\u021bioas\u0103. Oricum am f\u0103cut o chestie foarte<br \/>\npolitically correct. Nu m-am <a href=\"https:\/\/click.ro\/vedete\/vedete-romanesti\/fiul-lui-kamara-a-fost-operat-din-nou-cum-se-2514378.html\" rel=\"nofollow noopener\" target=\"_blank\">operat<\/a>, dac\u0103 asta era \u00eentrebarea. Am sl\u0103bit 30 de<br \/>\nkilograme. C\u00e2nd am terminat programul de televiziune, da, aveam. Adic\u0103 \u00een urm\u0103<br \/>\ncu un an \u0219i ceva. Da, \u0219i foarte mul\u021bi speciali\u0219ti au fost implica\u021bi.<\/p>\n<p class=\"svelte-bl2hr5\">Nu v\u0103 g\u00e2ndi\u021bi doar s\u0103 sl\u0103bi\u021bi, pentru c\u0103 dac\u0103 v\u0103 apuca\u021bi<br \/>\ns\u0103 sl\u0103bi\u021bi prost, v\u0103 cade p\u0103rul, face\u021bi tot felul de efecte secundare. Adic\u0103<br \/>\nf\u0103ce\u021bi-o cu cap \u0219i nu v\u0103 lua\u021bi dup\u0103 ce zic Vasilica \u0219i Monica pe TikTok.<br \/>\nApela\u021bi la speciali\u0219ti\u201d, a spus Gabriela Cristea.<\/p>\n","protected":false},"excerpt":{"rendered":"Gabriela Cristea \u0219i-a etalat noua siluet\u0103 f\u0103r\u0103 re\u021bineri, \u00een timpul unei escapade relaxante al\u0103turi de familie. Transformarea spectaculoas\u0103&hellip;\n","protected":false},"author":2,"featured_media":144356,"comment_status":"","ping_status":"","sticky":false,"template":"","format":"standard","meta":{"footnotes":"","_share_on_mastodon":"0"},"categories":[5],"tags":[32,33,31,11388,36,37,24670,27,34,35,25,41,40,38,39,26,28,29,30,81],"class_list":["post-144355","post","type-post","status-publish","format-standard","has-post-thumbnail","category-titluri","tag-breaking-news","tag-breakingnews","tag-cele-mai-populare-subiecte","tag-costum-de-baie","tag-featured-news","tag-featurednews","tag-gabriela-cristea","tag-headlines","tag-latest-news","tag-latestnews","tag-news","tag-ro","tag-romana","tag-romania","tag-romanian","tag-stiri","tag-titluri","tag-top-stories","tag-topstories","tag-video"],"share_on_mastodon":{"url":"https:\/\/pubeurope.com\/@ro\/116289971550411155","error":""},"_links":{"self":[{"href":"https:\/\/www.europesays.com\/ro\/wp-json\/wp\/v2\/posts\/144355","targetHints":{"allow":["GET"]}}],"collection":[{"href":"https:\/\/www.europesays.com\/ro\/wp-json\/wp\/v2\/posts"}],"about":[{"href":"https:\/\/www.europesays.com\/ro\/wp-json\/wp\/v2\/types\/post"}],"author":[{"embeddable":true,"href":"https:\/\/www.europesays.com\/ro\/wp-json\/wp\/v2\/users\/2"}],"replies":[{"embeddable":true,"href":"https:\/\/www.europesays.com\/ro\/wp-json\/wp\/v2\/comments?post=144355"}],"version-history":[{"count":0,"href":"https:\/\/www.europesays.com\/ro\/wp-json\/wp\/v2\/posts\/144355\/revisions"}],"wp:featuredmedia":[{"embeddable":true,"href":"https:\/\/www.europesays.com\/ro\/wp-json\/wp\/v2\/media\/144356"}],"wp:attachment":[{"href":"https:\/\/www.europesays.com\/ro\/wp-json\/wp\/v2\/media?parent=144355"}],"wp:term":[{"taxonomy":"category","embeddable":true,"href":"https:\/\/www.europesays.com\/ro\/wp-json\/wp\/v2\/categories?post=144355"},{"taxonomy":"post_tag","embeddable":true,"href":"https:\/\/www.europesays.com\/ro\/wp-json\/wp\/v2\/tags?post=144355"}],"curies":[{"name":"wp","href":"https:\/\/api.w.org\/{rel}","templated":true}]}}