{"id":147082,"date":"2026-03-29T12:19:06","date_gmt":"2026-03-29T12:19:06","guid":{"rendered":"https:\/\/www.europesays.com\/ro\/147082\/"},"modified":"2026-03-29T12:19:06","modified_gmt":"2026-03-29T12:19:06","slug":"un-barbat-a-anuntat-ca-si-inchiriaza-balconul-si-nu-se-astepta-la-ceea-ce-avea-sa-urmeze-s-a-mers-prea-departe","status":"publish","type":"post","link":"https:\/\/www.europesays.com\/ro\/147082\/","title":{"rendered":"Un b\u0103rbat a anun\u021bat c\u0103-\u0219i \u00eenchiriaz\u0103 balconul \u0219i nu se a\u0219tepta la ceea ce avea s\u0103 urmeze: \u201dS-a mers prea departe\u201d"},"content":{"rendered":"\n<ul class=\"bullets\">\n<li>\n<p>Media: Digi Sport Special, duminic\u0103, 20:15, DGS 1<\/p>\n<\/li>\n<li>\n<p>Tenis: Finala ATP Miami, duminic\u0103, 22:00, DGS 1<\/p>\n<\/li>\n<\/ul>\n<p>Partida dintre Bosnia \u0219i Italia se va disputa pe stadionul din Zenica (FOTO jos), care are o capacitate de 13.812 locuri, insuficient\u0103 pentru cererea de bilete uria\u0219\u0103. \u00cen acest context, un b\u0103rbat care locuie\u0219te \u00een apropierea arenei a anun\u021bat c\u0103-\u0219i \u00eenchiriaz\u0103 balconul pe durata meciului.<\/p>\n<p>Galerie FotoUn b\u0103rbat din Bosnia a glumit c\u0103-\u0219i \u00eenchiriaz\u0103 balconul pentru barajul CM 2026 cu Italia \u0219i a fost asaltat de oferte: \u201dCine nu a \u00een\u021beles c\u0103 a fost o glum\u0103, problema lui\u201d<\/p>\n<p>Pre\u021bul, pentru 4 persoane, era de 500 de euro \u0219i \u00een aceast\u0103 sum\u0103 erau incluse o gustare la gr\u0103tar \u0219i o b\u0103utur\u0103 la alegere. Av\u00e2nd \u00een vedere c\u0103 un tichet pe pia\u021ba neagr\u0103 a ajuns la nu mai pu\u021bin de 10.000 de euro, oferta p\u0103rea excelent\u0103, iar autorul anun\u021bului a fost asaltat cu mesaje.<\/p>\n<p>Dac\u0103 unii au \u00eencercat s\u0103 negocieze, al\u021bii erau gata s\u0103-i pl\u0103teasc\u0103 pe loc \u0219i chiar au existat persoane care i-au oferit ma\u0219ini \u00een schimb. Totul, \u00eens\u0103, a fost doar o glum\u0103.<\/p>\n<p>\u201dDragi oameni, \u00eenceta\u021bi \u0219i nu-mi mai oferi\u021bi diverse lucruri \u00een schimbul balconului. Toate astea au mers cam prea departe. Cine nu a \u00een\u021beles c\u0103 a fost o glum\u0103, problema lui. Balconul r\u0103m\u00e2ne rezervat exclusiv familiei \u0219i at\u00e2t\u201d, a declarat b\u0103rbatul respectiv, potrivit <a href=\"https:\/\/sportsport.ba\/magazin\/zenicanin-ponude-balkon-bilino-polje\/519061\" target=\"_blank\" rel=\"noopener nofollow\" data-skip-linkfix=\"1\">sportsport.ba<\/a>.<\/p>\n<p>Capacitatea stadionului era oricum insuficient\u0103, dar bosniacii au mai primit o lovitur\u0103 din partea FIFA, care <a href=\"https:\/\/www.digisport.ro\/fotbal\/cm-2026\/romania-implicata-fifa-a-luat-masuri-dure-inainte-de-bosnia-italia-4166661\" target=\"_blank\" rel=\"noopener nofollow\" data-skip-linkfix=\"1\">a \u00eenchis c\u00e2teva sectoare<\/a> ca urmare a incidentelor survenite \u00een timpul meciului cu<a href=\"https:\/\/www.digisport.ro\/fotbal\/echipa-nationala\/bosnia-romania-3-1-s-a-terminat-tricolorii-au-pierdut-orice-sansa-de-a-prinde-barajul-din-preliminarii-3924571\" target=\"_blank\" rel=\"noopener nofollow\" data-skip-linkfix=\"1\">\u00a0Rom\u00e2nia (3-1)<\/a> din noiembrie 2025. Astfel, doar 8.800 de persoane vor putea asista la duelul cu Italia.<\/p>\n<p>Bosnia \u0219i Her\u021begovina \u0219i Italia au fost prezente ultima dat\u0103 la Campionatul Mondial \u00een 2014<\/p>\n<p>\u201dSquadra Azzurra\u201d a trecut \u00een semifinalele barajului de Irlanda de Nord, scor 2-0, \u00een timp ce Bosnia \u0219i Her\u021begovina s-a impus \u00een \u021aara Galilor, scor 1-1, 4-2 dup\u0103 loviturile de departajare, \u00eentr-un joc <a href=\"https:\/\/www.digisport.ro\/fotbal\/cm-2026\/istvan-kovacs-a-avut-un-meci-intens-la-cardiff-bosnia-s-a-calificat-la-penalty-uri-dupa-ce-a-ratat-prima-4163897\" target=\"_blank\" rel=\"noopener nofollow\" data-skip-linkfix=\"1\">arbitrat de Istvan Kovacs<\/a>.<\/p>\n<p>Prima \u0219i singura prezen\u021b\u0103 a Bosniei la Cupa Mondial\u0103 a fost \u00een 2014, \u00een Brazilia, c\u00e2nd n-a reu\u0219it s\u0103 treac\u0103 de o grup\u0103 cu Argentina, Nigeria \u0219i Iran. De partea cealalt\u0103, Italia, a doua cea mai titrat\u0103 echip\u0103 din istoria CM cu 4 trofee, nu s-a calificat nici ea la ultimele dou\u0103 turnee finale, \u00een 2018 \u0219i 2022.<\/p>\n<ul>\n<li>\u00cen 2014, Italia nu a trecut de faza grupelor, dup\u0103 ce a fost \u00eenvins\u0103 de Costa Rica \u0219i Uruguay \u0219i a c\u00e2\u0219tigat un singur meci, cu Anglia.<\/li>\n<\/ul>\n<p>VIDEO Rezumat Italia &#8211; Irlanda de Nord 2-0   <\/p>\n<p>  Etichete:  <a href=\"https:\/\/www.digisport.ro\/eticheta\/zenica\" rel=\"nofollow noopener\" target=\"_blank\">zenica<\/a> , <a href=\"https:\/\/www.digisport.ro\/eticheta\/baraj-cm-2026\" rel=\"nofollow noopener\" target=\"_blank\">baraj cm 2026<\/a> , <a href=\"https:\/\/www.digisport.ro\/eticheta\/bosnia-hertegovina-italia\" rel=\"nofollow noopener\" target=\"_blank\">bosnia hertegovina italia<\/a> , <a href=\"https:\/\/www.digisport.ro\/eticheta\/stadion-zenica\" rel=\"nofollow noopener\" target=\"_blank\">stadion zenica<\/a> , <a href=\"https:\/\/www.digisport.ro\/eticheta\/balcon-zenica\" rel=\"nofollow noopener\" target=\"_blank\">balcon zenica<\/a> , <a href=\"https:\/\/www.digisport.ro\/eticheta\/balcon-bosnia\" rel=\"nofollow noopener\" target=\"_blank\">balcon bosnia<\/a>   <\/p>\n<p>Urm\u0103re\u0219te \u0219tirile digisport.ro \u0219i pe <a href=\"https:\/\/news.google.com\/publications\/CAAiENr1L9HFNMG5hpp5zTfVtpsqFAgKIhDa9S_RxTTBuYaaec031bab?ceid=RO:ro&amp;oc=3\" target=\"_blank\" rel=\"external nofollow noopener\">Google News<\/a><\/p>\n<p>   Noua Aplica\u0163ie Digi Sport poate fi desc\u0103rcat\u0103 din   <\/p>\n","protected":false},"excerpt":{"rendered":"Media: Digi Sport Special, duminic\u0103, 20:15, DGS 1 Tenis: Finala ATP Miami, duminic\u0103, 22:00, DGS 1 Partida dintre&hellip;\n","protected":false},"author":2,"featured_media":147083,"comment_status":"","ping_status":"","sticky":false,"template":"","format":"standard","meta":{"footnotes":"","_share_on_mastodon":"0"},"categories":[5],"tags":[43370,43369,17293,43367,32,33,31,36,37,27,34,35,25,41,40,38,39,43368,26,28,29,30,9326],"class_list":["post-147082","post","type-post","status-publish","format-standard","has-post-thumbnail","category-titluri","tag-balcon-bosnia","tag-balcon-zenica","tag-baraj-cm-2026","tag-bosnia-hertegovina-italia","tag-breaking-news","tag-breakingnews","tag-cele-mai-populare-subiecte","tag-featured-news","tag-featurednews","tag-headlines","tag-latest-news","tag-latestnews","tag-news","tag-ro","tag-romana","tag-romania","tag-romanian","tag-stadion-zenica","tag-stiri","tag-titluri","tag-top-stories","tag-topstories","tag-zenica"],"share_on_mastodon":{"url":"https:\/\/pubeurope.com\/@ro\/116312431981802189","error":""},"_links":{"self":[{"href":"https:\/\/www.europesays.com\/ro\/wp-json\/wp\/v2\/posts\/147082","targetHints":{"allow":["GET"]}}],"collection":[{"href":"https:\/\/www.europesays.com\/ro\/wp-json\/wp\/v2\/posts"}],"about":[{"href":"https:\/\/www.europesays.com\/ro\/wp-json\/wp\/v2\/types\/post"}],"author":[{"embeddable":true,"href":"https:\/\/www.europesays.com\/ro\/wp-json\/wp\/v2\/users\/2"}],"replies":[{"embeddable":true,"href":"https:\/\/www.europesays.com\/ro\/wp-json\/wp\/v2\/comments?post=147082"}],"version-history":[{"count":0,"href":"https:\/\/www.europesays.com\/ro\/wp-json\/wp\/v2\/posts\/147082\/revisions"}],"wp:featuredmedia":[{"embeddable":true,"href":"https:\/\/www.europesays.com\/ro\/wp-json\/wp\/v2\/media\/147083"}],"wp:attachment":[{"href":"https:\/\/www.europesays.com\/ro\/wp-json\/wp\/v2\/media?parent=147082"}],"wp:term":[{"taxonomy":"category","embeddable":true,"href":"https:\/\/www.europesays.com\/ro\/wp-json\/wp\/v2\/categories?post=147082"},{"taxonomy":"post_tag","embeddable":true,"href":"https:\/\/www.europesays.com\/ro\/wp-json\/wp\/v2\/tags?post=147082"}],"curies":[{"name":"wp","href":"https:\/\/api.w.org\/{rel}","templated":true}]}}