{"id":149692,"date":"2026-04-01T21:46:12","date_gmt":"2026-04-01T21:46:12","guid":{"rendered":"https:\/\/www.europesays.com\/ro\/149692\/"},"modified":"2026-04-01T21:46:12","modified_gmt":"2026-04-01T21:46:12","slug":"unda-verde-din-parlament-a-fost-adoptat-anul-ilie-nastase","status":"publish","type":"post","link":"https:\/\/www.europesays.com\/ro\/149692\/","title":{"rendered":"Und\u0103 verde din Parlament! A fost adoptat \u201eAnul Ilie N\u0103stase\u201d"},"content":{"rendered":"<p>\n            Articol de <a rel=\"author nofollow noopener\" href=\"https:\/\/www.gsp.ro\/autor\/maria-olteanu-3927.html\" target=\"_blank\">Maria Olteanu<\/a>            &#8211; Publicat miercuri, 01 aprilie 2026 18:03            \/ Actualizat miercuri, 01 aprilie 2026 18:31                    <\/p>\n<p class=\"do-not-hide\">Ini\u021biat\u0103 de mai mul\u021bi deputa\u021bi AUR, PSD, POT \u0219i deputa\u021bi neafilia\u021bi, propunerea legislativ\u0103 a primit und\u0103 verde, de\u0219i a fost extrem de controversat\u0103. <\/p>\n<p class=\"do-not-hide\">\u00cen 2027 se vor aniversa 60 de ani de c\u00e2nd Ilie N\u0103stase, care pe 19 iulie va \u00eemplini 80 de ani, a c\u00e2\u0219tigat primul trofeu din carier\u0103, la Cannes.<\/p>\n<p>Ilie N\u0103stase a fost unul dintre cei mai importan\u021bi juc\u0103tori de\u00a0tenis\u00a0ai anilor &#8217;70, fiind lider mondial \u00een 1973. Iar printre cele 58 de titluri la simplu, pe care le-a c\u00e2\u0219tigat de-a lungul carierei, se num\u0103r\u0103 \u0219i\u00a0dou\u0103 Grand Slam-uri: US Open 1972, respectiv Roland Garros 1973.Mai mult, acesta a c\u00e2\u0219tigat de patru ori Turneul Campionilor, \u00een anii 1971, 1972, 1973 \u0219i 1975.<\/p>\n<p>Mesajul transmis de Elisabeta Lip\u0103, dup\u0103 ce anul 2027 a fost declarat \u201eAnul Ilie N\u0103stase\u201d<\/p>\n<p>Din cei 290 de parlamentari prezen\u021bi la \u0219edin\u021ba de miercuri, 1 aprilie, 246 au votat \u201epentru\u201d, cinci au votat \u201econtra\u201d, 38 s-au ab\u021binut, \u00een timp ce unul singur nu a votat. Acest proiect de lege a fost ini\u021biat de deputatul Ciprian Paraschiv.<\/p>\n<p>\u201eAst\u0103zi, \u00een plenul Camerei Deputa\u021bilor, s-a votat proiectul de lege privind instituirea anului 2027 ca \u201eAnul Ilie N\u0103stase\u201d \u00een sport, a\u0219a cum 2026 este Anul Nadiei Com\u0103neci.<\/p>\n<p>Le mul\u021bumesc colegilor mei c\u0103, prin votul lor, pentru al doilea an consecutiv, omagiem o legend\u0103 a sportului mondial \u2013 unicul Ilie N\u0103stase, primul num\u0103r 1 mondial \u0219i singurul juc\u0103tor de tenis din Rom\u00e2nia care a c\u00e2\u0219tigat Turneul Campionilor \u0219i 7 turnee de Grand Slam. Va fi foarte greu ca, \u00een urm\u0103torul secol, un juc\u0103tor rom\u00e2n s\u0103-l egaleze. Rom\u00e2nia nu duce lips\u0103 de valori, ci doar de felul \u00een care \u0219tie s\u0103 le pre\u021buiasc\u0103.<\/p>\n<p>Uneori, cei care nu au scris istorie \u00ee\u0219i permit s\u0103 o judece, uit\u00e2nd c\u0103 respectul nu se voteaz\u0103, ci se c\u00e2\u0219tig\u0103. Este u\u0219or s\u0103 pui sub semnul \u00eentreb\u0103rii o legend\u0103 atunci c\u00e2nd nu ai construit nimic care s\u0103 d\u0103inuie \u00een timp.<\/p>\n<p>\u0218i, pentru c\u0103 unii dintre colegii no\u0219tri au declarat de la tribuna Parlamentului c\u0103 nu sunt de acord cu omagierea inegalabilului Ilie N\u0103stase, le recomand s\u0103 vizioneze filmul dedicat lui \u2013 \u201eNasty\u201d, unde vor putea auzi \u0219i vedea ce spun despre el marile personalit\u0103\u021bi ale lumii\u201d, a scris Elisabeta Lip\u0103, pe pagina de Facebook. <\/p>\n<p>                    <a href=\"https:\/\/www.gsp.ro\/sporturi\/tenis\/ilie-nastase-evergreen-637395-galerie-foto-pic-1167415.html?sourcearticle=923490\" class=\"thumb gallery-in-article__main\" rel=\"nofollow noopener\" target=\"_blank\"><br \/>\n                        <img decoding=\"async\" src=\"https:\/\/www.europesays.com\/ro\/wp-content\/uploads\/2026\/04\/1626716392133.jpg\" class=\"wow fadeIn\" alt=\"Ilie N\u0103stase, foto: GSP\" width=\"375\" height=\"250\" loading=\"lazy\"\/><\/p>\n<p>                    <\/a><\/p>\n<blockquote>\n<p>Din p\u0103cate, \u00een plen au existat \u0219i voci care au ales s\u0103 minimalizeze aceast\u0103 ini\u021biativ\u0103, catalog\u00e2nd-o \u00een mod ru\u0219inos drept \u201echermeze, chiolhanuri \u0219i sifon\u0103rii de bani publici\u201d. Astfel de declara\u021bii nu spun nimic despre Ilie N\u0103stase, ci spun totul despre cei care le fac.<\/p>\n<p>\u00centr-un context \u00een care sportul rom\u00e2nesc traverseaz\u0103 o perioad\u0103 critic\u0103 \u2013 cu un buget insuficient de doar 560 de milioane de lei, cu federa\u021bii care func\u021bioneaz\u0103 la limit\u0103 \u0219i f\u0103r\u0103 premiere pentru performan\u021be interna\u021bionale \u2013 avem cu at\u00e2t mai mult nevoie de modele autentice.<br \/>Iar pentru c\u0103 respectul pentru performan\u021b\u0103 trebuie s\u0103 r\u0103m\u00e2n\u0103 o lec\u021bie pentru to\u021bi, amintesc cuvintele lui Octavian Bellu, cel mai titrat antrenor din istoria gimnasticii: \u201eOamenii care au succes fac ceea ce trebuie, ceilal\u021bi fac ceea ce \u0219tiu.\u201d<\/p>\n<p>Rom\u00e2nia are nevoie de respect, de memorie \u0219i de recuno\u0219tin\u021b\u0103. Iar legendele nu se voteaz\u0103. Se onoreaz\u0103.<\/p>\n<p>&#8211; Elisabeta Lip\u0103, dup\u0103 votul din Parlament<\/p>\n<\/blockquote>\n","protected":false},"excerpt":{"rendered":"Articol de Maria Olteanu &#8211; Publicat miercuri, 01 aprilie 2026 18:03 \/ Actualizat miercuri, 01 aprilie 2026 18:31&hellip;\n","protected":false},"author":2,"featured_media":149693,"comment_status":"","ping_status":"","sticky":false,"template":"","format":"standard","meta":{"footnotes":"","_share_on_mastodon":"0"},"categories":[10],"tags":[39641,32,33,31,36,37,27,1783,34,35,25,824,41,40,38,39,26,657,28,29,30],"class_list":["post-149692","post","type-post","status-publish","format-standard","has-post-thumbnail","category-romania","tag-anul-ilie-nastase","tag-breaking-news","tag-breakingnews","tag-cele-mai-populare-subiecte","tag-featured-news","tag-featurednews","tag-headlines","tag-ilie-nastase","tag-latest-news","tag-latestnews","tag-news","tag-parlament","tag-ro","tag-romana","tag-romania","tag-romanian","tag-stiri","tag-tenis","tag-titluri","tag-top-stories","tag-topstories"],"share_on_mastodon":{"url":"https:\/\/pubeurope.com\/@ro\/116331648389182507","error":""},"_links":{"self":[{"href":"https:\/\/www.europesays.com\/ro\/wp-json\/wp\/v2\/posts\/149692","targetHints":{"allow":["GET"]}}],"collection":[{"href":"https:\/\/www.europesays.com\/ro\/wp-json\/wp\/v2\/posts"}],"about":[{"href":"https:\/\/www.europesays.com\/ro\/wp-json\/wp\/v2\/types\/post"}],"author":[{"embeddable":true,"href":"https:\/\/www.europesays.com\/ro\/wp-json\/wp\/v2\/users\/2"}],"replies":[{"embeddable":true,"href":"https:\/\/www.europesays.com\/ro\/wp-json\/wp\/v2\/comments?post=149692"}],"version-history":[{"count":0,"href":"https:\/\/www.europesays.com\/ro\/wp-json\/wp\/v2\/posts\/149692\/revisions"}],"wp:featuredmedia":[{"embeddable":true,"href":"https:\/\/www.europesays.com\/ro\/wp-json\/wp\/v2\/media\/149693"}],"wp:attachment":[{"href":"https:\/\/www.europesays.com\/ro\/wp-json\/wp\/v2\/media?parent=149692"}],"wp:term":[{"taxonomy":"category","embeddable":true,"href":"https:\/\/www.europesays.com\/ro\/wp-json\/wp\/v2\/categories?post=149692"},{"taxonomy":"post_tag","embeddable":true,"href":"https:\/\/www.europesays.com\/ro\/wp-json\/wp\/v2\/tags?post=149692"}],"curies":[{"name":"wp","href":"https:\/\/api.w.org\/{rel}","templated":true}]}}