{"id":149781,"date":"2026-04-01T23:05:11","date_gmt":"2026-04-01T23:05:11","guid":{"rendered":"https:\/\/www.europesays.com\/ro\/149781\/"},"modified":"2026-04-01T23:05:11","modified_gmt":"2026-04-01T23:05:11","slug":"stadionul-pe-care-nationala-a-scris-istorie-se-va-demola-o-arena-ultramoderna-de-18-000-de-locuri-va-fi-construita","status":"publish","type":"post","link":"https:\/\/www.europesays.com\/ro\/149781\/","title":{"rendered":"Stadionul pe care na\u021bionala a scris istorie se va demola \u00bb O aren\u0103 ultramodern\u0103 de 18.000 de locuri va fi construit\u0103"},"content":{"rendered":"<p>\n            Articol de <a rel=\"author nofollow noopener\" href=\"https:\/\/www.gsp.ro\/autor\/maria-olteanu-3927.html\" target=\"_blank\">Maria Olteanu<\/a>            &#8211; Publicat miercuri, 01 aprilie 2026 19:57            \/ Actualizat miercuri, 01 aprilie 2026 20:01                    <\/p>\n<p>Dup\u0103 ce echipa na\u021bional\u0103 a Bosniei \u0219i Her\u021begovinei <a target=\"_self\" class=\"editor-link\" href=\"https:\/\/www.gsp.ro\/international\/campionatul-mondial-de-fotbal-2026\/live-ultimele-baraje-campionatul-mondial-2026-922954.html\" rel=\"nofollow noopener\">\u0219i-a asigurat calificarea la Cupa Mondial\u0103 din aceast\u0103 var\u0103<\/a>, ob\u021bin\u00e2nd un succes istoric \u00een fa\u021ba Italiei, la penalty-uri, pre\u0219edintele federa\u021biei, Vico Zeljkovic (37 de ani), s-a adresat publicului \u00eentr-o conferin\u021b\u0103 de pres\u0103. El a dezv\u0103luit planuri ambi\u021bioase pentru viitor, inclusiv construirea unui nou stadion la Zenica, ora\u0219 unde na\u021bionala a reu\u0219it uria\u0219ul rezultat.<\/p>\n<p class=\"do-not-hide\">Bosnia \u0219i Her\u021begovina a reu\u0219it o performan\u021b\u0103 istoric\u0103, calific\u00e2ndu-se pentru a doua oar\u0103 la Mondial. Aceast\u0103 realizare a venit pe stadionul \u201eBilino Polje\u201d din Zenica, dar arena pe care \u201edragonii\u201d au scris istorie va fi demolat\u0103, iar \u00een locul ei va fi construit\u0103 o nou\u0103 aren\u0103 modern\u0103.<\/p>\n<p>Stadionul din Zenica va fi demolat<\/p>\n<blockquote>\n<p>Dup\u0103 succesele anterioare, am \u00eent\u00e2mpinat probleme \u0219i nu am gestionat bine c\u00e2\u0219tigurile financiare. Nu vom repeta aceast\u0103 gre\u0219eal\u0103. <\/p>\n<p>Avem planuri serioase, iar unul dintre ele este construirea unui stadion na\u021bional. Stadionul existent din Zenica va fi demolat \u0219i \u00een locul s\u0103u se va construi unul nou, cu o capacitate de 18.000 de locuri, \u00een conformitate cu toate standardele FIFA \u0219i UEFA. Aceasta este o mo\u0219tenire care va r\u0103m\u00e2ne genera\u021biilor viitoare.<\/p>\n<p>&#8211; Vico Zeljkovi\u0107, pre\u0219edinte Federa\u021bia Bosniac\u0103<\/p>\n<\/blockquote>\n<p>\u00cen continuare, Zeljkovi\u0107 a subliniat noile obiective ale echipei na\u021bionale de fotbal, dup\u0103 calificarea la Mondial. <\/p>\n<p>\u201eObiectivul nostru este s\u0103 facem un pas \u00eenainte \u0219i s\u0103 ie\u0219im din grup\u0103. Fac apel la publicul sportiv s\u0103 nu pun\u0103 presiune pe echip\u0103, ci s\u0103 le permit\u0103 s\u0103 se bucure \u0219i s\u0103 foloseasc\u0103 Mondialul ca o experien\u021b\u0103 suplimentar\u0103. <\/p>\n<p>De ast\u0103zi, principalul nostru obiectiv este s\u0103 ne calific\u0103m pentru prima dat\u0103 la EURO. Mergem la Cupa Mondial\u0103 cu inten\u021bia de a fi serio\u0219i, dar repet, f\u0103r\u0103 presiune asupra selec\u021bionerului \u0219i a juc\u0103torilor\u201d, a mai spus acesta, citat de <a target=\"_self\" class=\"editor-link\" href=\"https:\/\/sportal.blic.rs\/prica\/u-bih-ruse-bilino-polje-stadion-na-kom-su-pobedili-italiju-i-plasirali-se-na-mundijal-2026040115373034049\" rel=\"nofollow noopener\">sportal.blic.rs.<\/a><\/p>\n<p>Reprezentativa Bosniei \u0219i Her\u021begovinei va juca la Mondialul nord-american \u00een grup\u0103 cu selec\u021bionatele Canadei, Qatarului \u0219i Elve\u021biei.<\/p>\n","protected":false},"excerpt":{"rendered":"Articol de Maria Olteanu &#8211; Publicat miercuri, 01 aprilie 2026 19:57 \/ Actualizat miercuri, 01 aprilie 2026 20:01&hellip;\n","protected":false},"author":2,"featured_media":149782,"comment_status":"","ping_status":"","sticky":false,"template":"","format":"standard","meta":{"footnotes":"","_share_on_mastodon":"0"},"categories":[20],"tags":[15946,41,40,38,39,185,184,369,44005,9326],"class_list":["post-149781","post","type-post","status-publish","format-standard","has-post-thumbnail","category-sport","tag-bosnia-hertegovina","tag-ro","tag-romana","tag-romania","tag-romanian","tag-sport","tag-sports","tag-stadion","tag-stadion-bosnia","tag-zenica"],"share_on_mastodon":{"url":"https:\/\/pubeurope.com\/@ro\/116331958913914900","error":""},"_links":{"self":[{"href":"https:\/\/www.europesays.com\/ro\/wp-json\/wp\/v2\/posts\/149781","targetHints":{"allow":["GET"]}}],"collection":[{"href":"https:\/\/www.europesays.com\/ro\/wp-json\/wp\/v2\/posts"}],"about":[{"href":"https:\/\/www.europesays.com\/ro\/wp-json\/wp\/v2\/types\/post"}],"author":[{"embeddable":true,"href":"https:\/\/www.europesays.com\/ro\/wp-json\/wp\/v2\/users\/2"}],"replies":[{"embeddable":true,"href":"https:\/\/www.europesays.com\/ro\/wp-json\/wp\/v2\/comments?post=149781"}],"version-history":[{"count":0,"href":"https:\/\/www.europesays.com\/ro\/wp-json\/wp\/v2\/posts\/149781\/revisions"}],"wp:featuredmedia":[{"embeddable":true,"href":"https:\/\/www.europesays.com\/ro\/wp-json\/wp\/v2\/media\/149782"}],"wp:attachment":[{"href":"https:\/\/www.europesays.com\/ro\/wp-json\/wp\/v2\/media?parent=149781"}],"wp:term":[{"taxonomy":"category","embeddable":true,"href":"https:\/\/www.europesays.com\/ro\/wp-json\/wp\/v2\/categories?post=149781"},{"taxonomy":"post_tag","embeddable":true,"href":"https:\/\/www.europesays.com\/ro\/wp-json\/wp\/v2\/tags?post=149781"}],"curies":[{"name":"wp","href":"https:\/\/api.w.org\/{rel}","templated":true}]}}