{"id":149821,"date":"2026-04-01T23:40:09","date_gmt":"2026-04-01T23:40:09","guid":{"rendered":"https:\/\/www.europesays.com\/ro\/149821\/"},"modified":"2026-04-01T23:40:09","modified_gmt":"2026-04-01T23:40:09","slug":"este-doliu-traim-o-tragedie-si-aici-nu-demisioneaza-nimeni","status":"publish","type":"post","link":"https:\/\/www.europesays.com\/ro\/149821\/","title":{"rendered":"\u201eEste doliu. Tr\u0103im o tragedie \u0219i aici nu demisioneaz\u0103 nimeni!\u201d"},"content":{"rendered":"<p>\n            Articol de <a rel=\"author nofollow noopener\" href=\"https:\/\/www.gsp.ro\/autor\/daniel-scorpie-62.html\" target=\"_blank\">Daniel Scorpie<\/a>            &#8211; Publicat miercuri, 01 aprilie 2026 21:05            \/ Actualizat miercuri, 01 aprilie 2026 21:06                    <\/p>\n<p>Fabio Capello s-a ar\u0103tat foarte \u00eengrijorat de criza grav\u0103 prin care trece fotbalul italian, dup\u0103 ce Squadra Azzurra a ratat pentru a treia oar\u0103 la r\u00e2nd calificarea la Campionatul Mondial. \u201eNu am putut dormi toat\u0103 noaptea, \u00eenc\u0103 nu-mi vine s\u0103 cred ce s-a \u00eent\u00e2mplat\u201d, a m\u0103rturisit fostul selec\u021bioner.<\/p>\n<p class=\"do-not-hide\">Legendarul Fabio Capello nu s-a ab\u021binut \u00een a califica absen\u021ba na\u021bionalei Italiei de la urm\u0103torul Mondial ca o \u201eru\u0219ine\u201d \u0219i o \u201etragedie sportiv\u0103\u201d. \u00centr-un dialog purtat cu ziari\u0219tii de la MARCA, fostul tehncian, acum \u00een v\u00e2rst\u0103 de 79 de ani, s-a ar\u0103tat foarte afectat de e\u0219ecul de la Zenica, cu Bosnia-Her\u021begovina, din play-off-ul CM. 2026.<\/p>\n<p class=\"do-not-hide\">\u201eN-am putut dormi toat\u0103 noaptea, \u00eenc\u0103 nu-mi vine s\u0103 cred ce s-a \u00eent\u00e2mplat\u201d, a m\u0103rturisit fostul selec\u021bioner, recunosc\u00e2nd impactul emo\u021bional profund provocat de aceast\u0103 nou\u0103 eliminare. <\/p>\n<p>Capello: \u201ePrimul care trebuie s\u0103-\u0219i asume responsabilitatea e pre\u0219edintele federa\u021biei, cu \u00eentreaga echip\u0103 de conducere\u201d<\/p>\n<p>Capello consider\u0103 c\u0103 e\u0219ecul Squadrei Azzurra are o dimensiune inacceptabil\u0103. \u201eVorbim despre o na\u021bional\u0103 care a c\u00e2\u0219tigat titlul mondial de patru ori. Aceasta este o tragedie sportiv\u0103, o ru\u0219ine. Este unul dintre cele mai grave lucruri care s-au \u00eent\u00e2mplat fotbalului italian \u00een istoria sa recent\u0103\u201d.<\/p>\n<p><img decoding=\"async\" src=\"https:\/\/www.europesays.com\/ro\/wp-content\/uploads\/2026\/04\/d32536d6-5501-4167-94cb-377d8daff9f0.jpg\" loading=\"lazy\" title=\"Gennaro Gattuso, al\u0103turi de Gianluigi Buffon, \u0219ef al delega\u021biei Italiei, \u0219i Gabriele Gravina, pre\u0219edintele FIGC. To\u021bi ar putea pleca din func\u021bii dup\u0103 ratarea calific\u0103rii la CM 2026 \/ Foto: Imago\" alt=\"Marele Fabio Capello demoleaz\u0103 fotbalul italian: \u201eEste doliu. Tr\u0103im o tragedie \u0219i aici nu demisioneaz\u0103 nimeni!\u201d\" width=\"738\" height=\"502\"\/><\/p>\n<p>Gennaro Gattuso, al\u0103turi de Gianluigi Buffon, \u0219ef al delega\u021biei Italiei, \u0219i Gabriele Gravina, pre\u0219edintele FIGC. To\u021bi ar putea pleca din func\u021bii dup\u0103 ratarea calific\u0103rii la CM 2026 \/ Foto: Imago<\/p>\n<p>Actualul analist TV \u0219i editorialist al Gazzettei dello Sport a dat vina \u0219i spre conducere, solicit\u00e2nd schimb\u0103ri urgente \u00een structura fotbalului italian. \u201eAici nimeni nu demisioneaz\u0103 \u0219i asta e cel mai \u00eengrijor\u0103tor. Primul care ar trebui s\u0103 \u00ee\u0219i asume responsabilitatea e pre\u0219edintele federa\u021biei, \u00eempreun\u0103 cu \u00eentreaga echip\u0103 de conducere\u201d.<\/p>\n<p>Fabio Capello crede c\u0103, dincolo de rezultatele slabe, problema e de natur\u0103 structural\u0103. \u201eTrebuie adu\u0219i speciali\u0219ti, s\u0103 se analizeze ce se \u00eent\u00e2mpl\u0103 \u0219i s\u0103 se \u00eenceap\u0103 o reconstruc\u021bie de la zero. Va fi foarte dificil s\u0103 ne revenim, dar am \u00eencredere c\u0103 va servi la \u00eenceperea unei adev\u0103rate re\u00eennoiri. Italia trebuie s\u0103 se reinventeze\u201d.<\/p>\n<p>Marele specialist italian a \u00eencheiat discu\u021bia cu MARCA reflect\u00e2nd asupra sentimentului general din \u021bar\u0103, unde fotbalul e tr\u0103it intens. \u201eItalia este \u00een doliu. Pentru o \u021bar\u0103 at\u00e2t de pasionat\u0103 de fotbal, s\u0103 r\u0103m\u00e2n\u0103 \u00een afara competi\u021biei pentru a treia oar\u0103 consecutiv este extrem de greu de acceptat\u201d.<\/p>\n","protected":false},"excerpt":{"rendered":"Articol de Daniel Scorpie &#8211; Publicat miercuri, 01 aprilie 2026 21:05 \/ Actualizat miercuri, 01 aprilie 2026 21:06&hellip;\n","protected":false},"author":2,"featured_media":149822,"comment_status":"","ping_status":"","sticky":false,"template":"","format":"standard","meta":{"footnotes":"","_share_on_mastodon":"0"},"categories":[20],"tags":[15946,1837,112,43080,41,40,38,39,185,184],"class_list":["post-149821","post","type-post","status-publish","format-standard","has-post-thumbnail","category-sport","tag-bosnia-hertegovina","tag-fabio-capello","tag-italia","tag-play-off-cm-2026","tag-ro","tag-romana","tag-romania","tag-romanian","tag-sport","tag-sports"],"share_on_mastodon":{"url":"https:\/\/pubeurope.com\/@ro\/116332096542974075","error":""},"_links":{"self":[{"href":"https:\/\/www.europesays.com\/ro\/wp-json\/wp\/v2\/posts\/149821","targetHints":{"allow":["GET"]}}],"collection":[{"href":"https:\/\/www.europesays.com\/ro\/wp-json\/wp\/v2\/posts"}],"about":[{"href":"https:\/\/www.europesays.com\/ro\/wp-json\/wp\/v2\/types\/post"}],"author":[{"embeddable":true,"href":"https:\/\/www.europesays.com\/ro\/wp-json\/wp\/v2\/users\/2"}],"replies":[{"embeddable":true,"href":"https:\/\/www.europesays.com\/ro\/wp-json\/wp\/v2\/comments?post=149821"}],"version-history":[{"count":0,"href":"https:\/\/www.europesays.com\/ro\/wp-json\/wp\/v2\/posts\/149821\/revisions"}],"wp:featuredmedia":[{"embeddable":true,"href":"https:\/\/www.europesays.com\/ro\/wp-json\/wp\/v2\/media\/149822"}],"wp:attachment":[{"href":"https:\/\/www.europesays.com\/ro\/wp-json\/wp\/v2\/media?parent=149821"}],"wp:term":[{"taxonomy":"category","embeddable":true,"href":"https:\/\/www.europesays.com\/ro\/wp-json\/wp\/v2\/categories?post=149821"},{"taxonomy":"post_tag","embeddable":true,"href":"https:\/\/www.europesays.com\/ro\/wp-json\/wp\/v2\/tags?post=149821"}],"curies":[{"name":"wp","href":"https:\/\/api.w.org\/{rel}","templated":true}]}}