{"id":150383,"date":"2026-04-02T12:30:08","date_gmt":"2026-04-02T12:30:08","guid":{"rendered":"https:\/\/www.europesays.com\/ro\/150383\/"},"modified":"2026-04-02T12:30:08","modified_gmt":"2026-04-02T12:30:08","slug":"surpriza-mircea-lucescu-a-plecat-oficial-de-la-nationala-romaniei-dar-nu-si-din-frf","status":"publish","type":"post","link":"https:\/\/www.europesays.com\/ro\/150383\/","title":{"rendered":"Surpriz\u0103! Mircea Lucescu a plecat oficial de la na\u021bionala Rom\u00e2niei, dar nu \u0219i din FRF!"},"content":{"rendered":"<p id=\"p-0\">Mircea Lucescu a plecat oficial de la echipa na\u021bional\u0103 a Rom\u00e2niei, iar acest lucru a fost comunicat de Federa\u021bia Rom\u00e2n\u0103 de Fotbal, printr-un mesaj transmis \u00een mediul online.<\/p>\n<p id=\"p-1\">\u00cen perioada \u00een care \u201eIl Luce\u201d a stat pe banca primei reprezentative, \u201eTricolorii\u201d au \u00eenregistrat 11 victorii, un rezultat de egalitate \u0219i \u0219ase \u00eenfr\u00e2ngeri.<\/p>\n<p>Mircea Lucescu s-a desp\u0103r\u021bit oficial de echipa na\u021bional\u0103<\/p>\n<p id=\"p-2\">\u00cen cursul zilei de joi, 2 aprilie 2026, Federa\u021bia Rom\u00e2n\u0103 de Fotbal a anun\u021bat c\u0103 <a style=\"color: #0000ff;\" href=\"https:\/\/www.prosport.ro\/fotbal-intern\/nationala\/mircea-lucescu-stare-sanatate-selectioner-20411780\" rel=\"nofollow noopener\" target=\"_blank\">Mircea Lucescu<\/a> s-a desp\u0103r\u021bit oficial de echipa na\u021bional\u0103 a Rom\u00e2niei. Sub comanda lui, \u201eTricolorii\u201d au \u00eenregistrat 11 victorii, un rezultat de egalitate \u0219i 11 \u00eenfr\u00e2ngeri.<\/p>\n<p id=\"p-3\">R\u0103zvan Burleanu, pre\u0219edintele FRF, a transmis <a style=\"color: #0000ff;\" href=\"https:\/\/www.prosport.ro\/fotbal-intern\/mesaj-mircea-lucescu-primar-oras-istoric-romania-20411648\" rel=\"nofollow noopener\" target=\"_blank\">un mesaj special pentru \u201eIl Luce\u201d<\/a>, prin care a \u021binut s\u0103 \u00ee\u0219i arate aprecierea fa\u021b\u0103 de experimentatul tehnician, despre care spune c\u0103 \u201ea venit s\u0103 dea totul pentru Rom\u00e2nia\u201d.<\/p>\n<p id=\"p-4\">\u201eDomnul Mircea Lucescu a acceptat aceast\u0103 provocare \u0219i a venit s\u0103 dea totul pentru Rom\u00e2nia, d\u00e2nd dovad\u0103 de o pasiune \u0219i o dedicare f\u0103r\u0103 margini. Prin efortul s\u0103u neobosit \u0219i devotamentul ar\u0103tat \u00een fiecare moment, a demonstrat ce \u00eenseamn\u0103 dragostea adev\u0103rat\u0103 pentru Echipa Na\u021bional\u0103 \u0219i pentru fotbal, c\u00e2\u0219tig\u00e2nd astfel respectul \u0219i recuno\u0219tin\u021ba noastr\u0103, a tuturor iubitorilor de fotbal\u201d, a declarat R\u0103zvan Burleanu, pre\u0219edintele Federa\u021biei Rom\u00e2ne de Fotbal.<\/p>\n<p id=\"p-5\">Sub conducerea lui Mircea Lucescu, echipa na\u021bional\u0103 a Rom\u00e2niei a reu\u0219it o campanie foarte bun\u0103 \u00een Liga Na\u021biunilor, \u00een urma c\u0103reia prima reprezentativ\u0103 a ajuns la barajul pentru calificarea la Campionatul Mondial din 2026. Cu toate acestea, \u201eIl Luce\u201d nu a reu\u0219it s\u0103 califice echipa la turneul final care se va disputa \u00een SUA, Mexic \u0219i Canada.<\/p>\n<p>Mircea Lucescu poate primi un post \u00een FRF<\/p>\n<p id=\"p-6\">Chiar dac\u0103 s-a desp\u0103r\u021bit de echipa na\u021bional\u0103 a Rom\u00e2niei, Mircea Lucescu poate face parte din echipa administrativ\u0103 a Federa\u021biei Rom\u00e2ne de Fotbal, a transmis R\u0103zvan Burleanu.<\/p>\n<p id=\"p-7\">\u201e\u00cel a\u0219tept\u0103m pe domnul Lucescu \u00eentr-un rol nou, \u00een lunile urm\u0103toare, la nivelul FRF, pentru ca fotbalul rom\u00e2nesc s\u0103 beneficieze de toat\u0103 cunoa\u0219terea pe care domnul Lucescu a acumulat-o \u00een cariera d\u00e2nsului, astfel \u00eenc\u00e2t s\u0103 putem s\u0103 ne preg\u0103tim \u0219i mai bine antrenorii \u0219i juc\u0103torii\u201d, a mai spus R\u0103zvan Burleanu.<\/p>\n","protected":false},"excerpt":{"rendered":"Mircea Lucescu a plecat oficial de la echipa na\u021bional\u0103 a Rom\u00e2niei, iar acest lucru a fost comunicat de&hellip;\n","protected":false},"author":2,"featured_media":150384,"comment_status":"","ping_status":"","sticky":false,"template":"","format":"standard","meta":{"footnotes":"","_share_on_mastodon":"0"},"categories":[20],"tags":[8816,855,584,1298,41,40,38,39,2388,185,184],"class_list":["post-150383","post","type-post","status-publish","format-standard","has-post-thumbnail","category-sport","tag-anunt-oficial","tag-echipa-nationala","tag-mircea-lucescu","tag-razvan-burleanu","tag-ro","tag-romana","tag-romania","tag-romanian","tag-selectioner-romania","tag-sport","tag-sports"],"share_on_mastodon":{"url":"https:\/\/pubeurope.com\/@ro\/116335124319828364","error":""},"_links":{"self":[{"href":"https:\/\/www.europesays.com\/ro\/wp-json\/wp\/v2\/posts\/150383","targetHints":{"allow":["GET"]}}],"collection":[{"href":"https:\/\/www.europesays.com\/ro\/wp-json\/wp\/v2\/posts"}],"about":[{"href":"https:\/\/www.europesays.com\/ro\/wp-json\/wp\/v2\/types\/post"}],"author":[{"embeddable":true,"href":"https:\/\/www.europesays.com\/ro\/wp-json\/wp\/v2\/users\/2"}],"replies":[{"embeddable":true,"href":"https:\/\/www.europesays.com\/ro\/wp-json\/wp\/v2\/comments?post=150383"}],"version-history":[{"count":0,"href":"https:\/\/www.europesays.com\/ro\/wp-json\/wp\/v2\/posts\/150383\/revisions"}],"wp:featuredmedia":[{"embeddable":true,"href":"https:\/\/www.europesays.com\/ro\/wp-json\/wp\/v2\/media\/150384"}],"wp:attachment":[{"href":"https:\/\/www.europesays.com\/ro\/wp-json\/wp\/v2\/media?parent=150383"}],"wp:term":[{"taxonomy":"category","embeddable":true,"href":"https:\/\/www.europesays.com\/ro\/wp-json\/wp\/v2\/categories?post=150383"},{"taxonomy":"post_tag","embeddable":true,"href":"https:\/\/www.europesays.com\/ro\/wp-json\/wp\/v2\/tags?post=150383"}],"curies":[{"name":"wp","href":"https:\/\/api.w.org\/{rel}","templated":true}]}}