{"id":153135,"date":"2026-04-06T15:47:11","date_gmt":"2026-04-06T15:47:11","guid":{"rendered":"https:\/\/www.europesays.com\/ro\/153135\/"},"modified":"2026-04-06T15:47:11","modified_gmt":"2026-04-06T15:47:11","slug":"oras-important-din-israel-atacat-cu-rachete-lansate-din-iran-bilantul-provizoriu-indica-doua-persoane-omorate","status":"publish","type":"post","link":"https:\/\/www.europesays.com\/ro\/153135\/","title":{"rendered":"Ora\u0219 important din Israel, atacat cu rachete lansate din Iran. Bilan\u021bul provizoriu indic\u0103 dou\u0103 persoane omor\u00e2te"},"content":{"rendered":"<p>Luni diminea\u021b\u0103, serviciile de urgen\u021b\u0103 israeliene (Magen David Adom \u0219i Pompierii) au raportat c\u0103 dou\u0103 rachete lansate din Iran au lovit ora\u0219ul Haifa. Conform presei locale, atacul a cauzat moartea a cel pu\u021bin dou\u0103 persoane \u0219i distrugerea unui imobil de locuin\u021be.<\/p>\n<p>\t\t\t<img decoding=\"async\" src=\"https:\/\/www.europesays.com\/ro\/wp-content\/uploads\/2026\/04\/1775490431_93_index.png\" alt=\"Misiunea continu\u0103 pentru localizarea eventualelor victime r\u0103mase prinse. FOTO: X\/@MidnightVision5\" width=\"1400\" height=\"750\" loading=\"eager\" fetchpriority=\"high\" class=\"svelte-h45upf\"\/><\/p>\n<p>Misiunea continu\u0103 pentru localizarea eventualelor victime r\u0103mase prinse. FOTO: X\/@MidnightVision5<\/p>\n<p>publicitate&#8221;); background-position: center center; background-repeat: no-repeat;&#8221;&gt;<\/p>\n<p>Echipele de interven\u021bie au extras dou\u0103 trupuri ne\u00eensufle\u021bite de sub ruinele cl\u0103dirii lovite de racheta balistic\u0103, relateaz\u0103\u00a0<a href=\"https:\/\/www.timesofisrael.com\/liveblog-april-6-2026\/\" rel=\"nofollow noopener\" target=\"_blank\">The Times of Israel.<\/a><\/p>\n<p>Reprezentan\u021bii Serviciului de Pompieri \u0219i Salvare au precizat c\u0103, dup\u0103 mai multe ore de c\u0103ut\u0103ri efectuate al\u0103turi de Comandamentul Frontului Intern, for\u021bele \u201eau recuperat dou\u0103 persoane blocate care au fost g\u0103site sub d\u0103r\u00e2m\u0103turi f\u0103r\u0103 semne de via\u0163\u0103\u201d.<\/p>\n<p>\u00cen prezent, misiunea continu\u0103 pentru localizarea\u00a0<a href=\"https:\/\/adevarul.ro\/stiri-externe\/in-lume\/atac-terorist-in-nordul-israelului-unde-doua-2496923.html\" rel=\"nofollow noopener\" target=\"_blank\">eventualelor victime<\/a>\u00a0r\u0103mase sub resturile construc\u021biei: <\/p>\n<p>\u201eOpera\u0163iunile \u015fi \u00eencerc\u0103rile de salvare sunt \u00eenc\u0103 \u00een curs \u00een acest moment, \u00een efortul de a ajunge la alte dou\u0103 persoane blocate\/disp\u0103rute\u201d, au ad\u0103ugat autorit\u0103\u021bile.<\/p>\n","protected":false},"excerpt":{"rendered":"Luni diminea\u021b\u0103, serviciile de urgen\u021b\u0103 israeliene (Magen David Adom \u0219i Pompierii) au raportat c\u0103 dou\u0103 rachete lansate din&hellip;\n","protected":false},"author":2,"featured_media":153136,"comment_status":"","ping_status":"","sticky":false,"template":"","format":"standard","meta":{"footnotes":"","_share_on_mastodon":"0"},"categories":[12],"tags":[32,33,31,36,37,43006,27,74,75,34,35,25,44785,41,40,38,39,26,28,29,30,44786,71,72,73],"class_list":["post-153135","post","type-post","status-publish","format-standard","has-post-thumbnail","category-international","tag-breaking-news","tag-breakingnews","tag-cele-mai-populare-subiecte","tag-featured-news","tag-featurednews","tag-haifa","tag-headlines","tag-international","tag-israel","tag-latest-news","tag-latestnews","tag-news","tag-rachete-lansate-din-iran","tag-ro","tag-romana","tag-romania","tag-romanian","tag-stiri","tag-titluri","tag-top-stories","tag-topstories","tag-victime-iran","tag-world","tag-world-news","tag-worldnews"],"share_on_mastodon":{"url":"https:\/\/pubeurope.com\/@ro\/116358548367664410","error":""},"_links":{"self":[{"href":"https:\/\/www.europesays.com\/ro\/wp-json\/wp\/v2\/posts\/153135","targetHints":{"allow":["GET"]}}],"collection":[{"href":"https:\/\/www.europesays.com\/ro\/wp-json\/wp\/v2\/posts"}],"about":[{"href":"https:\/\/www.europesays.com\/ro\/wp-json\/wp\/v2\/types\/post"}],"author":[{"embeddable":true,"href":"https:\/\/www.europesays.com\/ro\/wp-json\/wp\/v2\/users\/2"}],"replies":[{"embeddable":true,"href":"https:\/\/www.europesays.com\/ro\/wp-json\/wp\/v2\/comments?post=153135"}],"version-history":[{"count":0,"href":"https:\/\/www.europesays.com\/ro\/wp-json\/wp\/v2\/posts\/153135\/revisions"}],"wp:featuredmedia":[{"embeddable":true,"href":"https:\/\/www.europesays.com\/ro\/wp-json\/wp\/v2\/media\/153136"}],"wp:attachment":[{"href":"https:\/\/www.europesays.com\/ro\/wp-json\/wp\/v2\/media?parent=153135"}],"wp:term":[{"taxonomy":"category","embeddable":true,"href":"https:\/\/www.europesays.com\/ro\/wp-json\/wp\/v2\/categories?post=153135"},{"taxonomy":"post_tag","embeddable":true,"href":"https:\/\/www.europesays.com\/ro\/wp-json\/wp\/v2\/tags?post=153135"}],"curies":[{"name":"wp","href":"https:\/\/api.w.org\/{rel}","templated":true}]}}