{"id":153777,"date":"2026-04-07T15:48:07","date_gmt":"2026-04-07T15:48:07","guid":{"rendered":"https:\/\/www.europesays.com\/ro\/153777\/"},"modified":"2026-04-07T15:48:07","modified_gmt":"2026-04-07T15:48:07","slug":"n-avem-niciun-plan-ii-trimitem-la-moarte-acuzatia-care-cutremura-america-despre-razboiul-cu-iran","status":"publish","type":"post","link":"https:\/\/www.europesays.com\/ro\/153777\/","title":{"rendered":"\u201eN-avem niciun plan, \u00eei trimitem la moarte!&#8221; Acuza\u021bia care cutremur\u0103 America despre r\u0103zboiul cu Iran"},"content":{"rendered":"<p>\nMitul<br \/>\ninvincibilit\u0103\u021bii americane este tot mai mult pus sub semnul<br \/>\n\u00eentreb\u0103rii chiar propriii anali\u0219ti militari \u0219i politici.<br \/>\nAnalistul Scott Ritter trage un semnal de alarm\u0103 \u0219i sus\u021bine c\u0103<br \/>\nSUA risc\u0103 s\u0103 \u00ee\u0219i transforme solda\u021bii \u00een \u201ecarne de tun\u201d.<\/p>\n<p>\t\t\t<img decoding=\"async\" src=\"https:\/\/www.europesays.com\/ro\/wp-content\/uploads\/2026\/04\/1775576887_751_index.jpeg\" alt=\"Tot mai mul\u021bi anali\u0219ti spun c\u0103 SUA nu vor c\u00e2\u0219tiga f\u0103r\u0103 trupe la sol. FOTO: EPA EFE\" width=\"1400\" height=\"750\" loading=\"eager\" fetchpriority=\"high\" class=\"svelte-h45upf\"\/><\/p>\n<p>Tot mai mul\u021bi anali\u0219ti spun c\u0103 SUA nu vor c\u00e2\u0219tiga f\u0103r\u0103 trupe la sol. FOTO: EPA EFE<\/p>\n<p>publicitate&#8221;); background-position: center center; background-repeat: no-repeat;&#8221;&gt;<\/p>\n<p>\nStatele<br \/>\nUnite ale Americii au fost surprinse de ap\u0103rarea Iranului, iar tot<br \/>\nmai mul\u021bi exper\u021bi americani sus\u021bin c\u0103 administra\u021bia de la<br \/>\nWashington nu a planificat corect opera\u021biunea militar\u0103.<\/p>\n<p>\n\u201eTot<br \/>\nce facem ast\u0103zi nu a fost planificat anterior, doamnelor \u0219i<br \/>\ndomnilor. Nu exist\u0103 un plan de r\u0103zboi. \u00cel invent\u0103m pe m\u0103sur\u0103 ce<br \/>\n\u00eenaint\u0103m\u201d. Sunt acuza\u021biile lui Scott Ritter, un cunoscut analist<br \/>\nmilitar american, anterior ofi\u021ber de informa\u021bii american \u00een cadrul<br \/>\nCorpului Pu\u0219ca\u0219ilor Marini ai Statelor Unite \u0219i fost inspector de<br \/>\narme al Comisiei Speciale a Na\u021biunilor Unite.<\/p>\n<p>\t\t\tNu exist\u0103 control aerian<\/p>\n<p>\nAutor<br \/>\n\u0219i comentator, Ritter a intrat \u00een aten\u021bia presei americane din<br \/>\n2002, c\u00e2nd a devenit analist militar \u00een timpul Opera\u021biunii Furtun\u0103<br \/>\n\u00een De\u0219ert.<\/p>\n<p>\nAproape<br \/>\n25 de ani mai t\u00e2rziu, Scott Ritter a ie\u0219it din nou la ramp\u0103, de aceast\u0103 dat\u0103 cu acuza\u021bii<br \/>\ngrave. El a spus c\u0103 <a href=\"https:\/\/adevarul.ro\/stiri-interne\/evenimente\/sfatul-pe-care-i-l-ar-da-lui-trump-consilierul-sau-2519716.html\" rel=\"nofollow noopener\" target=\"_blank\">americanii nu au solu\u021bii \u00een Iran <\/a>din cauz\u0103 c\u0103<br \/>\nnu au controlul aerian \u00een acest r\u0103zboi, \u00eentocmai ca Rusia \u00een<br \/>\nUcraina.<\/p>\n<p>\n\u201eNu<br \/>\navem control asupra cerului sau m\u0103rii. Am f\u0103cut totul de la<br \/>\ndistan\u021b\u0103 \u0219i am r\u0103mas f\u0103r\u0103 rachete de croazier\u0103. Acum trebuie<br \/>\ns\u0103 intr\u0103m direct. \u0218i pe m\u0103sur\u0103 ce intr\u0103m, afl\u0103m c\u0103 ap\u0103rarea<br \/>\naerian\u0103 iranian\u0103 este foarte activ\u0103. Ne doboar\u0103 dronele, au lovit<br \/>\nun F-35&#8230; Nu avem controlul cerului a\u0219a cum sugereaz\u0103 el (n.a \u2013<br \/>\nse refer\u0103 la generalul McKenzie &#8211; fost comandant al CENTCOM). El nu<br \/>\nare habar despre ce vorbe\u0219te\u201d, a ad\u0103ugat Ritter.<\/p>\n<p>publicitate&#8221;); background-position: center center; background-repeat: no-repeat;&#8221;&gt;<\/p>\n<p>\u0218i nu s-a oprit<br \/>\naici cu afirma\u021biile. R\u0103zboiul nu a fost bine planificat, iar<br \/>\nautorit\u0103\u021bile mint, acuz\u0103 el. Afirma\u021biile sale au venit \u00een cadrul unui podcast g\u0103zduit de Daniel Davis, avertizor de integritate, \u0219i el celebru \u00eenc\u0103 din 2012 c\u00e2nd a scris un raport critic \u0219i un articol \u00een Armed Forces Journal \u00een care acuza conducerea militar\u0103 de la acea vreme c\u0103 minte <a href=\"https:\/\/adevarul.ro\/stiri-interne\/evenimente\/ce-ii-lipseste-romaniei-ca-sa-mearga-in-directia-2520449.html\" rel=\"nofollow noopener\" target=\"_blank\">\u00een privin\u021ba<\/a> progreselor reale din r\u0103zboiul din Afganistan.<\/p>\n<p>\n\u201eTot<br \/>\nce facem ast\u0103zi nu a fost planificat anterior, doamnelor \u0219i<br \/>\ndomnilor. Nu exist\u0103 un plan de r\u0103zboi. \u00cel invent\u0103m pe m\u0103sur\u0103 ce<br \/>\n\u00eenaint\u0103m. McKenzie nu spune adev\u0103rul. Implic\u0103 faptul c\u0103 acesta<br \/>\neste un plan. Nu exist\u0103 niciun plan, McKenzie!\u201d, a mai spus<br \/>\nexpertul.<\/p>\n<p>\t\t\t<a class=\"related-inline svelte-1t8qpgs\" data-gtrack=\"{&quot;event&quot;:&quot;utm_click&quot;,&quot;data&quot;:{&quot;event_category&quot;:&quot;article_related&quot;}}\" href=\"https:\/\/adevarul.ro\/stiri-interne\/evenimente\/sfatul-pe-care-i-l-ar-da-lui-trump-consilierul-sau-2519716.html\" title=\"Alt articol de interes pentru tine\" rel=\"nofollow noopener\" target=\"_blank\"><br \/>\n                    Sfatul pe care i l-ar da lui Trump consilierul s\u0103u rom\u00e2n din primul mandat. \u201eAsta e cu adev\u0103rat nedrept pentru Rom\u00e2nia\u201d<\/p>\n<p>                <\/a>Militarii americani, \u201ecarne de tun\u201d<\/p>\n<p>\nMilitarii<br \/>\namericani care vor intra \u00een Iran vor fi practic carne de tun, a<br \/>\nsugerat Scott Ritter. El a amintit de Arnhem, unde a avut loc o<br \/>\nb\u0103t\u0103lie s\u00e2ngeroas\u0103 \u00een Al Doilea R\u0103zboi Mondial, cu multe<br \/>\nvictime.\n<\/p>\n<p>\n\u201eVor<br \/>\nmuri. \u0218i ce? Ve\u021bi aduce para\u0219uti\u0219ti? Dumnezeu s\u0103-i binecuv\u00e2nteze<br \/>\npe cei de la trupele aeroportutate. Dar \u0219ti\u021bi ce? Pur \u0219i simplu<br \/>\nvor s\u0103ri \u0219i vor muri. G\u00e2ndi\u021bi-v\u0103 la Arnhem. G\u00e2ndi\u021bi-v\u0103 mai<br \/>\n\u00eent\u00e2i la Divizia Aeropurtat\u0103 Britanic\u0103 (n.a. \u2013 para\u0219uti\u0219tii<br \/>\nbritanici au fost decima\u021bi de germani \u00een b\u0103t\u0103lia de la Arnhem).<br \/>\nAsta i se va \u00eent\u00e2mpla oric\u0103rui para\u0219utist. Vor muri. Delta Force?<br \/>\nPermite\u021bi-mi s\u0103 v\u0103 spun un mic secret despre Delta Force: \u00een<br \/>\nFurtuna De\u0219ertului, fiecare inser\u021bie a fost detectat\u0103. Nu se<br \/>\nfuri\u0219au, fugeau pentru via\u021ba lor din prima zi\u201d, puncteaz\u0103 el.<\/p>\n<p>publicitate&#8221;); background-position: center center; background-repeat: no-repeat;&#8221;&gt;<\/p>\n<p>\nScott<br \/>\nRitter s-a \u00eenscris \u00een corul anali\u0219tilor militari \u0219i politici care<br \/>\nacuz\u0103 Statele Unite ale Americii c\u0103 se comit crime de r\u0103zboi \u0219i<br \/>\nc\u0103 SUA au \u00eenc\u0103lcat dreptul interna\u021bional atunci c\u00e2nd au decis s\u0103<br \/>\natace Iran.<\/p>\n<p>\nCei<br \/>\ncare au decis aceast\u0103 ac\u021biune sunt la fel de vinova\u021bi ca nazi\u0219tii,<br \/>\ncare au fost, se \u0219tie, judeca\u021bi \u00een procesul de la  N\u00fcrnberg, a<br \/>\nsus\u021binut Scott Ritter: \u201eAm fost \u00eembuiba\u021bi cu arogan\u021b\u0103 \u0219i<br \/>\nignoran\u021b\u0103. Este o combina\u021bie oribil\u0103. Comitem un r\u0103zboi de<br \/>\nagresiune. Este aceea\u0219i crim\u0103 pentru care nazi\u0219tii au fost<br \/>\nsp\u00e2nzura\u021bi dup\u0103 N\u00fcrnberg. Comitem exact aceea\u0219i crim\u0103.\u201d<\/p>\n<p>\nPentru<br \/>\na \u00eenvinge, Statele Unite ale Americii ar trebui s\u0103 trimit\u0103 o<br \/>\narmat\u0103 uria\u0219\u0103 \u00een Iran. Ar fi nevoie de peste un milion de oameni,<br \/>\ncrede el.<\/p>\n<p>\n\u201eAr<br \/>\nfi nevoie de 900.000 p\u00e2n\u0103 la 1,2 milioane de militari pentru a-i<br \/>\n\u00eenvinge fizic pe iranieni. Dac\u0103 am putea face asta, dar nu cred c\u0103<br \/>\nputem, pentru c\u0103 logistica devine tot mai complicat\u0103 cu fiecare<br \/>\nkilometru \u00eenaintat.Tancurile nu merg la infinit. Se stric\u0103. Au<br \/>\nnevoie de repara\u021bii. Motoarele trebuie revizuite. Unde faci asta \u00een<br \/>\nlupt\u0103?\u201d, este opinia expertului.<\/p>\n<p>\t\t\tUn r\u0103zboi controversat<\/p>\n<p>\nGazda<br \/>\nemisiunii, Daniel Davis, i-a dat dreptate. \u201eSuntem exact \u00een acel<br \/>\npunct acum. Nu am nicio \u00eendoial\u0103 c\u0103 militarii americani se vor<br \/>\ndescurca bine tactic, sunt foarte bine antrena\u021bi. Problema este c\u0103<br \/>\nnu avem un plan. Aceasta este tr\u0103darea suprem\u0103: avem tineri<br \/>\namericani grozavi care sunt dispu\u0219i s\u0103-\u0219i dea via\u021ba, dar \u00eei<br \/>\ntrimitem \u00eenainte f\u0103r\u0103 s\u0103 fi g\u00e2ndit lucrurile p\u00e2n\u0103 la cap\u0103t.\u201d<\/p>\n<p>\nScott<br \/>\nRitter \u0219i-a continuat apoi acuza\u021biile: \u201eCe se \u00eent\u00e2mpl\u0103 c\u00e2nd<br \/>\nte ui\u021bi \u00een oglind\u0103 \u0219i spui: Totul a fost o minciun\u0103. Ace\u0219ti<br \/>\nb\u0103ie\u021bi au murit degeaba. Am ucis femei \u0219i copii f\u0103r\u0103 motiv?<br \/>\nAtunci spiritul este fr\u00e2nt. De aceea avem at\u00e2t de mul\u021bi veterani<br \/>\ncare se sinucid \u00een fiecare zi, pentru c\u0103 r\u0103zboaiele \u00een care i-am<br \/>\npus s\u0103 lupte timp de 20 de ani nu au fost r\u0103zboaie juste.\u201d<\/p>\n<p>publicitate&#8221;); background-position: center center; background-repeat: no-repeat;&#8221;&gt;<\/p>\n<p>\nLa<br \/>\nfinal, el a f\u0103cut un apel la concet\u0103\u021benii s\u0103i \u0219i a afirmat c\u0103<br \/>\nSUA nu este de partea corect\u0103 a istoriei. \u201ePoporul american<br \/>\ntrebuie s\u0103 \u00een\u021beleag\u0103: nu suntem de partea corect\u0103 a istoriei<br \/>\nacum. Dac\u0103 nu corect\u0103m cursul, nu mai tr\u0103im \u00eentr-o republic\u0103<br \/>\nconstitu\u021bional\u0103. Avem un pre\u0219edinte care a renun\u021bat la conceptul<br \/>\nde lege\u201d, a \u00eencheiat Scott Ritter.<\/p>\n","protected":false},"excerpt":{"rendered":"Mitul invincibilit\u0103\u021bii americane este tot mai mult pus sub semnul \u00eentreb\u0103rii chiar propriii anali\u0219ti militari \u0219i politici. Analistul&hellip;\n","protected":false},"author":2,"featured_media":153778,"comment_status":"","ping_status":"","sticky":false,"template":"","format":"standard","meta":{"footnotes":"","_share_on_mastodon":"0"},"categories":[12],"tags":[32,33,31,38151,36,37,27,74,34,35,25,37837,41,40,38,39,44929,26,28,29,30,81,71,72,73],"class_list":["post-153777","post","type-post","status-publish","format-standard","has-post-thumbnail","category-international","tag-breaking-news","tag-breakingnews","tag-cele-mai-populare-subiecte","tag-conflict-in-orientul-mijlociu","tag-featured-news","tag-featurednews","tag-headlines","tag-international","tag-latest-news","tag-latestnews","tag-news","tag-razboi-in-iran","tag-ro","tag-romana","tag-romania","tag-romanian","tag-scott-ritter","tag-stiri","tag-titluri","tag-top-stories","tag-topstories","tag-video","tag-world","tag-world-news","tag-worldnews"],"share_on_mastodon":{"url":"https:\/\/pubeurope.com\/@ro\/116364214638373196","error":""},"_links":{"self":[{"href":"https:\/\/www.europesays.com\/ro\/wp-json\/wp\/v2\/posts\/153777","targetHints":{"allow":["GET"]}}],"collection":[{"href":"https:\/\/www.europesays.com\/ro\/wp-json\/wp\/v2\/posts"}],"about":[{"href":"https:\/\/www.europesays.com\/ro\/wp-json\/wp\/v2\/types\/post"}],"author":[{"embeddable":true,"href":"https:\/\/www.europesays.com\/ro\/wp-json\/wp\/v2\/users\/2"}],"replies":[{"embeddable":true,"href":"https:\/\/www.europesays.com\/ro\/wp-json\/wp\/v2\/comments?post=153777"}],"version-history":[{"count":0,"href":"https:\/\/www.europesays.com\/ro\/wp-json\/wp\/v2\/posts\/153777\/revisions"}],"wp:featuredmedia":[{"embeddable":true,"href":"https:\/\/www.europesays.com\/ro\/wp-json\/wp\/v2\/media\/153778"}],"wp:attachment":[{"href":"https:\/\/www.europesays.com\/ro\/wp-json\/wp\/v2\/media?parent=153777"}],"wp:term":[{"taxonomy":"category","embeddable":true,"href":"https:\/\/www.europesays.com\/ro\/wp-json\/wp\/v2\/categories?post=153777"},{"taxonomy":"post_tag","embeddable":true,"href":"https:\/\/www.europesays.com\/ro\/wp-json\/wp\/v2\/tags?post=153777"}],"curies":[{"name":"wp","href":"https:\/\/api.w.org\/{rel}","templated":true}]}}