{"id":154419,"date":"2026-04-09T09:38:10","date_gmt":"2026-04-09T09:38:10","guid":{"rendered":"https:\/\/www.europesays.com\/ro\/154419\/"},"modified":"2026-04-09T09:38:10","modified_gmt":"2026-04-09T09:38:10","slug":"singura-categorie-de-pensionari-ale-caror-pensii-vor-creste-in-2026-ce-s-a-modificat-de-la-1-aprilie","status":"publish","type":"post","link":"https:\/\/www.europesays.com\/ro\/154419\/","title":{"rendered":"Singura categorie de pensionari ale c\u0103ror pensii vor cre\u0219te \u00een 2026. Ce s-a modificat de la 1 aprilie"},"content":{"rendered":"<p id=\"p-0\">Anul acesta aduce, totu\u0219i, \u0219i ve\u0219ti bune pentru pensionari. Ce-i drept, nu pentru to\u021bi, fiindc\u0103 doar o singur\u0103 categorie va beneficia de cre\u0219teri. Cine va primi mai mul\u021bi bani la pensie, dup\u0103 modific\u0103rile de la 1 aprilie.<\/p>\n<p id=\"p-1\">Pentru cei mai mul\u021bi pensionari din Rom\u00e2nia, situa\u021bia r\u0103m\u00e2ne neschimbat\u0103. Sau chiar mai grea, c\u0103ci infla\u021bia aduce pierderi \u00een portofel pentru majoritatea seniorilor.<\/p>\n<p id=\"p-2\"><img fetchpriority=\"high\" decoding=\"async\" class=\"aligncenter size-full wp-image-20855375\" src=\"https:\/\/www.europesays.com\/ro\/wp-content\/uploads\/2026\/04\/https:\/\/www.gandul.ro\/\/wp-content\/uploads\/2026\/04\/1-poza-interior-2.jpg\" alt=\"\" width=\"700\" height=\"564\" loading=\"lazy\" \/><\/p>\n<p>Pensiile nu se majoreaz\u0103. Pentru unii<\/p>\n<p id=\"p-3\">Guvernul Bolojan a anun\u021bat c\u0103 pensiile nu vor fi majorate \u00een acest an. Mai mult, unele modific\u0103ri recente pot duce chiar la sc\u0103derea punctajului utilizat la calcularea pensiei.<\/p>\n<p id=\"p-4\">\u00cen acela\u0219i timp, \u00een Parlament a fost depus un proiect legislativ care ar putea aduce beneficii unei singure categorii de pensionari. Este vorba despre fo\u0219ti ale\u0219i locali \u0219i, mai exact, persoane care fost viceprimari. Ei ar ar putea primi pensii mai mari.<\/p>\n<p id=\"p-5\">Ini\u021biativa apar\u021bine Partidului Social Democrat (PSD), forma\u021biune aflat\u0103 la guvernare. Amendamentul social-democra\u021bilor prevede ca perioada \u00een care o persoan\u0103 a fost viceprimar s\u0103 fie considerat\u0103 vechime \u00een munc\u0103 \u0219i \u00een specialitatea studiilor, similar cu situa\u021bia primarilor sau a conducerii consiliilor jude\u021bene. Aceast\u0103 vechime ar urma s\u0103 fie \u00eenregistrat\u0103 oficial \u00een Revisal.<\/p>\n<p id=\"p-6\">Dac\u0103 proiectul va fi adoptat, fo\u0219tii viceprimari vor beneficia de pensii mai mari. \u00cen plus, unii vor avea chiar posibilitatea pension\u0103rii anticipate, \u00een condi\u021bii mai avantajoase.<\/p>\n<p id=\"p-7\">De asemenea, de actualitate \u00eenc\u0103 mai este un proiect mai vechi, ce dateaz\u0103 din 2019. Acesta vizeaz\u0103 acordarea de pensii speciale pentru ale\u0219ii locali: primari, viceprimari \u0219i \u0219efi de consilii jude\u021bene. \u00cen acest caz, vorbim de sume cuprinse \u00eentre 6.000 \u0219i 18.000 de lei lunar, scrie Newsweek. Chiar dac\u0103 legea nu a fost aplicat\u0103 niciodat\u0103, Curtea Constitu\u021bional\u0103 ar putea obliga Parlamentul s\u0103 \u021bin\u0103 cont de ea.<\/p>\n<p>Ce s-a modificat de la 1 aprilie<\/p>\n<p id=\"p-8\">Pentru anul 2026, Guvernul a stabilit c\u0103 pensiile nu vor fi indexate. Astfel, valoarea punctului de referin\u021b\u0103 r\u0103m\u00e2ne la 81 de lei.<\/p>\n<p id=\"p-9\">Dar, asta nu e tot! Modific\u0103rile operate de Executiv \u00eencep\u00e2nd cu 1 aprilie influen\u021beaz\u0103 modul de calcul al punctajelor. De la aceast\u0103 dat, la calculul pensiei se va \u021bine cont de c\u00e2\u0219tigul salarial mediu brut de 9.192 de lei \u0219i nu cel de 8.620 de lei, c\u00e2t a fost anterior. De\u0219i la prima vedere aceast\u0103 majorare pare a fi benefic\u0103, efectul nu este cel dorit. Concret, vorbim despre o diminuare a punctajului pentru unii contribuabili.<\/p>\n<p id=\"p-10\">De exemplu, pentru un salariu brut de 6.000 de lei, punctajul lunar sau anual scade cu aproximativ 0,07 puncte. Practic, aceast\u0103 ajustare \u00eenseamn\u0103 o diminuare a viitoarelor pensii.<\/p>\n<p id=\"p-11\">RECOMANDAREA AUTORULUI:<\/p>\n<p id=\"p-12\"><a href=\"https:\/\/www.gandul.ro\/actualitate\/ce-pensie-a-ajuns-sa-primeasca-un-pensionar-din-suceava-dupa-ce-a-lucrat-31-de-ani-si-5-luni-cu-carte-de-munca-20846427\" rel=\"nofollow noopener\" target=\"_blank\">Ce pensie a ajuns s\u0103 primeasc\u0103 un pensionar din Suceava, dup\u0103 ce a lucrat 31 de ani \u0219i 5 luni cu carte de munc\u0103<\/a><\/p>\n<p id=\"p-13\"><a href=\"https:\/\/www.gandul.ro\/actualitate\/pensionarii-romani-care-risca-sa-ramana-fara-pensie-daca-nu-trimit-acest-document-urgent-care-este-data-limita-20805442\" rel=\"nofollow noopener\" target=\"_blank\">Pensionarii rom\u00e2ni care risc\u0103 s\u0103 r\u0103m\u00e2n\u0103 f\u0103r\u0103 pensie dac\u0103 nu trimit acest document urgent. Care este data limit\u0103<\/a><\/p>\n","protected":false},"excerpt":{"rendered":"Anul acesta aduce, totu\u0219i, \u0219i ve\u0219ti bune pentru pensionari. Ce-i drept, nu pentru to\u021bi, fiindc\u0103 doar o singur\u0103&hellip;\n","protected":false},"author":2,"featured_media":154420,"comment_status":"","ping_status":"","sticky":false,"template":"","format":"standard","meta":{"footnotes":"","_share_on_mastodon":"0"},"categories":[10],"tags":[32,33,45105,31,36,37,27,34,35,25,1378,2732,45106,41,40,38,39,26,28,29,30,45107],"class_list":["post-154419","post","type-post","status-publish","format-standard","has-post-thumbnail","category-romania","tag-breaking-news","tag-breakingnews","tag-calcul-pensie","tag-cele-mai-populare-subiecte","tag-featured-news","tag-featurednews","tag-headlines","tag-latest-news","tag-latestnews","tag-news","tag-pensii","tag-pensionari","tag-punctaj","tag-ro","tag-romana","tag-romania","tag-romanian","tag-stiri","tag-titluri","tag-top-stories","tag-topstories","tag-viceprimari"],"share_on_mastodon":{"url":"https:\/\/pubeurope.com\/@ro\/116374084480136928","error":""},"_links":{"self":[{"href":"https:\/\/www.europesays.com\/ro\/wp-json\/wp\/v2\/posts\/154419","targetHints":{"allow":["GET"]}}],"collection":[{"href":"https:\/\/www.europesays.com\/ro\/wp-json\/wp\/v2\/posts"}],"about":[{"href":"https:\/\/www.europesays.com\/ro\/wp-json\/wp\/v2\/types\/post"}],"author":[{"embeddable":true,"href":"https:\/\/www.europesays.com\/ro\/wp-json\/wp\/v2\/users\/2"}],"replies":[{"embeddable":true,"href":"https:\/\/www.europesays.com\/ro\/wp-json\/wp\/v2\/comments?post=154419"}],"version-history":[{"count":0,"href":"https:\/\/www.europesays.com\/ro\/wp-json\/wp\/v2\/posts\/154419\/revisions"}],"wp:featuredmedia":[{"embeddable":true,"href":"https:\/\/www.europesays.com\/ro\/wp-json\/wp\/v2\/media\/154420"}],"wp:attachment":[{"href":"https:\/\/www.europesays.com\/ro\/wp-json\/wp\/v2\/media?parent=154419"}],"wp:term":[{"taxonomy":"category","embeddable":true,"href":"https:\/\/www.europesays.com\/ro\/wp-json\/wp\/v2\/categories?post=154419"},{"taxonomy":"post_tag","embeddable":true,"href":"https:\/\/www.europesays.com\/ro\/wp-json\/wp\/v2\/tags?post=154419"}],"curies":[{"name":"wp","href":"https:\/\/api.w.org\/{rel}","templated":true}]}}