{"id":163342,"date":"2026-04-22T18:32:11","date_gmt":"2026-04-22T18:32:11","guid":{"rendered":"https:\/\/www.europesays.com\/ro\/163342\/"},"modified":"2026-04-22T18:32:11","modified_gmt":"2026-04-22T18:32:11","slug":"redmi-k-pad-2-apare-oficial-tableta-android-high-end","status":"publish","type":"post","link":"https:\/\/www.europesays.com\/ro\/163342\/","title":{"rendered":"Redmi K Pad 2 apare oficial, tablet\u0103 Android high-end"},"content":{"rendered":"<p><img loading=\"lazy\" data-od-removed-fetchpriority=\"high\" data-od-unknown-tag=\"\" data-od-xpath=\"\/HTML\/BODY\/DIV[@id='td-outer-wrap']\/*[2][self::DIV]\/*[2][self::DIV]\/*[1][self::DIV]\/*[1][self::ARTICLE]\/*[1][self::DIV]\/*[1][self::DIV]\/*[3][self::DIV]\/*[1][self::DIV]\/*[2][self::DIV]\/*[2][self::DIV]\/*[5][self::DIV]\/*[3][self::DIV]\/*[1][self::DIV]\/*[1][self::FIGURE]\/*[1][self::IMG]\" decoding=\"async\" width=\"1024\" height=\"695\" src=\"https:\/\/www.europesays.com\/ro\/wp-content\/uploads\/2026\/04\/ret1-1024x695.jpg\" alt=\"Redmi K Pad 2\" class=\"wp-image-114428\"  \/><\/p>\n<p>Pe l\u00e2ng\u0103 telefonul <a href=\"https:\/\/www.mobzine.ro\/2026\/04\/redmi-k90-max-a-fost-prezentat-oficial\/\" target=\"_blank\" rel=\"noreferrer noopener nofollow\">Redmi K90 Max<\/a>, cei de la Xiaomi au prezentat oficial \u0219i tableta Android Redmi K Pad 2. O tablet\u0103 cu dimensiuni reduse, dar cu specifica\u021bii tehnice high-end, care \u00ee\u0219i poate g\u0103si foarte u\u0219or locul \u00een orice gospod\u0103rie. \u00cen plus, pare s\u0103 aib\u0103 \u0219i un pre\u021b destul de atractiv. Dar \u0219i \u0219anse mari de a ajunge pe pie\u021bele europene prin canale oficiale de distribu\u021bie.<\/p>\n<p>Nucleul hardware se bazeaz\u0103 pe un chipset MediaTek Dimenity 9500, op\u021biune de top a acestui produc\u0103tor. Memoria RAM urc\u0103 p\u00e2n\u0103 la 16 GB, iar capacitatea intern\u0103 de stocare ajunge la 512 GB. Autonomia este asigurat\u0103 de un acumulator cu capacitatea de 9100 mAh. Acesta poate fi \u00eenc\u0103rcat cu 67W \u0219i poate \u00eenc\u0103rca la r\u00e2ndul lui alte dispozitive cu 22.5W.<\/p>\n<p>Sistemul de operare este un Android 16 cu HyperOS 3.0 peste el.<\/p>\n<p>Redmi K Pad 2 are un ecran cu diagonala de 8.8 incho. Un panel LCD cu rezolu\u021bie de 3008 x 1880 pixeli, rat\u0103 de refresh de 165 Hz \u0219i o luminozitate de top de 1100 ni\u021bi. Protec\u021bia acestuia este asigurat\u0103 de o sticl\u0103 Gorilla Glass 5.<\/p>\n<p>Camera selfie are un senzor de 8 MP, iar pe spate se g\u0103se\u0219te o camer\u0103 de 13 MP.<\/p>\n<p>Tableta vine \u00een variante de culoare Deep Black, Space Silver \u0219i Electric Violet. Pre\u021burile de v\u00e2nzare pentru Redmi K Pad 2, deocamat\u0103 valabile pentru pia\u021ba din China, ajung p\u00e2n\u0103 la aproximativ 700 dolari (pentru varianta cu 16 GB RAM \u0219i stocare intern\u0103 de 512 GB).<\/p>\n<p>via <a href=\"https:\/\/www.gsmarena.com\/redmi_k_pad_2_debuts_with_88inch_screen_dimensity_9500_soc-news-72478.php\" target=\"_blank\" rel=\"noreferrer noopener nofollow\">GSM Arena<\/a><\/p>\n","protected":false},"excerpt":{"rendered":"Pe l\u00e2ng\u0103 telefonul Redmi K90 Max, cei de la Xiaomi au prezentat oficial \u0219i tableta Android Redmi K&hellip;\n","protected":false},"author":2,"featured_media":163343,"comment_status":"","ping_status":"","sticky":false,"template":"","format":"standard","meta":{"footnotes":"","_share_on_mastodon":"0"},"categories":[16],"tags":[47403,41,40,38,39,141,124],"class_list":["post-163342","post","type-post","status-publish","format-standard","has-post-thumbnail","category-tehnologie","tag-redmi-k-pad-2","tag-ro","tag-romana","tag-romania","tag-romanian","tag-technology","tag-tehnologie"],"share_on_mastodon":{"url":"https:\/\/pubeurope.com\/@ro\/116449794157563700","error":""},"_links":{"self":[{"href":"https:\/\/www.europesays.com\/ro\/wp-json\/wp\/v2\/posts\/163342","targetHints":{"allow":["GET"]}}],"collection":[{"href":"https:\/\/www.europesays.com\/ro\/wp-json\/wp\/v2\/posts"}],"about":[{"href":"https:\/\/www.europesays.com\/ro\/wp-json\/wp\/v2\/types\/post"}],"author":[{"embeddable":true,"href":"https:\/\/www.europesays.com\/ro\/wp-json\/wp\/v2\/users\/2"}],"replies":[{"embeddable":true,"href":"https:\/\/www.europesays.com\/ro\/wp-json\/wp\/v2\/comments?post=163342"}],"version-history":[{"count":0,"href":"https:\/\/www.europesays.com\/ro\/wp-json\/wp\/v2\/posts\/163342\/revisions"}],"wp:featuredmedia":[{"embeddable":true,"href":"https:\/\/www.europesays.com\/ro\/wp-json\/wp\/v2\/media\/163343"}],"wp:attachment":[{"href":"https:\/\/www.europesays.com\/ro\/wp-json\/wp\/v2\/media?parent=163342"}],"wp:term":[{"taxonomy":"category","embeddable":true,"href":"https:\/\/www.europesays.com\/ro\/wp-json\/wp\/v2\/categories?post=163342"},{"taxonomy":"post_tag","embeddable":true,"href":"https:\/\/www.europesays.com\/ro\/wp-json\/wp\/v2\/tags?post=163342"}],"curies":[{"name":"wp","href":"https:\/\/api.w.org\/{rel}","templated":true}]}}