{"id":165593,"date":"2026-04-25T18:31:11","date_gmt":"2026-04-25T18:31:11","guid":{"rendered":"https:\/\/www.europesays.com\/ro\/165593\/"},"modified":"2026-04-25T18:31:11","modified_gmt":"2026-04-25T18:31:11","slug":"marius-maldarasanu-a-cerut-falimentul-lui-hermannstadt-mai-multi-fotbalisti-au-facut-acelasi-lucru","status":"publish","type":"post","link":"https:\/\/www.europesays.com\/ro\/165593\/","title":{"rendered":"Marius M\u0103ld\u0103r\u0103\u0219anu a cerut falimentul lui Hermannstadt. \u201eMai mul\u021bi fotbali\u0219ti au f\u0103cut acela\u0219i lucru\u201d"},"content":{"rendered":"<p id=\"p-0\">Antrenorul Marius M\u0103ld\u0103r\u0103\u0219anu a solicitat falimentul lui Hermannstadt, \u00eentruc\u00e2t clubul din Sibiu nu-i achitase sumele de bani datorate. Fostul fotbalist a pus \u00een scen\u0103 o interven\u021bie public\u0103, explic\u00e2nd \u00een detaliu de ce a recurs la acest gest.<\/p>\n<p id=\"p-1\">Hermannstadt trece prin clipe groaznice at\u00e2t din punct de vedere financiar, c\u00e2t \u0219i \u00een plan sportiv. Trupa lui Dorinel Munteanu este aproape de retrogradarea \u00een liga secund\u0103, iar problemele cu banii au adus \u00een peisaj o situa\u021bie halucinant\u0103: juc\u0103torii <a style=\"color: #0000ff;\" href=\"https:\/\/www.prosport.ro\/fotbal-intern\/superliga\/un-club-din-superliga-se-dezintegreaza-din-cauza-problemelor-financiare-au-reziliat-din-cauza-problemelor-financiare-au-reziliat-20423349\" rel=\"nofollow noopener\" target=\"_blank\">Antoni Ivanov \u0219i Jair au plecat<\/a>, nefiind pl\u0103ti\u021bi.<\/p>\n<p>Marius M\u0103ld\u0103r\u0103\u0219anu a cerut falimentul lui Hermannstadt: \u201eSingurul mod prin care \u00eemi puteam recupera banii\u201d<\/p>\n<p id=\"p-2\">Dup\u0103 anii petrecu\u021bi pe banca forma\u021biei sibiene, Marius M\u0103ld\u0103r\u0103\u0219anu a plecat \u00een urm\u0103 cu doar c\u00e2teva luni, pe fondul rezultatelor modeste \u00eenregistrate \u00een sezonul 2025-2026. Problemele financiare s-au ad\u00e2ncit, iar haosul a pus st\u0103p\u00e2nire pe Hermannstadt.<\/p>\n<p>                <a href=\"https:\/\/www.prosport.ro\/poze\/marius-maldarasanu-a-cerut-falimentul-lui-hermannstadt-nu-doar-eu-20427880\" rel=\"nofollow noopener\" target=\"_blank\">&#13;<br \/>\n                                            <img decoding=\"async\" loading=\"lazy\" fetchpriority=\"low\" src=\"https:\/\/www.europesays.com\/ro\/wp-content\/uploads\/2026\/04\/https:\/\/www.prosport.ro\/\/wp-content\/uploads\/2025\/09\/Cum-a-numit-Maldarasanu-meciul-din-Giulesti-cast.jpeg\" width=\"458\" height=\"305\"\/>&#13;<br \/>\n                                    <\/a><\/p>\n<p>                <a href=\"https:\/\/www.prosport.ro\/poze\/marius-maldarasanu-a-cerut-falimentul-lui-hermannstadt-nu-doar-eu-20427880\" rel=\"nofollow noopener\" target=\"_blank\">&#13;<br \/>\n                                            <img decoding=\"async\" loading=\"lazy\" fetchpriority=\"low\" src=\"https:\/\/www.europesays.com\/ro\/wp-content\/uploads\/2026\/04\/https:\/\/www.prosport.ro\/\/wp-content\/uploads\/2025\/11\/Maldarasanu-si-a-facut-praf-fotbalistul-si-a-cer.jpeg\" width=\"227\" height=\"151\"\/>&#13;<br \/>\n                                    <\/a><\/p>\n<p id=\"p-3\"><a style=\"color: #000000;\" href=\"https:\/\/www.oradesibiu.ro\/2026\/04\/22\/soc-la-fc-hermannstadt-maldarasanu-si-cabuz-au-cerut-si-ei-falimentul-clubului\/?utm_medium=link&amp;utm_source=Facebook&amp;fbclid=IwZnRzaARZMtJleHRuA2FlbQIxMQBzcnRjBmFwcF9pZAo2NjI4NTY4Mzc5AAEeLsNZJfctcqvJaqVPYQqZy46LIjxOcAEReNCmdCLGc99twSz3PjbXnBSOwpY_aem_836J-KWcASeirBpc5DXBgg#goog_rewarded\" target=\"_blank\" rel=\"noopener nofollow\">Ora de Sibiu<\/a> noteaz\u0103 c\u0103 Marius M\u0103ld\u0103r\u0103\u0219anu \u0219i portarul C\u0103t\u0103lin C\u0103buz, actualul goalkeeper de la FC Arge\u0219, au cerut falimentul lui Hermannstadt. \u0218i nu au fost singurii! Al\u021bi fo\u0219ti fotbali\u0219ti ai trupei din Sibiu au procedat la fel, adres\u00e2ndu-se instan\u021bei.<\/p>\n<p id=\"p-4\">\u201eA\u0219a este. M-am adresat instan\u021belor pentru a-mi recupera restan\u021bele financiare. Nu doar eu, mai mul\u021bi fotbali\u0219ti care au avut de recuperat bani au f\u0103cut acela\u0219i lucru. Dar sunt sigur c\u0103 niciunul dintre noi nu \u00ee\u0219i dore\u0219te falimentul lui Hermannstadt.<\/p>\n<p id=\"p-5\">Am f\u0103cut asta pentru c\u0103 era singurul mod prin care \u00eemi puteam recupera banii. Dac\u0103 m-ar fi sunat din club s\u0103 \u00eemi spun\u0103 s\u0103 mai am\u00e2n\u0103m, c\u0103 sunt probleme, nu a\u0219 fi avut o problem\u0103. Dar nu s-a \u00eent\u00e2mplat asta, iar pentru c\u0103 echipa e \u00een insolven\u021b\u0103, eu am discutat cu avocatul \u0219i am convenit c\u0103 trebuie s\u0103 mergem \u00een civil pentru recuperarea restan\u021belor. Ac\u021biunea a fost \u00eenceput\u0103 la \u00eenceputul lunii martie, iar un nou termen ar fi trebuit s\u0103 fie pe 13 mai.<\/p>\n<p id=\"p-6\">Din fericire, lucrurile s-au rezolvat. Au achitat ce au avut de achitat, am mai fost de acord cu e\u0219alonarea unor sume p\u00e2n\u0103 \u00een luna septembrie, probabil c\u0103 aveau nevoie s\u0103 fie \u00een regul\u0103 pentru licen\u021biere\u201d, a declarat Marius M\u0103ld\u0103r\u0103\u0219anu, dup\u0103 ce a fost contactat de c\u0103tre jurnali\u0219tii de la <a style=\"color: #000000;\" href=\"https:\/\/www.fanatik.ro\/marius-maldarasanu-a-cerut-falimentul-lui-hermannstadt-cum-explica-antrenorul-decizia-asa-au-facut-si-ei-exclusiv-21458299\" target=\"_blank\" rel=\"noopener nofollow\">fanatik.ro<\/a>.<\/p>\n<p>\u0218i cu b\u0103t\u0103i de cap din cauza banilor, \u0219i cu tunurile puse pe arbitri!<\/p>\n<p id=\"p-7\">De parc\u0103 problemele financiare nu ar fi de ajuns, sibienii consider\u0103 c\u0103 au de suferit \u0219i \u00een povestea arbitrajelor.<\/p>\n<p id=\"p-8\">\u00cen etapa a \u0219asea din play-out-ul Superligii, Hermannstadt a bifat doar o remiz\u0103 alb\u0103 cu Csikszereda pe propriul teren. Dup\u0103 meci, Dorinel Munteanu a analizat evenimentele petrecute pe gazon \u0219i l-a criticat pe \u201ecentralul\u201d Iulian C\u0103lin.<\/p>\n<p id=\"p-9\">\u201eVictoria era obiectivul nostru. Ne-am preg\u0103tit, dar am avut multe probleme medicale. Am \u00eenceput destul de bine jocul, am avut ocazii. B\u0103ie\u021bii \u0219i-au dorit, dar nu am avut \u0219ans\u0103 la unele faze. Pe noi nu ne avantajeaz\u0103 acest rezultat. Sunt sup\u0103rat, sunt dezam\u0103git de num\u0103rul mare de juc\u0103tori accidenta\u021bi.<\/p>\n<p id=\"p-10\">Nu ced\u0103m p\u00e2n\u0103 \u00een ultimul moment, mergem p\u00e2n\u0103 la cap\u0103t. Ne batem. Avem acum \u0219i varianta barajului, dar mi-a\u0219 fi dorit s\u0103 evit \u0219i barajul.<\/p>\n<p id=\"p-11\">Cred c\u0103 \u0219i arbitrajul a fost o piedic\u0103. Am f\u0103cut un gest c\u0103tre Balaure \u0219i arbitrul C\u0103lin mi-a dat cartona\u0219 galben. Ne lupt\u0103m cu morile de v\u00e2nt. Ei oricum fac ce vor. Maniera de arbitraj a fost pro-oaspe\u021bi. A fost un arbitraj modest\u201d, <a style=\"color: #0000ff;\" href=\"https:\/\/www.prosport.ro\/fotbal-intern\/superliga\/dorinel-munteanu-atac-arbitraj-hermannstadt-csikszereda-20427263\" rel=\"nofollow noopener\" target=\"_blank\">a apreciat Dorinel Munteanu<\/a>.<\/p>\n","protected":false},"excerpt":{"rendered":"Antrenorul Marius M\u0103ld\u0103r\u0103\u0219anu a solicitat falimentul lui Hermannstadt, \u00eentruc\u00e2t clubul din Sibiu nu-i achitase sumele de bani datorate.&hellip;\n","protected":false},"author":2,"featured_media":165594,"comment_status":"","ping_status":"","sticky":false,"template":"","format":"standard","meta":{"footnotes":"","_share_on_mastodon":"0"},"categories":[20],"tags":[47891,329,10410,44176,41,40,38,39,185,184],"class_list":["post-165593","post","type-post","status-publish","format-standard","has-post-thumbnail","category-sport","tag-faliment-hermannstadt","tag-marius-maldarasanu","tag-probleme-financiare","tag-restante-salariale","tag-ro","tag-romana","tag-romania","tag-romanian","tag-sport","tag-sports"],"share_on_mastodon":{"url":"https:\/\/pubeurope.com\/@ro\/116466777158614859","error":""},"_links":{"self":[{"href":"https:\/\/www.europesays.com\/ro\/wp-json\/wp\/v2\/posts\/165593","targetHints":{"allow":["GET"]}}],"collection":[{"href":"https:\/\/www.europesays.com\/ro\/wp-json\/wp\/v2\/posts"}],"about":[{"href":"https:\/\/www.europesays.com\/ro\/wp-json\/wp\/v2\/types\/post"}],"author":[{"embeddable":true,"href":"https:\/\/www.europesays.com\/ro\/wp-json\/wp\/v2\/users\/2"}],"replies":[{"embeddable":true,"href":"https:\/\/www.europesays.com\/ro\/wp-json\/wp\/v2\/comments?post=165593"}],"version-history":[{"count":0,"href":"https:\/\/www.europesays.com\/ro\/wp-json\/wp\/v2\/posts\/165593\/revisions"}],"wp:featuredmedia":[{"embeddable":true,"href":"https:\/\/www.europesays.com\/ro\/wp-json\/wp\/v2\/media\/165594"}],"wp:attachment":[{"href":"https:\/\/www.europesays.com\/ro\/wp-json\/wp\/v2\/media?parent=165593"}],"wp:term":[{"taxonomy":"category","embeddable":true,"href":"https:\/\/www.europesays.com\/ro\/wp-json\/wp\/v2\/categories?post=165593"},{"taxonomy":"post_tag","embeddable":true,"href":"https:\/\/www.europesays.com\/ro\/wp-json\/wp\/v2\/tags?post=165593"}],"curies":[{"name":"wp","href":"https:\/\/api.w.org\/{rel}","templated":true}]}}