{"id":176918,"date":"2026-05-10T11:15:23","date_gmt":"2026-05-10T11:15:23","guid":{"rendered":"https:\/\/www.europesays.com\/ro\/176918\/"},"modified":"2026-05-10T11:15:23","modified_gmt":"2026-05-10T11:15:23","slug":"brooke-shields-si-fiica-ei-aparitie-rara-pe-covorul-rosu-rowan-eleganta-din-cap-pana-in-picioare-a-atras-toate-privirile","status":"publish","type":"post","link":"https:\/\/www.europesays.com\/ro\/176918\/","title":{"rendered":"Brooke Shields \u0219i fiica ei, apari\u021bie rar\u0103 pe covorul ro\u0219u.\u00a0Rowan, elegant\u0103 din cap p\u00e2n\u0103 \u00een picioare, a atras toate privirile"},"content":{"rendered":"<p>\n                            Articol scris de Filmnow<br \/>Data public\u0103rii:<br \/>\n                            08.05.2026 11:45\n                        <\/p>\n<p>Brooke Shields \u0219i fiica sa, Rowan Francis Henchy, au fost surprinse \u00eentr-o apari\u021bie spectaculoas\u0103 la premiera noului proiect TV al actri\u021bei, \u201eYou\u2019re Killing Me\u201d, desf\u0103\u0219urat\u0103 la New York.\u00a0<\/p>\n<p>Mam\u0103 \u0219i fiic\u0103 au ales \u021binute monocrome, dar \u00een culori diferite, reu\u0219ind s\u0103 creeze un contrast vizual puternic pe covorul ro\u0219u. <a href=\"https:\/\/www.filmnow.ro\/stiri\/brooke-shields-adevarul-despre-relatia-cu-fostul-ei-iubit-dean-cain-eram-paralizata-de-rusine-nu-am-simplificat-deloc-lucrurile-100121\" data-skip-linkfix=\"1\" rel=\"nofollow noopener\" target=\"_blank\">Brooke Shields<\/a>, \u00een v\u00e2rst\u0103 de 60 de ani, a optat pentru o rochie din piele, de un ro\u0219u aprins, f\u0103r\u0103 bretele, care i-a eviden\u021biat silueta. \u021ainuta, completat\u0103 de o cr\u0103p\u0103tur\u0103 \u00eendr\u0103znea\u021b\u0103 pe picior, a fost accesorizat\u0103 cu pantofi asorta\u021bi \u0219i un clutch argintiu.<\/p>\n<p>Cite\u0219te \u0219i:\u00a0<a href=\"https:\/\/www.filmnow.ro\/stiri\/brooke-shields-s-a-gandit-deja-cum-isi-imparte-averea-doar-una-dintre-fiicele-sale-va-primi-colectia-de-bijuterii-197939\" data-skip-linkfix=\"1\" rel=\"nofollow noopener\" target=\"_blank\">Brooke Shields s-a g\u00e2ndit deja cum \u00ee\u0219i \u00eemparte averea. Doar una dintre fiicele sale va primi colec\u021bia de bijuterii<\/a><\/p>\n<p>De cealalt\u0103 parte, Rowan, care urmeaz\u0103 s\u0103 \u00eemplineasc\u0103 23 de ani, a ales un costum elegant \u00eentr-o nuan\u021b\u0103 de turquoise. Sacoul cu dou\u0103 r\u00e2nduri de nasturi \u0219i pantalonii largi au creat un look relaxat, completat de o geant\u0103 \u00een aceea\u0219i palet\u0103 cromatic\u0103.<\/p>\n<p>  <img decoding=\"async\" data-skip-htmlfix=\"1\" src=\"https:\/\/www.europesays.com\/ro\/wp-content\/uploads\/2026\/05\/PWM4YzU2ODRkZDFmNjAzZmQxNzg1MTU0NTFmNWRhNDc5.thumb.jpg\" alt=\"Brooke Shields \u0219i fiica ei, Rowan\/ Profimedia\"\/>    Brooke Shields \u0219i fiica ei, Rowan\/ Profimedia  <\/p>\n<p>Apari\u021bia de la New York nu este un caz izolat pentru cele dou\u0103. Brooke Shields \u0219i Rowan Francis Henchy au fost surprinse \u0219i la alte evenimente purt\u00e2nd \u021binute asortate, semn c\u0103 \u00eemp\u0103rt\u0103\u0219esc acela\u0219i sim\u021b al stilului.\u00a0Actri\u021ba a subliniat \u00een repetate r\u00e2nduri c\u0103 \u00ee\u0219i \u00eencurajeaz\u0103 fiicele s\u0103 fie independente \u0219i autentice, iar apari\u021biile lor publice confirm\u0103 acest lucru.\u00a0<\/p>\n<p>Cite\u0219te \u0219i:\u00a0<a href=\"https:\/\/www.filmnow.ro\/stiri\/brooke-shields-despre-standardele-de-frumusete-de-la-hollywood-am-castigat-tot-ce-am-pe-fata-la-59-de-ani-actrita-arata-impecabil-180453\" data-skip-linkfix=\"1\" rel=\"nofollow noopener\" target=\"_blank\">Brooke Shields, despre standardele de frumuse\u021be de la Hollywood: \u201eAm c\u00e2\u0219tigat tot ce am pe fa\u021b\u0103\u201d<\/a><\/p>\n<p>Actri\u021ba <a href=\"https:\/\/www.filmnow.ro\/stiri\/la-57-de-ani-brooke-shields-este-confundata-cu-fiica-sa-de-20-de-ani-cum-au-fost-surprinse-cele-doua-in-timpul-vacantei-din-thailanda-104123\" data-skip-linkfix=\"1\" rel=\"nofollow noopener\" target=\"_blank\">are dou\u0103 fiice<\/a>, Rowan \u0219i Grier, din mariajul cu Chris Henchy. De-a lungul anilor, Brooke Shields a vorbit despre provoc\u0103rile \u0219i bucuriile maternit\u0103\u021bii, subliniind c\u00e2t de important este s\u0103 le ofere copiilor libertatea de a deveni ceea ce \u00ee\u0219i doresc.<\/p>\n<p>\u201eAjungi s\u0103 \u00ee\u021bi cuno\u0219ti copiii ca pe ni\u0219te oameni noi, nu doar ca pe ai t\u0103i\u201d, declara ea \u00eentr-un interviu anterior.\u00a0<\/p>\n<p>                                <a href=\"http:\/\/www.filmnow.ro\/galerie-foto\/1\/stiri\/brooke-shields-si-fiica-ei-aparitie-rara-pe-covorul-rosu-rowan-eleganta-din-cap-pana-in-picioare-a-atras-toate-privirile-234495#0\" data-skip-linkfix=\"1\" rel=\"nofollow noopener\" target=\"_blank\"><img decoding=\"async\" src=\"https:\/\/www.europesays.com\/ro\/wp-content\/uploads\/2026\/05\/ZTNjOWNmN2NkODcyOWQzMmU1NWVkNmJkNTA1NDI=.thumb.jpg\" alt=\"\" data-skip-htmlfix=\"1\" style=\"width: 100%; height: auto;\"\/><\/a><\/p>\n","protected":false},"excerpt":{"rendered":"Articol scris de FilmnowData public\u0103rii: 08.05.2026 11:45 Brooke Shields \u0219i fiica sa, Rowan Francis Henchy, au fost surprinse&hellip;\n","protected":false},"author":2,"featured_media":176919,"comment_status":"","ping_status":"","sticky":false,"template":"","format":"standard","meta":{"footnotes":"","_share_on_mastodon":"0"},"categories":[18],"tags":[50693,40410,171,170,41,40,38,39,50694],"class_list":["post-176918","post","type-post","status-publish","format-standard","has-post-thumbnail","category-divertisment","tag-brooke-shields","tag-covorul-rosu","tag-divertisment","tag-entertainment","tag-ro","tag-romana","tag-romania","tag-romanian","tag-rowan-francis-henchy"],"share_on_mastodon":{"url":"https:\/\/pubeurope.com\/@ro\/116549997418645627","error":""},"_links":{"self":[{"href":"https:\/\/www.europesays.com\/ro\/wp-json\/wp\/v2\/posts\/176918","targetHints":{"allow":["GET"]}}],"collection":[{"href":"https:\/\/www.europesays.com\/ro\/wp-json\/wp\/v2\/posts"}],"about":[{"href":"https:\/\/www.europesays.com\/ro\/wp-json\/wp\/v2\/types\/post"}],"author":[{"embeddable":true,"href":"https:\/\/www.europesays.com\/ro\/wp-json\/wp\/v2\/users\/2"}],"replies":[{"embeddable":true,"href":"https:\/\/www.europesays.com\/ro\/wp-json\/wp\/v2\/comments?post=176918"}],"version-history":[{"count":0,"href":"https:\/\/www.europesays.com\/ro\/wp-json\/wp\/v2\/posts\/176918\/revisions"}],"wp:featuredmedia":[{"embeddable":true,"href":"https:\/\/www.europesays.com\/ro\/wp-json\/wp\/v2\/media\/176919"}],"wp:attachment":[{"href":"https:\/\/www.europesays.com\/ro\/wp-json\/wp\/v2\/media?parent=176918"}],"wp:term":[{"taxonomy":"category","embeddable":true,"href":"https:\/\/www.europesays.com\/ro\/wp-json\/wp\/v2\/categories?post=176918"},{"taxonomy":"post_tag","embeddable":true,"href":"https:\/\/www.europesays.com\/ro\/wp-json\/wp\/v2\/tags?post=176918"}],"curies":[{"name":"wp","href":"https:\/\/api.w.org\/{rel}","templated":true}]}}