{"id":178827,"date":"2026-05-12T19:43:44","date_gmt":"2026-05-12T19:43:44","guid":{"rendered":"https:\/\/www.europesays.com\/ro\/178827\/"},"modified":"2026-05-12T19:43:44","modified_gmt":"2026-05-12T19:43:44","slug":"preventie-nu-impuscare-cum-ar-trebui-gestionata-problema-ursilor-astfel-incat-sa-existe-cat-mai-putine-conflicte-om-animal","status":"publish","type":"post","link":"https:\/\/www.europesays.com\/ro\/178827\/","title":{"rendered":"Preven\u021bie, nu \u00eempu\u0219care. Cum ar trebui gestionat\u0103 problema ur\u0219ilor, astfel \u00eenc\u00e2t s\u0103 existe c\u00e2t mai pu\u021bine conflicte om-animal"},"content":{"rendered":"<p><a href=\"https:\/\/pressone.ro\/autor\/oana-moisil\" rel=\"nofollow noopener\" target=\"_blank\"><img alt=\"https:\/\/images.pressone.ro\/wp-content\/uploads\/2026\/02\/11190746\/Oana-Moisil.jpg\" loading=\"lazy\" width=\"56\" height=\"56\" decoding=\"async\" data-nimg=\"1\" class=\"rounded-circle of-cover\" style=\"color:transparent\"  src=\"https:\/\/www.europesays.com\/ro\/wp-content\/uploads\/2026\/05\/image.jpeg\"\/><\/a><img alt=\"Preven\u021bie, nu \u00eempu\u0219care. Cum ar trebui gestionat\u0103 problema ur\u0219ilor, astfel \u00eenc\u00e2t s\u0103 existe c\u00e2t mai pu\u021bine conflicte om-animal\" data-sentry-element=\"Image\" data-sentry-source-file=\"ArticleAuthorsMobile.tsx\" loading=\"lazy\" width=\"40\" height=\"40\" decoding=\"async\" data-nimg=\"1\" style=\"color:transparent\" src=\"https:\/\/pressone.ro\/assets\/images\/icons\/facebook-icon.svg\"\/><img alt=\"Preven\u021bie, nu \u00eempu\u0219care. Cum ar trebui gestionat\u0103 problema ur\u0219ilor, astfel \u00eenc\u00e2t s\u0103 existe c\u00e2t mai pu\u021bine conflicte om-animal\" data-sentry-element=\"Image\" data-sentry-source-file=\"ArticleAuthorsMobile.tsx\" loading=\"lazy\" width=\"40\" height=\"40\" decoding=\"async\" data-nimg=\"1\" style=\"color:transparent\" src=\"https:\/\/pressone.ro\/assets\/images\/icons\/twitter-icon.svg\"\/><\/p>\n<p class=\"font-primary\"><a href=\"https:\/\/snoop.ro\/parlamentul-a-decis-impuscarea-a-aproape-900-de-ursi-si-a-lasat-o-portita-prin-care-pot-fi-vanati-ursi-trofeu\/\" rel=\"nofollow noopener\" target=\"_blank\">Legea<\/a> care va permite uciderea unui num\u0103r aproape dublu de ur\u0219i fa\u021b\u0103 de anul trecut a fost aprobat\u0103 \u00een Camera Deputa\u021bilor cu 246 de voturi \u201epentru\u201d, \u00een aprilie.\u00a0<\/p>\n<p class=\"font-primary\">Ini\u021biatorul legii a fost T\u00e1nczos Barna, acela\u0219i care a ini\u021biat cre\u0219terea cotelor de preven\u021bie \u0219i interven\u021bie \u00een ultimii trei ani. Fostul vicepremier \u0219i actualul ministru interimar al Agriculturii \u0219i Dezvolt\u0103rii Rurale a justificat ini\u021biativa cu ajutorul unui <a href=\"https:\/\/romania.europalibera.org\/a\/studiu-universitar-populatia-de-ursi-bruni-ministerul-mediului\/33621611.html\" rel=\"nofollow noopener\" target=\"_blank\">studiu<\/a> contestat de exper\u021bi pentru lipsa de transparen\u021b\u0103. \u201eMetodologia nu ne-a fost pus\u0103 la dispozi\u021bie nici p\u00e2n\u0103 \u00een prezent\u201d, sus\u021bine Orieta Hulea, director general WWF-Rom\u00e2nia.<\/p>\n<p class=\"font-primary\">\u00cen ceea ce prive\u0219te limitarea cazurilor \u00een care ur\u0219ii ajung \u00een localit\u0103\u021bi, exist\u0103 solu\u021bii care s\u0103 nu fie letale pentru animale. WWF, \u00eempreun\u0103 cu autorit\u0103\u021bile locale \u0219i comunitatea din B\u0103ile Tu\u0219nad, au implementat mai multe m\u0103suri \u00een localitatea din Harghita \u0219i astfel au ajuns, de la peste 200 de apeluri la 112 referitoare la prezen\u021ba ur\u0219ilor \u00een apropierea gospod\u0103riilor \u00een urm\u0103 cu cinci ani, la 14, \u00een ultimul an.\u00a0\u00a0<\/p>\n<ul>\n<li>\u201eAm ales Tu\u0219nad pentru c\u0103 acolo era o inciden\u021b\u0103 ridicat\u0103 a conflictelor. Tu\u0219nadul este pe un coridor ecologic, pe o zon\u0103 folosit\u0103 de ur\u0219i din timpuri \u00eendep\u0103rtate pentru a se deplasa\u201d, a explicat directorul general al WWF-Rom\u00e2nia, Orieta Hulea, pentru PressOne\u00a0<\/li>\n<\/ul>\n<ul>\n<li>Printre cauzele care duc la frecventarea ora\u0219elor de c\u0103tre ur\u0219i se num\u0103r\u0103: gestionarea precar\u0103 a de\u0219eurilor, hr\u0103nirea complementar\u0103 la observatoare, faptul c\u0103 s-au extins culturile agricole p\u00e2n\u0103 \u00een apropiere de liziera p\u0103durii, faptul c\u0103 exist\u0103 o intruziune mult mai mare a oamenilor \u00een p\u0103dure pentru culesul de ciuperci sau de fructe de p\u0103dure, conform WWF-Rom\u00e2nia<\/li>\n<\/ul>\n<ul>\n<li>Ce ridic\u0103 semne de \u00eentrebare exper\u021bilor, referitor la noua lege adoptat\u0103 \u00een Parlament, este num\u0103rul mare de exemplare pentru cota de preven\u021bie: 859 de ur\u0219i bruni. \u201eAsta \u00eenseamn\u0103 v\u00e2n\u0103toare\u201d<\/li>\n<\/ul>\n<p class=\"font-primary\">\u00centr-un interviu pentru PressOne, Orieta Hulea sus\u021bine c\u0103, dac\u0103 aceste interven\u021bii letale nu vor avea ca scop extragerea din popula\u021bie a indivizilor problematici care se \u00eentorc frecvent \u00een zonele \u00een care sunt atra\u0219i, problema se va accentua.\u00a0<\/p>\n<p class=\"font-primary\">PressOne: \u00cen aprilie, \u00een Parlament a fost votat\u0103 o lege care, dac\u0103 va fi promulgat\u0103, anul acesta vor fi \u00eempu\u0219ca\u021bi 859 de ur\u0219i bruni, \u00een cota de preven\u021bie, \u0219i ar putea fi omor\u00e2\u021bi al\u021bi 110 din cota de interven\u021bie. Cum vede\u021bi aceast\u0103 nou\u0103 interven\u021bie legal\u0103 \u00een ceea ce prive\u0219te controlul popula\u021biei de ur\u0219i?\u00a0<\/p>\n<p class=\"font-primary\">Orieta Hulea, director general WWF-Rom\u00e2nia: A\u0219a cum noi am spus \u00een nenum\u0103rate r\u00e2nduri, ori de c\u00e2te ori a intervenit o ini\u021biativ\u0103 legislativ\u0103 prin care se dorea cre\u0219terea cotelor, am spus c\u0103 nu va fi o solu\u021bie care s\u0103 rezolve problema conflictelor \u0219i c\u0103 este mult mai important s\u0103 se investeasc\u0103 \u00een m\u0103suri de preven\u021bie.\u00a0<\/p>\n<blockquote class=\"font-primary fst-italic\">\n<p>&#13;<br \/>\n  Mul\u021bi ne citesc, pu\u021bini ne sus\u021bin. F\u0103r\u0103 ajutorul t\u0103u, nu putem continua s\u0103 scriem astfel de articole. &#13;<br \/>\n  <a href=\"https:\/\/pressone.ro\/sustine\" rel=\"nofollow noopener\" target=\"_blank\">Cu doar 5 euro pe lun\u0103 ne po\u021bi ajuta mai mult dec\u00e2t crezi \u0219i po\u021bi face diferen\u021ba chiar acum! <\/a>&#13;\n<\/p>\n<\/blockquote>\n<p class=\"font-primary\">Pentru urs, fiind specie strict protejat\u0103 prin Directiva Habitate, \u00een mod clar v\u00e2n\u0103toarea nu este permis\u0103, dar se pot da \u0219i s-au dat derog\u0103ri \u00een baza unor studii pe care noi le-am contestat de-a lungul timpului, \u00eencep\u00e2nd cu 2016. Atunci s-a oprit v\u00e2n\u0103toarea la trofeu \u0219i ideal ar fi trebuit mers pe aceste m\u0103suri de preven\u021bie.\u00a0<\/p>\n<p class=\"font-primary\">Anul trecut a mai ap\u0103rut <a href=\"https:\/\/pressone.ro\/exclusiv-statul-roman-incapabil-sa-si-numere-ursii-si-sa-le-construiasca-un-sanctuar-lucrarile-sunt-realizate-in-proportie-de-15\" data-type=\"URL\" data-id=\"https:\/\/pressone.ro\/exclusiv-statul-roman-incapabil-sa-si-numere-ursii-si-sa-le-construiasca-un-sanctuar-lucrarile-sunt-realizate-in-proportie-de-15\" target=\"_blank\" rel=\"noreferrer noopener nofollow\">un studiu<\/a> care arat\u0103 c\u0103 Rom\u00e2nia are \u00een jur de aproape 11.000 de ur\u0219i. Noi din nou am contestat rezultatele, iar metodologia nu ne-a fost pus\u0103 la dispozi\u021bie nici p\u00e2n\u0103 \u00een prezent. De fiecare dat\u0103, noi am spus c\u0103 trebuie s\u0103 vedem \u00eent\u00e2i care este m\u0103rimea popula\u021biei, pe baz\u0103 genetic\u0103, \u0219i de-acolo s\u0103 pornim s\u0103 g\u0103sim solu\u021bii pentru gestionarea conflictelor.\u00a0<\/p>\n<p class=\"font-primary\">Din p\u0103cate, suntem \u00een aceast\u0103 situa\u021bie \u00een care avem un studiu \u0219i exist\u0103 \u00een paralel \u0219i o lege. A fost o ini\u021biativ\u0103 separat\u0103 care vine acum \u0219i pune pe mas\u0103 aceste cote crescute, at\u00e2t de preven\u021bie, c\u00e2t \u0219i de interven\u021bie. Ceea ce ridic\u0103 semnul de \u00eentrebare mai mare este num\u0103rul mare de exemplare pentru cota de preven\u021bie. Deci asta \u00eenseamn\u0103 v\u00e2n\u0103toare din nou. \u0218i noi credem c\u0103 dac\u0103 aceste interven\u021bii letale nu vor avea ca scop extragerea din popula\u021bie a indivizilor problem\u0103 habitua\u021bi, care se \u00eentorc frecvent \u00een zonele \u00een care sunt atra\u0219i, nu se va putea rezolva problema.<\/p>\n<tr>\n<td>Cota de preven\u021bie este un num\u0103r de exemplare aprobat anual prin lege \u0219i care poate fi recoltat, adic\u0103 \u00eempu\u0219cat preventiv de c\u0103tre v\u00e2n\u0103tori, pentru a reduce densitatea popula\u021biei \u0219i a preveni atacuri viitoare.\u00a0<\/td>\n<\/tr>\n<tr>\n<td>Cota de interven\u021bie vizeaz\u0103 situa\u021bii concrete de risc, cum ar fi cele \u00een care ur\u0219ii care intr\u0103 \u00een intravilan sau care manifest\u0103 comportament periculos. \u00cen aceste situa\u021bii, exper\u021bii recomand\u0103 mai \u00eent\u00e2i folosirea de metode non-letale cum ar fi capturarea \u0219i relocarea \u0219i, doar ca ultim\u0103 solu\u021bie, \u00eempu\u0219carea.<\/td>\n<\/tr>\n<p class=\"font-primary\">Concret, cum ar trebui identifica\u021bi ur\u0219ii care fac probleme?<\/p>\n<p><a href=\"https:\/\/pressone.ro\/palantir-de-romania-trecutul-neologionar-al-antreprenorului-care-vinde-ai-suveran-pentru-sri-spp-si-mapn\" rel=\"nofollow noopener\" target=\"_blank\"><img alt=\"George Bara a fost membru \u00een organiza\u021bia neolegionar\u0103 Noua Dreapt\u0103, \u00een care, \u00een urm\u0103 cu circa 20 de ani, a de\u021binut inclusiv func\u021bii de conducere. Foto: LinkedIn\" loading=\"lazy\" width=\"266\" height=\"200\" decoding=\"async\" data-nimg=\"1\" class=\"img-fluid w-100\" style=\"color:transparent\"  src=\"https:\/\/www.europesays.com\/ro\/wp-content\/uploads\/2026\/05\/1778614997_693_image.jpeg\"\/><\/a><a href=\"https:\/\/pressone.ro\/fara-casa-in-cel-mai-bogat-oras-al-romaniei-cum-o-familie-evacuata-de-autoritati-asteapta-de-16-ani-o-locuinta-sociala\" rel=\"nofollow noopener\" target=\"_blank\"><img alt=\"Bloc din Prelungirea Ghencea, Bucure\u0219ti, pentru locuin\u021be sociale, iunie 2022. Foto: Frontul Comun pentru Dreptul la Locuire\" loading=\"lazy\" width=\"266\" height=\"200\" decoding=\"async\" data-nimg=\"1\" class=\"img-fluid w-100\" style=\"color:transparent\"  src=\"https:\/\/www.europesays.com\/ro\/wp-content\/uploads\/2026\/05\/1778615001_271_image.jpeg\"\/><\/a><\/p>\n<p class=\"font-primary\">Prin observa\u021bii, prin monitorizare, se pot identifica exemplarele care vin repetat. La un moment dat, noi vorbeam c\u0103 exist\u0103 \u0219i tot felul de tehnologii cu un fel de pu\u0219ti cu vopsea, ca la paintball \u0219i cu ajutorul c\u0103rora po\u021bi vedea ur\u0219ii care vin \u00een mod repetat.\u00a0<\/p>\n<p class=\"font-primary\">Care sunt principalii factori care contribuie la prezen\u021ba ur\u0219ilor \u00een comunit\u0103\u021bi?<\/p>\n<p class=\"font-primary\">Problema gestion\u0103rii precare a de\u0219eurilor r\u0103m\u00e2ne o cauz\u0103 principal\u0103. Apoi sunt hr\u0103nirea complementar\u0103 la observatoare, faptul c\u0103 s-au extins culturile agricole p\u00e2n\u0103 \u00een apropiere de liziera p\u0103durii, faptul c\u0103 exist\u0103 o intruziune mult mai mare a oamenilor \u00een p\u0103dure pentru culesul de ciuperci sau de fructe de p\u0103dure. To\u021bi ace\u0219ti factori se cumuleaz\u0103 \u0219i atrag efectiv ur\u0219i \u00een apropierea localit\u0103\u021bilor.\u00a0<\/p>\n<p>Revista Pressei<\/p>\n<p>Un newsletter pentru cititori curio\u0219i \u0219i inteligen\u021bi.<\/p>\n<p><a data-sentry-element=\"Link\" data-sentry-source-file=\"SubscriptionBanner.tsx\" href=\"https:\/\/pressone.ro\/newslettere\" rel=\"nofollow noopener\" target=\"_blank\"><\/p>\n<p class=\"btn btn-light text-primary\">Sunt curios<\/p>\n<p><\/a><\/p>\n<p class=\"font-primary\">\u00cen acest context, care sunt principalele metode de preven\u021bie care s\u0103 nu fie letale?<\/p>\n<p class=\"font-primary\">Gardurile electrice func\u021bioneaz\u0103 \u0219i cumva am salutat faptul c\u0103 a fost inclus\u0103 pentru finan\u021bare o astfel de m\u0103sur\u0103 prin Fondul de Mediu, \u00eencuraj\u00e2nd astfel localnicii, proprietarii de st\u00e2ne, de stupine, s\u0103-\u0219i instaleze astfel de garduri. Ele trebuie men\u021binute pentru a fi \u00een stare de func\u021bionare. Men\u021binerea \u00eenseamn\u0103 \u00eenlocuirea firelor deteriorate, re\u00eenc\u0103rcarea periodic\u0103 a bateriilor, men\u021binerea lor \u00een stare de func\u021bionare \u0219i cosirea pe sub garduri, pentru c\u0103 vegeta\u021bia mare poate deteriora sau poate \u00eentrerupe func\u021bionarea lor.<\/p>\n<p><a href=\"https:\/\/img.pressone.ro\/Zg7njS7XxQQAMi9g1QHr6Utw0uw=\/1600x1066\/smart\/https%3A%2F%2Fimages.pressone.ro%2Fwp-content%2Fuploads%2F2019%2F11%2F18174242%2F72923398_2846272122049753_2901473411739942912_o.jpg\" data-pswp-width=\"1600\" data-pswp-height=\"1066\" target=\"_blank\" rel=\"noreferrer nofollow noopener\"><img alt=\"Sanctuarul de ur\u0219i din Z\u0103rne\u0219ti. Foto: pagina de Facebook Libearty Bear Sanctuary (c)\" loading=\"lazy\" width=\"845\" height=\"562.9812499999999\" decoding=\"async\" data-nimg=\"1\" class=\"img-fluid\" style=\"color:transparent\"  src=\"https:\/\/www.europesays.com\/ro\/wp-content\/uploads\/2026\/05\/1778615013_852_image.jpeg\"\/><\/a><\/p>\n<p class=\"text-secondary fs14 mt-1\">Sanctuarul de ur\u0219i din Z\u0103rne\u0219ti. Foto: pagina de Facebook Libearty Bear Sanctuary (c)<\/p>\n<p class=\"font-primary\">\u0218i, bine\u00een\u021beles, mai e \u0219i partea de con\u0219tientizare activ\u0103 a popula\u021biei. Exist\u0103 posibilitatea constituirii unor echipe de interven\u021bie la nivel local care pot s\u0103 ac\u021bioneze fie pentru \u00eendep\u0103rtarea ur\u0219ilor problem\u0103, fie pentru relocarea lor sau \u2013 \u00een cazuri \u00een care ursul ridic\u0103 un risc major pentru s\u0103n\u0103tatea public\u0103 \u2013 atunci se poate interveni \u0219i letal.\u00a0<\/p>\n<p class=\"font-primary\">\u00cen B\u0103ile Tu\u0219nad, unde a\u021bi implementat un proiect-pilot pentru diminuarea conflictelor dintre ur\u0219i \u0219i oameni, s-a ajuns de la peste 200 de apeluri pe an la 112, la sub 20 \u00een 2025. Ce m\u0103suri a\u021bi implementat acolo?<\/p>\n<p class=\"font-primary\">Toate m\u0103surile men\u021bionate le-am pilotat la Tu\u0219nad. Am ales Tu\u0219nad pentru c\u0103 acolo era o inciden\u021b\u0103 ridicat\u0103 a conflictelor. Tu\u0219nadul este pe un coridor ecologic, pe o zon\u0103 folosit\u0103 de ur\u0219i din timpuri \u00eendep\u0103rtate pentru a se deplasa. Am zis s\u0103 test\u0103m toate aceste metode \u0219i iat\u0103 c\u0103 ele func\u021bioneaz\u0103 \u0219i putem s\u0103 spunem c\u0103 acolo este un proiect de succes care poate fi replicat \u0219i \u00een alte comunit\u0103\u021bi.<\/p>\n<p class=\"font-primary\">Ce a fost mai dificil de implementat?<\/p>\n<p class=\"font-primary\">N-a\u0219 spune c\u0103 au fost lucruri dificile, tocmai pentru faptul c\u0103 a existat deschidere la nivel local. Au fost foarte multe \u00eent\u00e2lniri la \u00eenceput \u0219i apoi am stabilit un fel de plan de interven\u021bie complex \u00een care am inclus toate m\u0103surile men\u021bionate.\u00a0<\/p>\n<p class=\"font-primary\">Am mai montat colare, inclusiv colare video, camere video cu senzori care pot s\u0103 capteze imaginea atunci c\u00e2nd ursul se apropie. Este un sistem radar prin care se transmite \u0219i un semnal de avertizare prin SMS \u0219i atunci echipa de interven\u021bie se poate deplasa \u0219i evalua situa\u021bia. Apoi, cu echipa de interven\u021bie am avut \u0219i avem \u00een continuare instruiri periodice \u00een care discut\u0103m despre modalit\u0103\u021bi de interven\u021bie, despre comportamentul ur\u0219ilor, despre tot felul de aspecte care pot s\u0103 apar\u0103 \u00een diferite situa\u021bii.\u00a0<\/p>\n<p class=\"font-primary\">La fel, la nivel de comunitate s-au luat tot felul de m\u0103suri pentru gestionarea mai bun\u0103 a de\u0219eurilor \u0219i chiar \u00eenlocuirea pomilor fructiferi \u00een zonele de risc mai mari cu alte specii care nu reprezint\u0103 o atrac\u021bie pentru ur\u0219i.<\/p>\n<p class=\"font-primary\">Cert este c\u0103 toate aceste m\u0103suri au dat rezultate. Din 2021, de exemplu, num\u0103rul apelurilor la 112 a sc\u0103zut de la 230 la doar 14 \u00een 2025. Num\u0103rul pagubelor a sc\u0103zut la zero, practic, \u00een anii ace\u0219tia \u00een care noi am implementat \u00eempreun\u0103 cu comunitatea aceste m\u0103suri \u0219i lucrurile func\u021bioneaz\u0103.<\/p>\n<p class=\"font-primary\">Ce \u00eenseamn\u0103 buna coexisten\u021b\u0103 om-urs \u00een B\u0103ile Tu\u0219nad \u0219i ce putem \u00eenv\u0103\u021ba din ea?<\/p>\n<p class=\"font-primary\">Buna coexisten\u021b\u0103 \u00eenseamn\u0103 s\u0103 po\u021bi s\u0103 accep\u021bi c\u0103 exist\u0103 \u0219i o anumit\u0103 prezen\u021b\u0103 a ur\u0219ilor periodic, s\u0103 fii preg\u0103tit \u0219i instruit s\u0103 \u0219tii cum s\u0103 ac\u021bionezi \u00een cazurile respective, s\u0103 fii deschis la a implementa diverse solu\u021bii.<\/p>\n<p class=\"font-primary\">Recomandarea WWF e s\u0103 se renun\u021be treptat la hr\u0103nirea complementar\u0103 a ur\u0219ilor. C\u00e2t de realist ar fi ca asta s\u0103 se \u00eent\u00e2mple, av\u00e2nd \u00een vedere c\u0103 de zeci de ani sunt hr\u0103ni\u021bi complementar?<\/p>\n<p class=\"font-primary\">Pe fondurile de v\u00e2n\u0103toare, \u00een sezonul de iarn\u0103, de exemplu, se pune hran\u0103 pentru v\u00e2nat. Hrana asta trebuie clar dat\u0103 mai departe, \u00eens\u0103 cantit\u0103\u021bile care se folosesc \u0219i num\u0103rul locurilor de hr\u0103nire a crescut foarte mult. Noi chiar acum avem un studiu \u00een desf\u0103\u0219urare pe aceast\u0103 problem\u0103, ca s\u0103 vedem cu date \u0219tiin\u021bifice impactul modului \u00een care se administreaz\u0103 aceast\u0103 hran\u0103 pe fondurile cinegetice. Fenomenul pe care noi l-am observat \u2013 \u0219i nu doar noi \u2013 este c\u0103 au ap\u0103rut foarte multe observatoare unde turi\u0219tii merg s\u0103 vad\u0103 ur\u0219i, iar acolo ur\u0219ii sunt hr\u0103ni\u021bi \u0219i nu \u00eentotdeauna cu o hran\u0103 s\u0103n\u0103toas\u0103.<\/p>\n<p class=\"font-primary\">Bine\u00een\u021beles c\u0103 practica aceasta de hr\u0103nire la observatoare este una care nu este deloc \u00een regul\u0103.<\/p>\n<p class=\"font-primary\">Cum func\u021bioneaz\u0103 asta, e la \u00eendem\u00e2n\u0103 pentru oricine s\u0103 fac\u0103 un observator de ur\u0219i?<\/p>\n<p class=\"font-primary\">Gestionarii fondurilor de v\u00e2n\u0103toare pot s\u0103 fac\u0103 lucrul \u0103sta pe zonele pe care le gestioneaz\u0103, pentru c\u0103 ei au un contract cu Ministerul Mediului pentru gestionarea faunei s\u0103lbatice. Faptul c\u0103 acest lucru nu se controleaz\u0103 a dus la situa\u021bia asta. Observatoarele sunt plasate \u00een zone mult mai accesibile, uneori destul de aproape de localit\u0103\u021bi \u0219i atunci este foarte simplu ca ur\u0219ii de acolo s\u0103 coboare \u0219i c\u0103tre localit\u0103\u021bi.<\/p>\n<p class=\"font-primary\">Revenind la situa\u021bia general\u0103 a ur\u0219ilor din Rom\u00e2nia, pare c\u0103 \u00eempu\u0219carea lor e prima variant\u0103 la care se g\u00e2ndesc politicienii ca s\u0103 diminueze conflict om-animal. Au existat oare \u0219i alte ini\u021biative ale statului \u2013 sau exist\u0103, pentru a diminua aceste conflicte?<\/p>\n<p class=\"font-primary\">Statul, din p\u0103cate, a mers pe linia asta: derog\u0103ri, cote de recolt\u0103 \u2013 care sus\u021bin practic aceast\u0103 v\u00e2n\u0103toare la trofeu. \u00cen afar\u0103 de mecanismul financiar care sprijin\u0103 achizi\u021bionarea de garduri electrice, prea pu\u021bin s-a investit din partea statului \u00een m\u0103surile de preven\u021bie.<\/p>\n<p class=\"font-primary\">Una dintre criticile aduse de mul\u021bi ani este c\u0103 statul nu \u0219tie exact c\u00e2\u021bi ur\u0219i sunt. A\u0219a cum a\u021bi men\u021bionat \u0219i dumneavoastr\u0103 mai devreme,\u00a0 statul afirm\u0103 c\u0103-n Rom\u00e2nia popula\u021bia de ur\u0219i ajunge la 11.000. C\u00e2t de aproape de adev\u0103r sunt aceste cifre?<\/p>\n<p class=\"font-primary\">Acestea sunt cifrele publice comunicate, dar r\u0103m\u00e2ne acest semn de \u00eentrebare privind metodologia. Noi chiar ne-am fi dorit ca acest studiu genetic s\u0103 pun\u0103 pe mas\u0103 aceast\u0103 cifr\u0103 \u0219i s\u0103 fie una credibil\u0103 \u0219i sus\u021binut\u0103 prin date \u0219tiin\u021bifice. At\u00e2ta vreme c\u00e2t \u00eenc\u0103 exist\u0103 goluri \u0219i loc de interpretare, nu putem s\u0103 ne baz\u0103m din nou pe aceast\u0103 cifr\u0103.\u00a0<\/p>\n<p><a href=\"https:\/\/img.pressone.ro\/_Ly0qZeUn9Mka0NjjY3wA0-XGFA=\/2048x1365\/smart\/https%3A%2F%2Fimages.pressone.ro%2Fwp-content%2Fuploads%2F2019%2F11%2F18173503%2F73460763_2865045856839046_7102557563077525504_o.jpg\" data-pswp-width=\"2048\" data-pswp-height=\"1365\" target=\"_blank\" rel=\"noreferrer nofollow noopener\"><img alt=\"Foto: Facebook Libearty Bear Sanctuary \" loading=\"lazy\" width=\"845\" height=\"563.19580078125\" decoding=\"async\" data-nimg=\"1\" class=\"img-fluid\" style=\"color:transparent\"  src=\"https:\/\/pressone.ro\/_next\/image?url=https%3A%2F%2Fimg.pressone.ro%2FatNaw6bghZefjzsCq2HlVyyW-bc%3D%2F845x563%2Fsmart%2Fhttps%253A%252F%252Fimages.pressone.ro%252Fwp-content%252Fuploads%252F2019%252F11%252F18173503%252F73460763_2865045856839046_7102557563077525504_o.jpg&amp;w=1920&amp;q=75\"\/><\/a><\/p>\n<p class=\"text-secondary fs14 mt-1\">Foto: Facebook Libearty Bear Sanctuary <\/p>\n<p class=\"font-primary\">Au fost colectate, din c\u00e2te \u0219tim noi, \u00een jur de 20.000 de probe biologice \u0219i num\u0103rul popula\u021biei este \u00een jur de 11.000. Asta \u00eenseamn\u0103 c\u0103 apare un nou individ la a doua prob\u0103 recoltat\u0103, ceea ce \u00een practic\u0103 este destul de improbabil s\u0103 se \u00eent\u00e2mple. Asta ne-a ridicat nou\u0103 \u0219i altor exper\u021bi semne de \u00eentrebare. Poate c\u0103 ar fi trebuit mult mai multe probe colectate.<\/p>\n<p class=\"font-primary\">Metoda clasic\u0103 se bazeaz\u0103 pe num\u0103rarea urmelor \u0219i acolo eroarea este \u0219i mai mare. Metoda genetic\u0103 r\u0103m\u00e2ne cea mai sigur\u0103, \u00eens\u0103 depinde foarte mult de c\u00e2te probe sunt colectate \u0219i cum sunt colectate.<\/p>\n<p class=\"font-primary\">Metoda genetic\u0103 presupune recoltare de probe biologice \u0219i efectuarea unor analize de ADN. Prin asta se pot identifica, separa indivizii respectivi, \u00eens\u0103 sunt anumite proceduri pentru recoltarea probelor \u0219i noi am cerut \u0219i o evaluare independent\u0103 din partea unor exper\u021bi interna\u021bionali a acestui studiu, lucru care din nou nu s-a \u00eent\u00e2mplat.\u00a0<\/p>\n<p class=\"font-primary\">Cine le vrea r\u0103ul ur\u0219ilor?\u00a0<\/p>\n<p class=\"font-primary\">V\u00e2n\u0103toarea la trofeu este o activitate economic\u0103 profitabil\u0103, deci clar c\u0103 exist\u0103 un interes aici. \u0218i \u00een cazul \u00een care se va pune \u00een aplicare aceast\u0103 lege, este de la sine \u00een\u021beles c\u0103 vor fi organizate partide de v\u00e2n\u0103toare. Asta \u00eenseamn\u0103 venituri.<\/p>\n<p class=\"font-primary\">Noi tocmai asta am subliniat de nenum\u0103rate ori, chiar \u0219i \u00een cazul \u00een care interven\u021biile trebuie s\u0103 se fac\u0103 prin scoaterea indivizilor din popula\u021bie cu o interven\u021bie letal\u0103, ele nu trebuie privite ca o v\u00e2n\u0103toare de trofeu, pentru c\u0103 se \u0219tie faptul c\u0103 ace\u0219ti ur\u0219i habitua\u021bi sunt de talie mai mic\u0103, nu au criteriile pentru a avea o valoare ca trofeu \u0219i atunci tot exemplarele mari vor fi \u021bintite. Nu vor fi extra\u0219i indivizii problem\u0103, ci exemplarele care au o valoare de trofeu \u0219i astfel doar se accentueaz\u0103 problemele.<\/p>\n<p class=\"font-primary\">C\u00e2nd se mai \u00eent\u00e2mpl\u0103 un atac al unui urs asupra unei comunit\u0103\u021bi, apar foarte multe voci care reclam\u0103 faptul c\u0103 nu se poate locui \u00een proximitate acestora, suger\u00e2nd c\u0103 singura solu\u021bie este cea a \u00eempu\u0219c\u0103rii sau a scoaterii animalului din localitate. Ce le-a\u021bi spune acestora?<\/p>\n<p class=\"font-primary\">Este firesc c\u0103 exist\u0103 aceast\u0103 team\u0103 \u0219i prezen\u021ba unui animal s\u0103lbatic este un risc. A\u0219a cum am zis, sunt ur\u0219i care nu sunt periculo\u0219i. Se \u00eentorc \u00een habitatul lor, mai revin. \u00cen cazul acesta, ei trebuie alunga\u021bi. Mai exist\u0103 \u0219i op\u021biunea reloc\u0103rii, dar \u00een cazul \u00een care animalul devine agresiv din diverse motive \u2013 \u0219i ursul se teme la fel de mult ca omul, \u00een func\u021bie de context \u2013 atunci, dac\u0103 nu exist\u0103 alt\u0103 solu\u021bie, interven\u021bia letal\u0103 este cea folosit\u0103 pentru a diminua riscul \u0219i a atenua aceast\u0103 team\u0103 \u00een comunitate. Dar nu trebuie pus\u0103 ca prima solu\u021bie.\u00a0<\/p>\n<p class=\"font-primary\">Exist\u0103 o serie de elemente care trebuie evaluate: comportamentul ursului, frecven\u021ba \u00eentoarcerii lui \u00een acela\u0219i loc \u0219i astea trebuie s\u0103 primeze.\u00a0<\/p>\n<p class=\"font-primary\">A\u021bi men\u021bionat relocarea, \u00eens\u0103, \u00een realitate, exist\u0103 foarte pu\u021bine locuri \u00een care s\u0103 poat\u0103 fi du\u0219i ur\u0219ii problematici.\u00a0<\/p>\n<p class=\"font-primary\">Da. Ideal ar fi s\u0103 se fac\u0103 un sanctuar \u0219i Ministerul Mediului avea inclus \u00eentr-un proiect construc\u021bia unuia, \u00eens\u0103 noi nu avem informa\u021bii c\u0103 s-ar lucra la a\u0219a ceva. Exist\u0103 doar sanctuarul de la Z\u0103rne\u0219ti, care are o capacitate limitat\u0103.\u00a0<\/p>\n<p class=\"font-primary\">Legat de puii p\u00e2n\u0103 \u00een doi ani, noi sus\u021binem <a href=\"https:\/\/www.rri.ro\/panoramice\/terra-verde\/centrul-de-reabilitare-a-puilor-de-urs-orfani-id587625.html\" rel=\"nofollow noopener\" target=\"_blank\">orfelinatul de ur\u0219i<\/a>, care este singurul din Europa \u0219i acolo puii sunt reabilita\u021bi \u0219i elibera\u021bi \u00eenapoi \u00een \u00een mediul lor natural, contactul cu omul este limitat. Ursule\u021bii sunt hr\u0103ni\u021bi cu drona tocmai pentru a limita contactul.\u00a0<\/p>\n<p class=\"font-primary\">Cum crede\u021bi c\u0103 v\u0103 ar\u0103ta situa\u021bia ur\u0219ilor \u00een Rom\u00e2nia \u00een urm\u0103torii cinci ani?\u00a0<\/p>\n<p class=\"font-primary\">Din p\u0103cate, este greu de spus ce se va \u00eent\u00e2mpla dac\u0103 aceast\u0103 lege va fi pus\u0103 \u00een aplicare. Dac\u0103 se va pune \u00een aplicare cu aceste cote de preven\u021bie \u0219i de interven\u021bie, \u00een special cotele de preven\u021bie, impactul asupra popula\u021biei va fi unul negativ. Deci nu se \u00eentrevede un viitor pozitiv.<\/p>\n<p class=\"font-primary\">Cum considera\u021bi c\u0103 schimb\u0103rile climatice vor continua s\u0103 afecteze popula\u021bia de ur\u0219i? Sunt tot mai multe zone unde resursele de ap\u0103 se \u00eempu\u021bineaz\u0103.<\/p>\n<p class=\"font-primary\">Exact. Pentru c\u0103 a\u021bi men\u021bionat apa, da, ur\u0219ii se pot deplasa \u0219i \u00een c\u0103utarea resurselor de ap\u0103 pe distan\u021be mai mari. Oricum ei se deplaseaz\u0103 pe distan\u021be destul de mari. \u00cens\u0103 faptul c\u0103 iernile sunt mult mai bl\u00e2nde, ei intr\u0103 \u0219i mai t\u00e2rziu \u00een hibernare, deci r\u0103m\u00e2n activi o perioad\u0103 mai lung\u0103. Acum \u00eencep s\u0103 apar\u0103 cercet\u0103ri legate de modificarea comportamentului nu doar la urs, ci \u00een general la animale, din perspectiva schimb\u0103rilor climatice.\u00a0<\/p>\n<p>Avem nevoie de ajutorul t\u0103u!<\/p>\n<p class=\"card-text\">Jurnalismul independent \u0219i de serviciu public nu se face cu aer, nici cu \u00eencuraj\u0103ri, \u0219i mai ales nici cu bani de la partide, politicieni sau industriile care creeaz\u0103 dependen\u021b\u0103. Se face, \u00een primul r\u00e2nd, cu bani de la cititori, adic\u0103 de cei care sunt informa\u021bi corect, cu mari eforturi, de pu\u021binii jurnali\u0219ti corec\u021bi care au mai r\u0103mas \u00een Rom\u00e2nia.&#13;\n<\/p>\n<p>De aceea, este vital pentru noi <a href=\"https:\/\/pressone.ro\/sustine\" rel=\"nofollow noopener\" target=\"_blank\">s\u0103 fim sus\u021binu\u021bi de cititorii no\u0219tri<\/a>.&#13;\n<\/p>\n<p>Dac\u0103 ne sus\u021bii cu o sum\u0103 mic\u0103 pe lun\u0103 sau prin <a target=\"_blank\" href=\"https:\/\/formular230.ro\/share\/5815ffd1aee\/form\" rel=\"nofollow noopener\">redirec\u021bionarea a 3.5% din impozitul t\u0103u<\/a> pe venit, noi vom putea s\u0103-\u021bi oferim \u00een continuare jurnalism independent, onest, care merge \u00een profunzime.<\/p>\n","protected":false},"excerpt":{"rendered":"Legea care va permite uciderea unui num\u0103r aproape dublu de ur\u0219i fa\u021b\u0103 de anul trecut a fost aprobat\u0103&hellip;\n","protected":false},"author":2,"featured_media":178828,"comment_status":"","ping_status":"","sticky":false,"template":"","format":"standard","meta":{"footnotes":"","_share_on_mastodon":"0"},"categories":[10],"tags":[32,33,31,36,37,27,34,35,25,41,40,38,39,26,28,29,30],"class_list":["post-178827","post","type-post","status-publish","format-standard","has-post-thumbnail","category-romania","tag-breaking-news","tag-breakingnews","tag-cele-mai-populare-subiecte","tag-featured-news","tag-featurednews","tag-headlines","tag-latest-news","tag-latestnews","tag-news","tag-ro","tag-romana","tag-romania","tag-romanian","tag-stiri","tag-titluri","tag-top-stories","tag-topstories"],"share_on_mastodon":{"url":"https:\/\/pubeurope.com\/@ro\/116563319956443936","error":""},"_links":{"self":[{"href":"https:\/\/www.europesays.com\/ro\/wp-json\/wp\/v2\/posts\/178827","targetHints":{"allow":["GET"]}}],"collection":[{"href":"https:\/\/www.europesays.com\/ro\/wp-json\/wp\/v2\/posts"}],"about":[{"href":"https:\/\/www.europesays.com\/ro\/wp-json\/wp\/v2\/types\/post"}],"author":[{"embeddable":true,"href":"https:\/\/www.europesays.com\/ro\/wp-json\/wp\/v2\/users\/2"}],"replies":[{"embeddable":true,"href":"https:\/\/www.europesays.com\/ro\/wp-json\/wp\/v2\/comments?post=178827"}],"version-history":[{"count":0,"href":"https:\/\/www.europesays.com\/ro\/wp-json\/wp\/v2\/posts\/178827\/revisions"}],"wp:featuredmedia":[{"embeddable":true,"href":"https:\/\/www.europesays.com\/ro\/wp-json\/wp\/v2\/media\/178828"}],"wp:attachment":[{"href":"https:\/\/www.europesays.com\/ro\/wp-json\/wp\/v2\/media?parent=178827"}],"wp:term":[{"taxonomy":"category","embeddable":true,"href":"https:\/\/www.europesays.com\/ro\/wp-json\/wp\/v2\/categories?post=178827"},{"taxonomy":"post_tag","embeddable":true,"href":"https:\/\/www.europesays.com\/ro\/wp-json\/wp\/v2\/tags?post=178827"}],"curies":[{"name":"wp","href":"https:\/\/api.w.org\/{rel}","templated":true}]}}