{"id":178980,"date":"2026-05-13T04:42:13","date_gmt":"2026-05-13T04:42:13","guid":{"rendered":"https:\/\/www.europesays.com\/ro\/178980\/"},"modified":"2026-05-13T04:42:13","modified_gmt":"2026-05-13T04:42:13","slug":"am-ramas-socati-cand-am-venit","status":"publish","type":"post","link":"https:\/\/www.europesays.com\/ro\/178980\/","title":{"rendered":"\u201eAm r\u0103mas \u0219oca\u021bi c\u00e2nd am venit\u201d"},"content":{"rendered":"<p class=\"svelte-1crgxm8\">Dup\u0103 patru ani petrecu\u021bi la\u00a0<a href=\"https:\/\/click.ro\/actualitate\/fapt-divers\/concluzia-neasteptata-a-unui-roman-care-lucreaza-2528561.html\" rel=\"nofollow noopener\" target=\"_blank\">munc\u0103 \u00een Olanda<\/a>, doi tineri din jude\u021bul Olt au decis c\u0103 este momentul s\u0103 revin\u0103 acas\u0103 \u0219i s\u0103 \u00ee\u0219i reconstruiasc\u0103 via\u021ba \u00een Rom\u00e2nia. Nicolae, \u00een v\u00e2rst\u0103 de 32 de ani, \u0219i so\u021bia sa, M\u0103d\u0103lina, de 26 de ani, au participat recent la Bursa general\u0103 a locurilor de munc\u0103 organizat\u0103 la Slatina, unde au analizat ofertele angajatorilor \u0219i au \u00eenceput s\u0103 caute noi oportunit\u0103\u021bi profesionale.<\/p>\n<p>          <img decoding=\"async\" src=\"https:\/\/www.europesays.com\/ro\/wp-content\/uploads\/2026\/05\/1778647333_21_index.webp.webp\" alt=\"Nicolae \u0219i M\u0103d\u0103lina s-au \u00eentors \u00een \u021bar\u0103 \u0219i \u00ee\u0219i caut\u0103 de munc\u0103 \/ FOTO: Alina Mitran\" width=\"1400\" height=\"750\" loading=\"eager\" fetchpriority=\"high\" class=\"svelte-h45upf\"\/><\/p>\n<p>Nicolae \u0219i M\u0103d\u0103lina s-au \u00eentors \u00een \u021bar\u0103 \u0219i \u00ee\u0219i caut\u0103 de munc\u0103 \/ FOTO: Alina Mitran<\/p>\n<p class=\"svelte-1crgxm8\">Cei doi spun c\u0103 nu se tem de munc\u0103 \u0219i c\u0103 experien\u021ba acumulat\u0103 \u00een str\u0103in\u0103tate \u00eei ajut\u0103 s\u0103 se adapteze rapid. Sunt \u00eens\u0103 con\u0219tien\u021bi c\u0103 salariile din Rom\u00e2nia sunt mult sub nivelul celor din Vest. \u00cen Olanda c\u00e2\u0219tigau aproximativ 2.200\u20132.300 de euro lunar, \u00eens\u0103 acum sunt dispu\u0219i s\u0103 accepte venituri mai mici pentru a r\u0103m\u00e2ne aproape de familie \u0219i pentru a-\u0219i construi un viitor acas\u0103.<\/p>\n<p>          Povestea celor doi<\/p>\n<p class=\"svelte-1crgxm8\">Au plecat din Rom\u00e2nia \u00een 2022. Pentru Nicolae nu era prima experien\u021b\u0103 peste hotare, acesta lucr\u00e2nd anterior at\u00e2t \u00een Anglia, c\u00e2t \u0219i \u00een Olanda. M\u0103d\u0103lina, \u00een schimb, a ales ini\u021bial s\u0103 r\u0103m\u00e2n\u0103 \u00een \u021bar\u0103 pentru a-\u0219i termina studiile la o \u0219coal\u0103 postliceal\u0103 sanitar\u0103.<\/p>\n<p class=\"svelte-1crgxm8\">\u201eC\u00e2nd am plecat prima dat\u0103, M\u0103d\u0103lina era la \u0219coala postliceal\u0103 sanitar\u0103, a zis c\u0103 vrea s-o termine\u201d, a explicat Nicolae, potrivit<a href=\"https:\/\/adevarul.ro\/stiri-locale\/slatina\/au-lasat-salarii-de-2200euro-in-olanda-pentru-a-se-2528872.html\" rel=\"nofollow noopener\" target=\"_blank\"> adev\u0103rul.<\/a><\/p>\n<p class=\"svelte-1crgxm8\">Dup\u0103 absolvire, t\u00e2n\u0103ra a \u00eencercat s\u0103 se angajeze \u00een<a href=\"https:\/\/click.ro\/actualitate\/national\/masuri-preventive-impotriva-hantavirusului-in-2528744.html\" rel=\"nofollow noopener\" target=\"_blank\"> sistemul medical<\/a>, experien\u021b\u0103 care a dezam\u0103git-o rapid.<\/p>\n<p class=\"svelte-1crgxm8\">\u201eAici, dac\u0103 nu ai bani, nu te po\u021bi angaja \u00een sistemul public. Cred c\u0103 niciunde, nu doar \u00een sistemul sanitar\u201d, spune \u00een treac\u0103t M\u0103d\u0103lina.<\/p>\n<p class=\"svelte-1crgxm8\">Ulterior, aceasta s-a angajat la o companie produc\u0103toare de cabluri din fibr\u0103 optic\u0103, unde a lucrat timp de doi ani, \u00eenainte de a decide s\u0103 plece \u00een Olanda al\u0103turi de so\u021bul s\u0103u.<\/p>\n<p class=\"svelte-1crgxm8\">\u00cen cei patru ani petrecu\u021bi acolo, ambii au lucrat \u00een domeniul tehnic, iar mai t\u00e2rziu \u00eentr-un depozit unde preg\u0103teau comenzi online pentru livrare. Ritmul de munc\u0103 devenise \u00eens\u0103 tot mai ap\u0103s\u0103tor.<\/p>\n<p class=\"svelte-1crgxm8\">\u201eAm stat patru ani \u00een Olanda. La \u00eenceput a fost domeniu tehnic, doi ani de zile. S-a \u00eenchis locul acela pur \u0219i simplu \u0219i agen\u021bia ne-au g\u0103sit altceva, tot tehnic. Ne-au spus \u00eens\u0103 c\u0103 e doar pe o perioad\u0103 de timp. Au fost 5-6 luni, nu mai aveau alt job tehnic s\u0103 ne ofere. Aveam experien\u021b\u0103 \u0219i nu am acceptat ce alte joburi ne-au oferit. <\/p>\n<p class=\"svelte-1crgxm8\">A ap\u0103rut \u00een cele din urm\u0103 o ofert\u0103 la o fabric\u0103-depozit, unde se f\u0103ceau comenzi online \u0219i noi preg\u0103team aceste comenzi pentru livrare. Aveai norm\u0103, iar norma cre\u0219tea mereu. Vedea c\u0103 faci mult, norma tot cre\u0219tea \u0219i tot a\u0219a. La \u00eenceput n-am f\u0103cut-o, dar dup\u0103, tot te presau \u0219i am f\u0103cut-o. F\u0103ceam chiar mai mult dec\u00e2t al\u021bii de acolo cu vechime de un an-doi. \u0218i tot cereau mai mult, mai mult\u201d, au relatat tinerii.<\/p>\n<p>          \u201eErau pre\u021burile mult mai mici acolo ca aici \u00een Rom\u00e2nia\u201d<\/p>\n<p class=\"svelte-1crgxm8\">De\u0219i salariile erau considerabil mai mari dec\u00e2t \u00een Rom\u00e2nia, stresul \u0219i sentimentul de izolare au \u00eenceput s\u0103 c\u00e2nt\u0103reasc\u0103 tot mai mult. \u00cen depozitul \u00een care lucrau, rom\u00e2nii erau \u00een minoritate, iar cei doi spun c\u0103 au sim\u021bit deseori diferen\u021be de tratament.<\/p>\n<p class=\"svelte-1crgxm8\">\u201eTe sim\u021beai minoritar, se f\u0103ceau unele discrimin\u0103ri\u201d, au dezv\u0103luit tinerii.<\/p>\n<p class=\"svelte-1crgxm8\">Cu toate acestea, via\u021ba \u00een Olanda le oferea un nivel de trai confortabil. Cheltuielile lunare ale cuplului nu dep\u0103\u0219eau 1.000 de euro, iar restul banilor \u00eei economiseau.<\/p>\n<p class=\"svelte-1crgxm8\">\u201e\u00cen jur de 2.200 \u2013 2.300 euro \u0219i cheltuiam 1.000 pe lun\u0103, maxim, am\u00e2ndoi. \u0218i cu 1.000 pot s\u0103 spun c\u0103 aveai tot ce doreai, nu te limitai cu nimic. Erau pre\u021burile mult mai mici acolo ca aici \u00een Rom\u00e2nia. Noi am r\u0103mas \u0219oca\u021bi c\u00e2nd am venit. C\u00e2nd tr\u0103geai linie, ie\u0219eai mult mai bine acolo. \u00ce\u021bi cump\u0103rai tot ce aveai nevoie\u201d, au mai povestit cei doi tineri.<\/p>\n<p class=\"svelte-1crgxm8\">Revenirea \u00een \u021bar\u0103 a fost motivat\u0103 mai ales de dorul de familie \u0219i de dorin\u021ba de a se stabiliza.<\/p>\n<p class=\"svelte-1crgxm8\">\u201eMul\u021bi \u00eemi spuneau: nu \u00eentoarce, pentru c\u0103 ai s\u0103 vezi c\u0103 e greu! \u0218i i-am \u00eentrebat: dac\u0103 e greu, voi de ce r\u0103m\u00e2ne\u021bi aici? Am venit \u00eenainte de Pa\u0219te, deocamdat\u0103 nu am avut prea mare contact cu pia\u021ba muncii, sper s\u0103 nu fim dezam\u0103gi\u021bi\u201d, a mai spus Nicolae.<\/p>\n<p>          Cei doi \u00ee\u0219i caut\u0103 locuri de munc\u0103 \u00een Rom\u00e2nia<\/p>\n<p class=\"svelte-1crgxm8\">Absolvent al unei facult\u0103\u021bi de Contabilitate, Nicolae spune c\u0103 nu a profesat niciodat\u0103 \u00een domeniu din cauza salariilor prea mici oferite la \u00eenceput de carier\u0103.<\/p>\n<p class=\"svelte-1crgxm8\">\u201eAici \u00een Rom\u00e2nia am avut ocazia, dar c\u00e2nd m-am angajat prima oar\u0103, la Dedeman, luam mul\u021bi bani. Dup\u0103 vreo cinci luni, am mers s\u0103 m\u0103 angajez la o firm\u0103 de profil, s\u0103 fac contabilitate, \u0219i \u00eemi d\u0103deau jum\u0103tate din c\u00e2t luam la Dedeman. \u0218i am refuzat. M-am g\u00e2ndit atunci c\u0103 \u00een timp cap\u0103t experien\u021b\u0103 \u0219i poate salariul va cre\u0219te, dar eram t\u00e2n\u0103r \u0219i m\u0103 g\u00e2ndeam \u0219i la bani\u201d.<\/p>\n<p class=\"svelte-1crgxm8\">Acum \u00ee\u0219i caut\u0103 un loc de munc\u0103 pentru un salariu de aproximativ 800 de euro la \u00eenceput, cu speran\u021ba c\u0103 venitul va cre\u0219te dup\u0103 c\u00e2teva luni.<\/p>\n<p class=\"svelte-1crgxm8\">Cei doi spun c\u0103, \u00een timp, banii nu au mai fost suficien\u021bi pentru a compensa lipsa sentimentului de apartenen\u021b\u0103.<\/p>\n<p class=\"svelte-1crgxm8\">\u201eAm fugit pentru bani, dar la un moment dat intrau banii pe card dar nu mai sim\u021beai c\u0103 e satisfac\u021bia aceea. La \u00eenceput, c\u00e2nd vedeai 500 \u2013 600 euro \u00een plus era altceva, dar acum, spre sf\u00e2r\u0219it, nici nu m\u0103 mai uitam c\u00e2t s-au str\u00e2ns. Noi ne g\u00e2ndeam s\u0103 venim acas\u0103\u201d, a dezv\u0103luit t\u00e2n\u0103rul.<\/p>\n<p class=\"svelte-1crgxm8\">Totu\u0219i, nu exclud posibilitatea unei noi plec\u0103ri, dac\u0103 nu vor g\u0103si condi\u021biile dorite \u00een Rom\u00e2nia.<\/p>\n<p class=\"svelte-1crgxm8\">\u201eNoi acum am plecat cu g\u00e2ndul s\u0103 r\u0103m\u00e2nem aici, dar nu se \u0219tie niciodat\u0103. Dac\u0103 nu g\u0103sim ceva, nu ne convin banii, putem s\u0103 plec\u0103m oric\u00e2nd. Adic\u0103 vezi o lun\u0103, dou\u0103, trei&#8230; Noi tot am stat pleca\u021bi, am fost focusa\u021bi s\u0103 str\u00e2ngem bani, dar a venit timpul s\u0103 ne a\u0219ez\u0103m, s\u0103 facem poate \u0219i un copil\u201d, e r\u00e2ndul M\u0103d\u0103linei s\u0103 spun\u0103 care le sunt planurile.<\/p>\n<p>          \u201e\u00cen Olanda pe nimeni nu intereseaz\u0103 studiile\u201d<\/p>\n<p class=\"svelte-1crgxm8\">Experien\u021ba din Olanda i-a convins c\u0103 rom\u00e2nii sunt aprecia\u021bi pentru seriozitate \u0219i capacitatea de adaptare, mai ales \u00een domeniile solicitante fizic.<\/p>\n<p class=\"svelte-1crgxm8\">\u201eCel pu\u021bin \u00een Olanda, toat\u0103 munca grea o f\u0103ceau rom\u00e2nii, olandezii nu f\u0103ceau orice munc\u0103. \u00cen schimb noi, rom\u00e2nii, care ne duceam dup\u0103 bani, f\u0103ceam. Te punea s\u0103 faci, nu spuneai c\u0103 nu-\u021bi place, c\u0103 nu \u0219tii. \u00ce\u021bi ar\u0103ta o dat\u0103, de dou\u0103 ori, dup\u0103 care f\u0103ceai. Olandezii veneau mai \u00eent\u00e2i s\u0103 vad\u0103, s\u0103 \u00eencerce, \u00een schimb noi, emigran\u021bii \u2013 rom\u00e2ni, polonezi, portughezi &#8211; mergeam la munc\u0103 direct\u201d, a relatat M\u0103d\u0103lina.<\/p>\n<p>            Mai multe pentru tine<\/p>\n<p class=\"svelte-1crgxm8\">Nicolae completeaz\u0103 c\u0103 \u00een str\u0103in\u0103tate conteaz\u0103 mai mult ceea ce \u0219tii s\u0103 faci dec\u00e2t diplomele pe care le ai.<\/p>\n<p class=\"svelte-1crgxm8\">\u201e\u00cen Olanda pe nimeni nu intereseaz\u0103 studiile. \u00cei intereseaz\u0103 doar ce faci. Acolo nu te \u00eentreba dac\u0103 \u0219tii s\u0103 faci, te punea s\u0103 faci. Zicea \u2013 Tu e\u0219ti rom\u00e2n, tu trebuie s\u0103 \u0219tii s\u0103 faci. -, a\u0219a mi-a spus un angajator. Dac\u0103 le \u0219tii limba e mult mai bine. Dar ne-am descurcat \u00een englez\u0103. Se comunica mult \u00een englez\u0103, \u0219i persoanele \u00een v\u00e2rst\u0103 de 80 de ani vorbeau, te descurcai \u00een englez\u0103 oriunde, \u0219i \u00een supermarket \u0219i la magazine, oriunde\u201d, au mai povestit tinerii.<\/p>\n<p>          De ce s-au \u00eentors \u00een \u021bar\u0103 \u0219i ce planuri de viitor au<\/p>\n<p class=\"svelte-1crgxm8\">Dorul de cas\u0103 \u0219i de familie a fost \u00eens\u0103 decisiv \u00een alegerea de a reveni.<\/p>\n<p class=\"svelte-1crgxm8\">\u201eAici ai familie, ai tot. Acolo erai \u00eentr-o rutin\u0103 din asta \u2013 munc\u0103, acas\u0103. Mai ie\u0219eai \u00een weekend, dar nu te sim\u021beai \u00eemplinit. Nu prea e bine s\u0103-\u021bi faci prieteni pe acolo. Mai fusesem \u00eenainte, \u0219tiam c\u0103 lumea e rea \u0219i trebuie s\u0103 fii puternic. Nu e pentru oricine\u201d, a mai ad\u0103ugat Nicolae.<\/p>\n<p class=\"svelte-1crgxm8\">Cu economiile str\u00e2nse \u00een str\u0103in\u0103tate \u0219i cu banii primi\u021bi la nunt\u0103, cei doi iau \u00een calcul \u0219i deschiderea unei afaceri.<\/p>\n<p class=\"svelte-1crgxm8\">\u201eNe-am g\u00e2ndit \u0219i la afaceri, am v\u0103zut multe lucruri care ni s-au p\u0103rut interesante, nu \u0219tim dac\u0103 ar merge aici, trebuie s\u0103 mai studiem\u201d, a spus t\u00e2n\u0103rul.<\/p>\n<p class=\"svelte-1crgxm8\">P\u00e2n\u0103 atunci, \u00eencearc\u0103 s\u0103 \u00ee\u0219i g\u0103seasc\u0103 un loc de munc\u0103 stabil \u0219i s\u0103 profite de serviciile oferite prin Agen\u021bia Jude\u021bean\u0103 pentru Ocuparea For\u021bei de Munc\u0103.<\/p>\n<p class=\"svelte-1crgxm8\">\u201eNoi mereu c\u00e2nd am fost \u00een Rom\u00e2nia am avut job, nu am fost \u00een situa\u021bia de a ne c\u0103uta de lucru. Consideram c\u0103 eu pot s\u0103-mi g\u0103sesc singur mai bine dec\u00e2t altcineva\u201d, a mai dezv\u0103luit Nicolae.<\/p>\n","protected":false},"excerpt":{"rendered":"Dup\u0103 patru ani petrecu\u021bi la\u00a0munc\u0103 \u00een Olanda, doi tineri din jude\u021bul Olt au decis c\u0103 este momentul s\u0103&hellip;\n","protected":false},"author":2,"featured_media":178981,"comment_status":"","ping_status":"","sticky":false,"template":"","format":"standard","meta":{"footnotes":"","_share_on_mastodon":"0"},"categories":[10],"tags":[32,33,31,36,37,27,34,35,13760,25,284,51216,41,40,38,39,26,28,29,30],"class_list":["post-178980","post","type-post","status-publish","format-standard","has-post-thumbnail","category-romania","tag-breaking-news","tag-breakingnews","tag-cele-mai-populare-subiecte","tag-featured-news","tag-featurednews","tag-headlines","tag-latest-news","tag-latestnews","tag-munca-strainatate","tag-news","tag-olanda","tag-piata-muncii-romania","tag-ro","tag-romana","tag-romania","tag-romanian","tag-stiri","tag-titluri","tag-top-stories","tag-topstories"],"share_on_mastodon":{"url":"https:\/\/pubeurope.com\/@ro\/116565438799156744","error":""},"_links":{"self":[{"href":"https:\/\/www.europesays.com\/ro\/wp-json\/wp\/v2\/posts\/178980","targetHints":{"allow":["GET"]}}],"collection":[{"href":"https:\/\/www.europesays.com\/ro\/wp-json\/wp\/v2\/posts"}],"about":[{"href":"https:\/\/www.europesays.com\/ro\/wp-json\/wp\/v2\/types\/post"}],"author":[{"embeddable":true,"href":"https:\/\/www.europesays.com\/ro\/wp-json\/wp\/v2\/users\/2"}],"replies":[{"embeddable":true,"href":"https:\/\/www.europesays.com\/ro\/wp-json\/wp\/v2\/comments?post=178980"}],"version-history":[{"count":0,"href":"https:\/\/www.europesays.com\/ro\/wp-json\/wp\/v2\/posts\/178980\/revisions"}],"wp:featuredmedia":[{"embeddable":true,"href":"https:\/\/www.europesays.com\/ro\/wp-json\/wp\/v2\/media\/178981"}],"wp:attachment":[{"href":"https:\/\/www.europesays.com\/ro\/wp-json\/wp\/v2\/media?parent=178980"}],"wp:term":[{"taxonomy":"category","embeddable":true,"href":"https:\/\/www.europesays.com\/ro\/wp-json\/wp\/v2\/categories?post=178980"},{"taxonomy":"post_tag","embeddable":true,"href":"https:\/\/www.europesays.com\/ro\/wp-json\/wp\/v2\/tags?post=178980"}],"curies":[{"name":"wp","href":"https:\/\/api.w.org\/{rel}","templated":true}]}}