{"id":181425,"date":"2026-05-16T16:00:11","date_gmt":"2026-05-16T16:00:11","guid":{"rendered":"https:\/\/www.europesays.com\/ro\/181425\/"},"modified":"2026-05-16T16:00:11","modified_gmt":"2026-05-16T16:00:11","slug":"csa-steaua-pusa-pe-hold-privatii-nu-se-grabesc-sa-investeasca-in-club-ministrul-apararii-inca-astept-documentele","status":"publish","type":"post","link":"https:\/\/www.europesays.com\/ro\/181425\/","title":{"rendered":"CSA Steaua, pus\u0103 pe hold! Priva\u021bii nu se gr\u0103besc s\u0103 investeasc\u0103 \u00een club. Ministrul Ap\u0103r\u0103rii: \u201e\u00cenc\u0103 a\u0219tept documentele\u201d"},"content":{"rendered":"<ul class=\"bullets\">&#13;<\/p>\n<li>Radu Miru\u021b\u0103 (41 de ani), ministrul Ap\u0103r\u0103rii Na\u021bionale, a venit cu noi detalii despre demersurile f\u0103cute pentru ca Steaua Bucure\u0219ti s\u0103 poat\u0103 promova \u00een Liga 1.<\/li>\n<p>&#13;\n<\/ul>\n<p class=\"\">La finalul lunii aprilie, Miru\u021b\u0103 a precizat c\u0103 au avut loc primele \u00eent\u00e2lniri cu reprezentan\u021bi ai mediului privat. Atunci, ministrul Ap\u0103r\u0103rii a spus c\u0103 <a target=\"_blank\" href=\"https:\/\/golazo.ro\/radu-miruta-steaua-liga-2-promovare-172370\" rel=\"nofollow noopener\">mai multe companii \u0219i-au exprimat dorin\u021ba de a investi<\/a> la Steaua.<\/p>\n<p>Radu Miru\u021b\u0103, despre promovarea Stelei: \u201e\u00cenc\u0103 a\u0219tept documentele\u201d<\/p>\n<p class=\"\">Acum, Miru\u021b\u0103 a venit cu noi detalii despre negocieri, dup\u0103 ce \u00een urm\u0103 cu o s\u0103pt\u0103m\u00e2n\u0103, chiar pe 7 mai, la aniversarea celor 40 de ani de la c\u00e2\u0219tigarea CCE, <a href=\"https:\/\/golazo.ro\/radu-miruta-mapn-steaua-bucuresti-drept-de-promovare-173197\" target=\"_blank\" rel=\"noreferrer noopener nofollow\">declara c\u0103 drumul Stelei spre Liga 1 nu mai poate fi \u00eentors<\/a>.<\/p>\n<p class=\"\">\u201e\u00cenc\u0103 a\u0219tept documentele! Noi, ca minister, putem face tot ce \u021bine de noi. C\u00e2t de interesate sunt ni\u0219te firme s\u0103 bage bani, asta \u021bine de ele. Au fost, \u00eentr-adev\u0103r, 14 firme care au trimis mail-uri. <\/p>\n<p class=\"\">S-au mai sortat dintre ele, unele au fost verificate \u0219i nu aveau nicio capacitate de a face a\u0219a ceva. Cu restul ne-am \u00eent\u00e2lnit, cu altele urmeaz\u0103 s\u0103 o facem.<\/p>\n<p class=\"\">Ministerul Ap\u0103r\u0103rii e deschis \u00een privin\u021ba venirii priva\u021bilor aici, dar decizia nu e la minister. Decizia e la firm\u0103. Suntem \u00een discu\u021bii s\u0103 facem o firm\u0103 \u00een minister ca s\u0103 fim preg\u0103ti\u021bi \u0219i pe latura asta.<\/p>\n<p class=\"\">Noi suntem un cap\u0103t al podului, cel\u0103lalt cap\u0103t nu mai \u021bine de noi. Firmele care au venit au spus c\u0103 sunt interesate, nu v\u0103 pot spune nume \u0219i detalii, pentru c\u0103 ei a\u0219a au cerut\u201d, a declarat Radu Miru\u021b\u0103, conform <a target=\"_blank\" href=\"https:\/\/as.ro\/fotbal\/liga-2\/miruta-despre-asocierea-stelei-inca-astept-documentele-ce-s-a-intamplat-cu-cei-14-investitori-si-planul-b-drum-infunda-641673.html\" rel=\"nofollow noopener\">as.ro<\/a>.<\/p>\n<p>    <img decoding=\"async\" src=\"https:\/\/www.europesays.com\/ro\/wp-content\/uploads\/2026\/04\/whatsapp-image-2026-04-02-at-14-30-13.jpeg\" alt=\"Radu Miru\u021b\u0103, la conferin\u021ba de pres\u0103 de la sediul MApN. Foto: Iosif Popescu\/GOLAZO.ro\" data-blur=\"https:\/\/www.europesays.com\/ro\/wp-content\/uploads\/2026\/04\/whatsapp-image-2026-04-02-at-14-30-13.jpeg\" width=\"684\" height=\"879\" class=\"blur\" loading=\"lazy\"\/><\/p>\n<p>            <img decoding=\"async\" src=\"https:\/\/www.europesays.com\/ro\/wp-content\/uploads\/2026\/04\/1777461548_594_whatsapp-image-2026-04-02-at-14-30-13.jpeg\" loading=\"lazy\" alt=\"Radu Miru\u021b\u0103, la conferin\u021ba de pres\u0103 de la sediul MApN. Foto: Iosif Popescu\/GOLAZO.ro\" width=\"684\" height=\"879\"\/><\/p>\n<p>        Galerie foto (9 imagini)<\/p>\n<p>                    <a href=\"https:\/\/golazo.ro\/radu-miruta-la-conferinta-de-presa-de-la-sediul-mapn-169693-g1?articleSource=174194\" class=\"gallery-link\" aria-label=\"Show gallery\" rel=\"nofollow noopener\" target=\"_blank\"><\/p>\n<p>                +9 Foto<br \/>\n            <\/a><\/p>\n<p>    <a href=\"https:\/\/golazo.ro\/radu-miruta-la-conferinta-de-presa-de-la-sediul-mapn-169693-g1\/radu-miruta-la-conferinta-de-presa-de-la-sediul-mapn-foto-iosif-popescugolazoro-413628?articleSource=174194\" class=\"link\" rel=\"nofollow noopener\" target=\"_blank\">labels.photo-gallery<\/a><\/p>\n<p class=\"\">Radu Miru\u021b\u0103 a fost \u00eentrebat \u0219i dac\u0103 firmele private au trimis \u00een scris propunerea de a se asocia cu Steaua. Acesta a r\u0103spuns:<\/p>\n<blockquote class=\"quote\"><p>\n    Eu \u00eenc\u0103 a\u0219tept s\u0103 vin\u0103 documentele pe care s\u0103 le putem semna, documente care p\u00e2n\u0103 acum nu vin. Da, a\u0219a au spus (n.r. \u2013 c\u0103 trimit p\u00e2n\u0103 luni, 4 mai). Dar n-au trimis. I-am contactat din nou \u0219i au zis c\u0103 \u00eenc\u0103 analizeaz\u0103. Radu Miru\u021b\u0103, ministrul Ap\u0103r\u0103rii\n<\/p><\/blockquote>\n<p>Radu Miru\u021b\u0103: \u201eEchipa n-ar mai avea buget deloc\u201d<\/p>\n<p class=\"\">Ministrul Ap\u0103r\u0103rii a vorbit \u0219i despre varianta asocierii Stelei prin structurile MApN, pentru a se putea ob\u021bine promovarea, <a target=\"_blank\" href=\"https:\/\/golazo.ro\/eduard-danilof-steaua-liga-2-promovare-radu-miruta-173965\" rel=\"nofollow noopener\">exact cum a precizat \u0219i Eduard Danilof<\/a>, comandantul CSA Steaua.<\/p>\n<p class=\"\">\u201eBucata de asociere f\u0103r\u0103 scop patrimonial se poate face \u00een c\u00e2teva zile, \u021bine doar de minister. Dar dac\u0103 fac asta, suporterii m\u0103 vor aplauda c\u0103 am rezolvat problema, dar peste dou\u0103 luni vom da \u00eentr-o alt\u0103 problem\u0103. <\/p>\n<p class=\"\">Legal, \u00eentr-o asociere f\u0103r\u0103 scop patrimonial, MApN nu va mai avea voie s\u0103 pun\u0103 bani. Echipa n-ar mai avea buget deloc, va trebui s\u0103 pl\u0103teasc\u0103 \u0219i pentru stadion. \u0218i dac\u0103 ministerul nu pune bani, celelalte entit\u0103\u021bi nu vor avea posibilitatea s\u0103 sus\u021bin\u0103 asta.<\/p>\n<p class=\"\">Se vor bucura ni\u0219te oameni c\u00e2teva s\u0103pt\u0103m\u00e2ni, p\u00e2n\u0103 \u00ee\u0219i dau seama c\u0103 au r\u0103mas f\u0103r\u0103 bani. E un drum \u00eenfundat. <\/p>\n<p class=\"\">(n.r. \u2013 Sponsorii pot veni s\u0103 ajute echipa?) E o discu\u021bie dac\u0103 sponsorii pot veni l\u00e2ng\u0103 echip\u0103 \u00een aceast\u0103 form\u0103. Care este instrumentul prin care pot face asta? Sponsorii vor avea nevoie de un contract cu o entitate\u201d, a mai ad\u0103ugat Radu Miru\u021b\u0103.<\/p>\n<p class=\"\">CSA Steaua func\u021bioneaz\u0103 ca institu\u021bie de drept public (\u021bine de Ministerul Ap\u0103r\u0103rii), iar legea \u0219i regulamentele fotbalului rom\u00e2nesc nu permit cluburilor publice s\u0103 joace \u00een Liga 1, unde pot participa doar entit\u0103\u021bi private.<\/p>\n<p class=\"\">Cum ar putea promova echipa? Exist\u0103 dou\u0103 variante:<\/p>\n<ul class=\"\">&#13;<\/p>\n<li>Schimbarea legii.\u00a0Au existat proiecte, dar au primit avize negative<\/li>\n<p>&#13;<br \/>\n&#13;<\/p>\n<li>Transformarea clubului: CSA Steaua s\u0103 devin\u0103 entitate privat\u0103 sau s\u0103 se asocieze<\/li>\n<p>&#13;\n<\/ul>\n<p>Clasamentul \u00een play-off-ul Ligii 2<\/p>\n<tr>LocEchipaMeciuriPuncte<\/tr>\n<tr>\n<td>1<\/td>\n<td>Corvinul<\/td>\n<td>9<\/td>\n<td>68<\/td>\n<\/tr>\n<tr>\n<td>2<\/td>\n<td>Sepsi<\/td>\n<td>9<\/td>\n<td>63<\/td>\n<\/tr>\n<tr>\n<td>3<\/td>\n<td>FC Voluntari<\/td>\n<td>9<\/td>\n<td>61<\/td>\n<\/tr>\n<tr>\n<td>4<\/td>\n<td>Steaua Bucure\u0219ti<\/td>\n<td>9<\/td>\n<td>49<\/td>\n<\/tr>\n<tr>\n<td>5<\/td>\n<td>FC Bihor<\/td>\n<td>9<\/td>\n<td>49<\/td>\n<\/tr>\n<tr>\n<td>6<\/td>\n<td>Chindia T\u00e2rgovi\u0219te<\/td>\n<td>9<\/td>\n<td>42<\/td>\n<\/tr>\n<p>Cite\u0219te \u0219i<\/p>\n<p>VIDEO: cele mai noi imagini din sport<\/p>\n","protected":false},"excerpt":{"rendered":"&#13; Radu Miru\u021b\u0103 (41 de ani), ministrul Ap\u0103r\u0103rii Na\u021bionale, a venit cu noi detalii despre demersurile f\u0103cute pentru&hellip;\n","protected":false},"author":2,"featured_media":181426,"comment_status":"","ping_status":"","sticky":false,"template":"","format":"standard","meta":{"footnotes":"","_share_on_mastodon":"0"},"categories":[20],"tags":[2366,19290,48781,539,41,40,38,39,185,184],"class_list":["post-181425","post","type-post","status-publish","format-standard","has-post-thumbnail","category-sport","tag-csa-steaua","tag-drept-de-promovare","tag-investitori-privati","tag-radu-miruta","tag-ro","tag-romana","tag-romania","tag-romanian","tag-sport","tag-sports"],"share_on_mastodon":{"url":"https:\/\/pubeurope.com\/@ro\/116585091954978813","error":""},"_links":{"self":[{"href":"https:\/\/www.europesays.com\/ro\/wp-json\/wp\/v2\/posts\/181425","targetHints":{"allow":["GET"]}}],"collection":[{"href":"https:\/\/www.europesays.com\/ro\/wp-json\/wp\/v2\/posts"}],"about":[{"href":"https:\/\/www.europesays.com\/ro\/wp-json\/wp\/v2\/types\/post"}],"author":[{"embeddable":true,"href":"https:\/\/www.europesays.com\/ro\/wp-json\/wp\/v2\/users\/2"}],"replies":[{"embeddable":true,"href":"https:\/\/www.europesays.com\/ro\/wp-json\/wp\/v2\/comments?post=181425"}],"version-history":[{"count":0,"href":"https:\/\/www.europesays.com\/ro\/wp-json\/wp\/v2\/posts\/181425\/revisions"}],"wp:featuredmedia":[{"embeddable":true,"href":"https:\/\/www.europesays.com\/ro\/wp-json\/wp\/v2\/media\/181426"}],"wp:attachment":[{"href":"https:\/\/www.europesays.com\/ro\/wp-json\/wp\/v2\/media?parent=181425"}],"wp:term":[{"taxonomy":"category","embeddable":true,"href":"https:\/\/www.europesays.com\/ro\/wp-json\/wp\/v2\/categories?post=181425"},{"taxonomy":"post_tag","embeddable":true,"href":"https:\/\/www.europesays.com\/ro\/wp-json\/wp\/v2\/tags?post=181425"}],"curies":[{"name":"wp","href":"https:\/\/api.w.org\/{rel}","templated":true}]}}