{"id":183085,"date":"2026-05-18T19:24:08","date_gmt":"2026-05-18T19:24:08","guid":{"rendered":"https:\/\/www.europesays.com\/ro\/183085\/"},"modified":"2026-05-18T19:24:08","modified_gmt":"2026-05-18T19:24:08","slug":"secretul-ginei-pistol-prezentatoarea-de-la-masterchef-atunci-cand-n-am-fost-bine-cumva-ma-refugiam-in-mancare","status":"publish","type":"post","link":"https:\/\/www.europesays.com\/ro\/183085\/","title":{"rendered":"Secretul Ginei Pistol, prezentatoarea de la MasterChef. \u201eAtunci c\u00e2nd n-am fost bine, cumva, m\u0103 refugiam \u00een m\u00e2ncare\u201d"},"content":{"rendered":"<p class=\"svelte-1crgxm8\"><a href=\"https:\/\/click.ro\/vedete\/vedete-romanesti\/gina-pistol-imagini-rare-cu-josephine-cum-a-fost-2530207.html\" rel=\"nofollow noopener\" target=\"_blank\">Gina Pistol\u00a0<\/a>(45 de ani), prezentatoarea emisiunii MasterChef de la PROTV, a fost ner\u0103bd\u0103toare s\u0103 \u00ee\u0219i \u00eent\u00e2lneasc\u0103 colegii de filmare.<\/p>\n<p>            <img decoding=\"async\" src=\"https:\/\/www.europesays.com\/ro\/wp-content\/uploads\/2026\/05\/1779132248_136_index.jpeg\" alt=\"  Gina Pistol (45 de ani), prezentatoarea emisiunii MasterChef de la PROTV, a fost ner\u0103bd\u0103toare s\u0103 \u00ee\u0219i \u00eent\u00e2lneasc\u0103 colegii de filmare\" width=\"1136\" height=\"800\" loading=\"lazy\" class=\"svelte-h45upf\"\/><\/p>\n<p>Imaginea 1\/9:<br \/>\n                  Gina Pistol (45 de ani), prezentatoarea emisiunii MasterChef de la PROTV, a fost ner\u0103bd\u0103toare s\u0103 \u00ee\u0219i \u00eent\u00e2lneasc\u0103 colegii de filmare<\/p>\n<p class=\"svelte-1crgxm8\">So\u021bia lui Smiley e de p\u0103rere c\u0103 sezonul 11 de la MasterChef o s\u0103 fie unul foarte dinamic! \u00cen ce stadiu e casa ei de la munte pe care \u0219i-a dorit-o \u0219i la care a visat \u00eenc\u0103 de c\u00e2nd era mic\u0103, cum se completeaz\u0103 cu so\u021bul ei atunci c\u00e2nd lucreaz\u0103 \u00eempreun\u0103 dar \u0219i c\u00e2t de talentat\u0103 este<a href=\"https:\/\/click.ro\/vedete\/vedete-romanesti\/cum-arata-colectia-de-plusuri-a-micutei-josephine-2525972.html\" rel=\"nofollow noopener\" target=\"_blank\"> feti\u021ba lor, Josephine<\/a>, care \u00eei calc\u0103 pe urme lui Smiley, Gina Pistol ne-a povestit \u00eentr-un interviu exclusiv pentru Click!\u00a0<\/p>\n<p class=\"svelte-1crgxm8\">Am \u00eent\u00e2lnit-o ieri, duminic\u0103, pe platourile de filmare de la\u00a0<a href=\"https:\/\/click.ro\/primetime\/schimbare-majora-in-sezonul-11-masterchef-romania-2527110.html\" rel=\"nofollow noopener\" target=\"_blank\">MasterChef<\/a>, atunci c\u00e2nd to\u021bi concuren\u021bii \u0219i jura\u021bii au g\u0103tit \u00een aer liber, \u00eentr-un cort amenajat \u00een parcarea de l\u00e2ng\u0103 Ateneu. A fost cu mult\u0103 adrenalin\u0103, mai ales c\u0103 vremea de afar\u0103 a fost extrem de capricioas\u0103 \u0219i a plouat mult dar burgerii au fost la putere.<\/p>\n<p>          \u201eEu sunt foarte strict\u0103 \u0219i foarte punctual\u0103&#8221;<\/p>\n<p class=\"svelte-1crgxm8\">Gina, cum sunt aceste film\u0103ri pentru sezonul 11 MasterChef?\u00a0<\/p>\n<p class=\"svelte-1crgxm8\">Dup\u0103\u00a0cum bine ai v\u0103zut \u0219i tu,\u00a0pe pielea ta,\u00a0concuren\u021bii\u00a0sunt foarte dinamici. Am \u00eenceput cu un start,\u00a0a\u0219a,\u00a0\u0219tii cum pornesc\u00a0m\u0103\u0219inile puternice la semafor, de\u00a0las\u0103 fum \u00een\u00a0urma lor, \u00een tromb\u0103, a\u0219a am pornit \u0219i noi!\u00a0\u0218i o s\u0103 fie un sezon dinamic!<\/p>\n<p class=\"svelte-1crgxm8\">Ce-\u021bi place\u00a0\u021bie\u00a0cel mai mult la film\u0103ri?\u00a0<\/p>\n<p class=\"svelte-1crgxm8\">\u00cemi place s\u0103 m\u0103 re\u00eent\u00e2lnesc cu echipa, cu colegii mei. \u00cemi place s\u0103 merg\u00a0al\u0103turi\u00a0de ei \u0219i de concuren\u021bi, s\u0103 c\u0103l\u0103torim \u00eempreun\u0103 prin \u021bar\u0103, s\u0103 descoperim locuri minunate.\u00a0Da, mie\u00a0\u00eemi\u00a0place!\u00a0Eu nu simt c\u0103 vin la munc\u0103, \u00een afar\u0103 de faptul\u00a0c\u0103\u00a0sunt\u00a0momente c\u00e2nd as\u00a0vrea\u00a0s\u0103 fie \u0219i fiica mea \u0219i so\u021bul\u00a0meu\u00a0al\u0103turi\u00a0de mine.\u00a0Dar \u00eemi place!<\/p>\n<p class=\"svelte-1crgxm8\">Av\u00e2nd\u00a0\u00een vedere c\u0103 azi e \u0219i duminic\u0103, e weekend, cu cine ai l\u0103sat feti\u021ba?\u00a0<\/p>\n<p class=\"svelte-1crgxm8\">Momentan,\u00a0Josephine\u00a0este cu bona\u00a0noastr\u0103, pentru c\u0103 f\u0103r\u0103 ea n-am\u00a0fi\u00a0f\u0103cut fa\u021b\u0103.\u00a0Fiind duminic\u0103, eu\u00a0trebuie s\u0103 fiu de diminea\u021b\u0103 la platou.<\/p>\n<p class=\"svelte-1crgxm8\">So\u021bul\u00a0meu,\u00a0Andrei,\u00a0a fost asear\u0103, a\u00a0avut\u00a0concert \u00een Sighetul Marma\u021biei\u2026\u00a0Se \u00eentoarce ast\u0103zi, la pr\u00e2nz. Deci da, f\u0103r\u0103 bon\u0103 ne-ar fi fost foarte greu.<\/p>\n<p class=\"svelte-1crgxm8\">Cum e s\u0103 filmezi campanii \u00eempreun\u0103 cu Andrei?\u00a0<\/p>\n<p class=\"svelte-1crgxm8\">\u00cemi place foarte mult. Noi\u00a0facem o echip\u0103 bun\u0103 \u0219i \u00een\u00a0reclame, \u0219i \u00een\u00a0afara familiei.<\/p>\n<p class=\"svelte-1crgxm8\">V\u0103 completa\u021bi?\u00a0<\/p>\n<p class=\"svelte-1crgxm8\">Da, ne complet\u0103m. Eu sunt foarte strict\u0103 \u0219i foarte punctual\u0103 \u0219i am grij\u0103 ca\u00a0totul s\u0103 fie\u00a0la ceas \u0219i\u00a0m\u0103 stresez foarte mult.\u00a0\u0218i so\u021bul meu \u00eemi spune tot timpul:\u00a0\u201eHei,\u00a0stai un pic mai\u2026\u201d. Nu \u00eei place c\u00e2nd sunt eu stresat\u0103. Sunt foarte fixist\u0103!<\/p>\n<p>          Gina Pistol e fat\u0103 de cas\u0103<\/p>\n<p class=\"svelte-1crgxm8\">Dar \u00een acela\u0219i timp, mai faci \u0219i\u00a0treburi casnice\u2026<\/p>\n<p class=\"svelte-1crgxm8\">Am v\u0103zut c\u0103 mai \u0219tergi\u00a0geamurile,\u00a0mai faci \u0219i\u00a0\u00a0m\u00e2ncare\u2026<\/p>\n<p class=\"svelte-1crgxm8\">Da, da, da. Am timp\u00a0\u0219i de cas\u0103.\u00a0De fapt, c\u00e2nd\u00a0nu\u00a0filmez campanii \u0219i emisiunea, m\u0103 ocup de cas\u0103.<\/p>\n<p class=\"svelte-1crgxm8\">Cum merg lucr\u0103rile pentru casa\u00a0voastr\u0103 de la munte?\u00a0<\/p>\n<p class=\"svelte-1crgxm8\">P\u0103i, acum\u00a0le\u00a0\u00eencepem!<\/p>\n<p class=\"svelte-1crgxm8\">\u00a0Urmeaz\u0103 s\u0103 le \u00eencepe\u021bi, nu?\u00a0<\/p>\n<p class=\"svelte-1crgxm8\">\u00a0Da, da, da.\u00a0<\/p>\n<p class=\"svelte-1crgxm8\">\u0218tiu c\u0103 tu ne-ai mai spus nou\u0103 c\u0103 vre\u021bi s\u0103 v\u0103 muta\u021bi p\u00e2n\u0103 de Cr\u0103ciun.\u00a0Adic\u0103 s\u0103 face\u021bi acolo s\u0103rb\u0103torile de iarn\u0103!<\/p>\n<p class=\"svelte-1crgxm8\">Dar \u0219tii cum\u00a0e!\u00a0Ce \u00ee\u021bi stabile\u0219ti tu\u2026nu coincide cu\u2026\u00a0<\/p>\n<p class=\"svelte-1crgxm8\">A\u021bi g\u0103sit greu muncitorii?\u00a0<\/p>\n<p class=\"svelte-1crgxm8\">Este greu,\u00a0trebuie s\u0103 lu\u0103m \u0219i\u00a0ni\u0219te\u00a0decizii,\u00a0aprob\u0103ri.<\/p>\n<p class=\"svelte-1crgxm8\">Sunt multe \u00eent\u00e2lniri \u00eentre noi \u0219i echipa de construc\u021bie,\u00a0\u00eentre noi\u00a0\u0219i arhitec\u021bi \u0219i cel care se ocup\u0103 de instala\u021bii.\u00a0Eu m\u0103 g\u00e2ndeam c\u0103 dac\u0103\u00a0\u00eemi\u00a0aleg canapeaua \u0219i biblioteca \u0219i patul, \u0219i gresia\u00a0\u0219i faian\u021ba \u0219i parchetul, e ok casa. Gata! Dar, nu! Trebuie s\u0103 aleg \u0219i\u00a0\u021bev\u0103raie \u0219i nu m\u0103\u00a0pricep, v\u0103\u00a0da\u021bi seama.\u00a0Dar \u00eemi place foarte mult.<\/p>\n<p class=\"svelte-1crgxm8\">\u0218i cumva m\u0103 bucur c\u0103, de\u0219i o s\u0103 fie foarte greu,\u00a0m\u0103 bucur c\u0103 ne-am apucat de am\u00e2ndou\u0103 \u00een acelea\u0219i timp.\u00a0\u00a0<\/p>\n<p>          \u00a0\u201eS-a \u00eensurat bine!&#8221;<\/p>\n<p class=\"svelte-1crgxm8\">Ce alegi tu pentru cas\u0103, ce alege\u00a0Andrei?\u00a0Cum v-a\u021bi \u00eemp\u0103r\u021bit?\u00a0<\/p>\n<p class=\"svelte-1crgxm8\">Andrei ia decizii asupra p\u0103r\u021bii tehnice \u0219i eu mai mult pe partea vizual\u0103. S\u0103 se simt\u0103 c\u0103 e acas\u0103, s\u0103 ni\u00a0se potriveasc\u0103 \u0219i s\u0103 fie cuibul nostru.<\/p>\n<p class=\"svelte-1crgxm8\">\u00cen rest, nu m\u0103 bag eu la sisteme de \u00eenc\u0103lzire, de r\u0103cire. \u0218tiu s\u0103-mi\u00a0dau cu p\u0103rerea, care este diferen\u021ba,\u00a0\u0219i de pre\u021b\u00a0\u0219i sunt foarte practic\u0103 eu.\u00a0<\/p>\n<p class=\"svelte-1crgxm8\">Deci tu \u021bii cu casa?\u00a0Nu e\u0219ti foarte cheltuitoare!<\/p>\n<p class=\"svelte-1crgxm8\">\u00a0Eu \u021bin cu cas\u0103.\u00a0S-a \u00eensurat bine!<\/p>\n<p class=\"svelte-1crgxm8\">\u0218tiu c\u0103 \u021bie\u00a0\u00ee\u021bi place s\u0103 c\u00e2n\u021bi \u0219i voi a\u021bi c\u00e2ntat \u00eempreun\u0103, tu cu so\u021bul t\u0103u. V-a\u021bi g\u00e2ndit \u00eens\u0103 vreodat\u0103\u00a0s\u0103 filma\u021bi \u0219i\u00a0un videoclip oficial, am\u00e2ndoi,\u00a0s\u0103 face\u021bi\u00a0o pies\u0103 \u00eempreun\u0103?<\/p>\n<p class=\"svelte-1crgxm8\">Nu! Eu \u00eemi v\u0103d de ale mele, so\u021bul meu\u00a0e cu muzica. Ne mai juc\u0103m \u0219i noi, ne mai distr\u0103m.<\/p>\n<p class=\"svelte-1crgxm8\">Micu\u021ba\u00a0voastr\u0103\u00a0\u00eel mo\u0219tene\u0219te\u00a0pe tat\u0103l ei?\u00a0<\/p>\n<p class=\"svelte-1crgxm8\">Da, este un artist n\u0103scut.\u00a0\u00cei place foarte mult s\u0103 danseze, \u00eei place muzica, \u00eei place s\u0103\u00a0deseneze.<\/p>\n<p class=\"svelte-1crgxm8\">Secretul t\u0103u care este Gina?\u00a0Pentru\u00a0c\u0103\u00a0tu e\u0219ti o femeie admirat\u0103 \u0219i\u00a0e\u0219ti foarte pl\u0103cut\u0103.\u00a0Doamnele te urm\u0103resc, \u00eencearc\u0103 s\u0103-\u021bi urmeze, a\u0219a, exemplul.\u00a0 Cum faci tu ca\u00a0s\u0103 te men\u021bii,\u00a0a\u0219a,\u00a0mereu?\u00a0<\/p>\n<p>            Mai multe pentru tine<\/p>\n<p class=\"svelte-1crgxm8\">Cred c\u0103 totul pleac\u0103 de la felul \u00een care m\u0103 simt\u00a0eu.<\/p>\n<p class=\"svelte-1crgxm8\">\u0218i cred c\u0103 cel mai important lucru este s\u0103 fii \u00een echilibru cu sufletul t\u0103u. Pot spune asta \u0219i pe propria-mi\u00a0piele.\u00a0C\u0103 atunci c\u00e2nd n-am fost bine, cumva m\u0103 refugiam \u00een m\u00e2ncare,\u00a0de oboseal\u0103, de stres, de burnout.\u00a0\u0218i,\u00a0da, m\u0103n\u00e2nci, te \u00eengra\u0219i.\u00a0Nu m\u0103n\u00e2nci, sl\u0103be\u0219ti.\u00a0<\/p>\n<p class=\"svelte-1crgxm8\">A\u021bi\u00a0stabilit unde vre\u021bi s\u0103 merge\u021bi \u00een vacan\u021ba de var\u0103 \u00eempreun\u0103?\u00a0<\/p>\n<p class=\"svelte-1crgxm8\">Nu\u00a0prea\u00a0avem vacan\u021b\u0103 de var\u0103 noi, vara asta, nu avem.\u00a0Noi o s\u0103\u00a0film\u0103m pentru emisiune\u00a0p\u00e2n\u0103 la sf\u00e2r\u0219it de august. Andrei\u00a0este\u00a0\u0219i el cu film\u0103rile lui \u0219i cu proiectele lui, cumva\u00a0o\u00a0s\u0103 vedem dac\u0103 ne vom sincroniza\u00a0m\u0103car 5-6 zile.\u00a0<\/p>\n","protected":false},"excerpt":{"rendered":"Gina Pistol\u00a0(45 de ani), prezentatoarea emisiunii MasterChef de la PROTV, a fost ner\u0103bd\u0103toare s\u0103 \u00ee\u0219i \u00eent\u00e2lneasc\u0103 colegii de&hellip;\n","protected":false},"author":2,"featured_media":183086,"comment_status":"","ping_status":"","sticky":false,"template":"","format":"standard","meta":{"footnotes":"","_share_on_mastodon":"0"},"categories":[18],"tags":[171,170,8318,41,40,38,39,2009],"class_list":["post-183085","post","type-post","status-publish","format-standard","has-post-thumbnail","category-divertisment","tag-divertisment","tag-entertainment","tag-gina-pistol","tag-ro","tag-romana","tag-romania","tag-romanian","tag-smiley"],"share_on_mastodon":{"url":"https:\/\/pubeurope.com\/@ro\/116597218906078161","error":""},"_links":{"self":[{"href":"https:\/\/www.europesays.com\/ro\/wp-json\/wp\/v2\/posts\/183085","targetHints":{"allow":["GET"]}}],"collection":[{"href":"https:\/\/www.europesays.com\/ro\/wp-json\/wp\/v2\/posts"}],"about":[{"href":"https:\/\/www.europesays.com\/ro\/wp-json\/wp\/v2\/types\/post"}],"author":[{"embeddable":true,"href":"https:\/\/www.europesays.com\/ro\/wp-json\/wp\/v2\/users\/2"}],"replies":[{"embeddable":true,"href":"https:\/\/www.europesays.com\/ro\/wp-json\/wp\/v2\/comments?post=183085"}],"version-history":[{"count":0,"href":"https:\/\/www.europesays.com\/ro\/wp-json\/wp\/v2\/posts\/183085\/revisions"}],"wp:featuredmedia":[{"embeddable":true,"href":"https:\/\/www.europesays.com\/ro\/wp-json\/wp\/v2\/media\/183086"}],"wp:attachment":[{"href":"https:\/\/www.europesays.com\/ro\/wp-json\/wp\/v2\/media?parent=183085"}],"wp:term":[{"taxonomy":"category","embeddable":true,"href":"https:\/\/www.europesays.com\/ro\/wp-json\/wp\/v2\/categories?post=183085"},{"taxonomy":"post_tag","embeddable":true,"href":"https:\/\/www.europesays.com\/ro\/wp-json\/wp\/v2\/tags?post=183085"}],"curies":[{"name":"wp","href":"https:\/\/api.w.org\/{rel}","templated":true}]}}