{"id":183995,"date":"2026-05-19T22:12:11","date_gmt":"2026-05-19T22:12:11","guid":{"rendered":"https:\/\/www.europesays.com\/ro\/183995\/"},"modified":"2026-05-19T22:12:11","modified_gmt":"2026-05-19T22:12:11","slug":"mugur-isarescu-anunta-ca-pensiile-nu-vor-creste-pensionarii-pierd-intre-130-lei-si-600-lei-la-pensie-newsweek-romania","status":"publish","type":"post","link":"https:\/\/www.europesays.com\/ro\/183995\/","title":{"rendered":"Mugur Is\u0103rescu anun\u021b\u0103 c\u0103 pensiile nu vor cre\u0219te. Pensionarii pierd \u00eentre 130 lei \u0219i 600 lei la pensie \u2022 Newsweek Rom\u00e2nia"},"content":{"rendered":"<p>\n                    Mugur Is\u0103rescu a dat vestea pe care pensionarii nu voiau s\u0103 o aud\u0103. Pensiile NU vor cre\u0219te, nu se vor indexa. Newsweek a calculat ce sume de bani vor pierde pensionarii.\n                <\/p>\n<p>Mugur Is\u0103rescu a dat verdictul &#8211; pensiile nu vor cre\u0219te. El a spus c\u0103 o eventual\u0103 indexare a pensiilor nu este posibil\u0103.<\/p>\n<p>Reamintim c\u0103 ultima promisiune a lui Florin Manole \u00eenainte s\u0103 plece din func\u021bia de ministru al muncii a fost aceea c\u0103 indexarea pensiilor se va da la 1 ianuarie 2027.<\/p>\n<p>Cite\u0219te \u0219i:<a href=\"https:\/\/newsweek.ro\/social\/pensioanri-vor-iesi-la-pensie-la-68-ani-nemtii-la-67-de-ani-de-ce-romania-e-condamnata-sa-faca-la-fel\" target=\"_blank\" rel=\"noopener nofollow\">\u00a0Anglia cre\u0219te v\u00e2rsta de pensionare la 68 ani. Nem\u021bii, la 67 de ani. De ce Rom\u00e2nia e condamnat\u0103 s\u0103 fac\u0103 la fel?<\/a><\/p>\n<p>Mugur Is\u0103rescu anun\u021b\u0103 c\u0103 pensiile nu vor cre\u0219te. Pensionarii pierd \u00eentre 130 lei \u0219i 600 lei la pensie<\/p>\n<p>Pensiile trebuie indexate cu infla\u021bia \u0219i jum\u0103tate din cre\u0219terea salariului brut, la 1 ianuarie 2027. Indexarea ar trebui s\u0103 fie de 12%.<\/p>\n<p data-start=\"686\" data-end=\"817\">Cite\u015fte \u015fi:\u00a0<a href=\"https:\/\/newsweek.ro\/economie\/gabriel-biris-romania-incepe-arunce-bolovanii-carati-ani-sir-ce-schimba-ordonanta-trenulet\" target=\"_blank\" rel=\"noopener nofollow\">Gabriel Biri\u015f: Rom\u00e2nia \u00eencepe s\u0103 arunce &#8222;bolovanii&#8221; c\u0103ra\u0163i ani \u00een \u015fir. Ce schimb\u0103 Ordonan\u0163a Trenule\u0163<\/a><\/p>\n<p>Is\u0103rescu a fost foarte clar &#8211; \u201dNu ne permitem reducerea TVA \u015fi indexarea pensiilor acum. Sub nicio form\u0103.\u201d<\/p>\n<p>Anun\u021bul lui Is\u0103rescu vine la pachet cu o alt\u0103 veste proast\u0103 pentru pensionari. Dac\u0103 azi infla\u021bia este de 10%, atunci \u00een iunie &#8211; iulie ea va urca \u0219i mai mult, la 11%. Puterea de cump\u0103rare a pensionarilor va continua s\u0103 scad\u0103.<\/p>\n<p><img decoding=\"async\" src=\"https:\/\/www.europesays.com\/ro\/wp-content\/uploads\/2026\/05\/aHR0cHM6Ly9uZXdzd2Vlay5yby9zdG9yYWdlL211bHRpbWVkaWEvMjAyNi8wNS9MS3hQcTNSaHkzbmI3UXh5YktJMW01bGxndTdK.webp\" alt=\"Pensionar\u0103 sup\u0103rat\u0103 la pensie - Foto: Freepik\"\/>&#13;<br \/>\nPensionar\u0103 sup\u0103rat\u0103 la pensie &#8211; Foto: Freepik&#13;<\/p>\n<p>Cum ar trebui s\u0103 creasc\u0103 pensiile la indexarea de la 1 ianuarie 2027?<\/p>\n<p>Newsweek a calculat c\u0103 pensionarii vor pierde la pensie \u00eentre 130 de lei \u0219i chiar 600 de lei dac\u0103 nu se d\u0103 indexarea.<\/p>\n<p>Am calculat o infla\u021bie de 10% pentru a vedea ce bani vor pierde pensionarii pentru c\u0103 indexarea NU se va acorda la 1 ianuarie 2027. Un procent de 2% minim este cre\u0219terea salariului mediu brut.<\/p>\n<p>Cite\u0219te \u0219i:\u00a0<a href=\"https:\/\/newsweek.ro\/social\/ilie-bolojan-nu-mai-are-buget-pentru-cei-care-ies-la-pensie\" target=\"_blank\" rel=\"noopener nofollow\">Cre\u0219terea v\u00e2rstei de pensionare, tot mai aproape. Ilie Bolojan nu mai are buget pentru cei care ies la pensie<\/a><\/p>\n<p data-start=\"2542\" data-end=\"2680\" data-is-last-node=\"\" data-is-only-node=\"\">Pensie actual\u0103 &#8211; 2.000 lei. Cre\u0219tere la 1 ianuarie 2027 &#8211; 240 lei. Pensie dup\u0103 indexare &#8211; 2.240 lei<\/p>\n<p data-start=\"2542\" data-end=\"2680\" data-is-last-node=\"\" data-is-only-node=\"\">Pensie actual\u0103 &#8211; 3.000 lei. Cre\u0219tere la 1 ianuarie 2027 &#8211; 360 lei. Pensie dup\u0103 indexare &#8211; 3.360 lei<\/p>\n<p data-start=\"2542\" data-end=\"2680\" data-is-last-node=\"\" data-is-only-node=\"\">Pensie actual\u0103 &#8211; 4.000 lei. Cre\u0219tere la 1 ianuarie 2027 &#8211; 480 lei. Pensie dup\u0103 indexare &#8211; 4.480 lei<\/p>\n<p data-start=\"2542\" data-end=\"2680\" data-is-last-node=\"\" data-is-only-node=\"\">Pensie actual\u0103 &#8211; 5.000 lei. Cre\u0219tere la 1 ianuarie 2027 &#8211; 600 lei. Pensie dup\u0103 indexare &#8211; 5.600 lei<\/p>\n<p data-start=\"2542\" data-end=\"2680\" data-is-last-node=\"\" data-is-only-node=\"\">Mugur Is\u0103rescu a anun\u021bat c\u0103 indexarea pensiilor nu este posibil\u0103, iar cre\u0219terile de pensii de mai sus nu sunt posibile.<\/p>\n<p>Speciali\u0219tii \u00eei dau dreptate lui Is\u0103rescu &#8211; pensiile NU pot cre\u0219te<\/p>\n<p data-start=\"2542\" data-end=\"2680\" data-is-last-node=\"\" data-is-only-node=\"\">Newsweek a publicat un interviu cu avocatul Gabriel Biri\u0219, care a dat acela\u0219i verdict.<\/p>\n<p data-start=\"2542\" data-end=\"2680\" data-is-last-node=\"\" data-is-only-node=\"\">\u201e\u00cen primul r\u00e2nd trebuie s\u0103 \u0219tim c\u00e2t cost\u0103 indexarea pensiilor. \u0218i \u00eentrebarea este: de unde vin banii? Nu s-a spus niciodat\u0103 c\u00e2t cost\u0103 \u0219i de unde vin banii\u201d, a declarat Gabriel Biri\u0219.<\/p>\n<p data-start=\"819\" data-end=\"1050\">\u201eS\u0103 nu uit\u0103m c\u0103 \u0219i pensiile, \u0219i salariile bugetarilor au crescut \u00een 2023\u20132024 cu 40% fa\u021b\u0103 de 2022. Cheltuielile cu salariile sunt undeva la 170 de miliarde de lei, iar cele cu asisten\u021ba social\u0103 sunt \u0219i mai mari\u201d, a explicat acesta.<\/p>\n<p data-start=\"1052\" data-end=\"1160\">Gabriel Biri\u0219 avertizeaz\u0103 c\u0103 eventualele noi major\u0103ri ar produce o presiune uria\u0219\u0103 asupra bugetului de stat.<\/p>\n<p data-start=\"1162\" data-end=\"1439\">\u201eBaza salariului minim este acum 3.700 lei, nu 4.300. Diferen\u021ba \u00eenseamn\u0103 cam 18%. La 170 de miliarde, vorbim de aproximativ 30 de miliarde de lei. Dac\u0103 mai adaugi \u0219i indexarea pensiilor, mai pui \u00eenc\u0103 vreo 40 de miliarde. Ajungem direct \u00eentr-o zon\u0103 imposibil\u0103\u201d, a spus avocatul.<\/p>\n<p data-start=\"1162\" data-end=\"1439\">Pe larg \u00een link de mai jos:<\/p>\n<p data-start=\"1162\" data-end=\"1439\">Cite\u0219te \u0219i<a href=\"https:\/\/newsweek.ro\/social\/video-pensie-nu-vor-putea-fi-indexate-in-2027-cat-pierd-pensionarii\" target=\"_blank\" rel=\"noopener nofollow\">: VIDEO Pensiile nu vor putea fi indexate \u00een 2027 a\u0219a cum s-a promis. C\u00e2t vor pierde pensionarii?<\/a><\/p>\n","protected":false},"excerpt":{"rendered":"Mugur Is\u0103rescu a dat vestea pe care pensionarii nu voiau s\u0103 o aud\u0103. Pensiile NU vor cre\u0219te, nu&hellip;\n","protected":false},"author":2,"featured_media":183996,"comment_status":"","ping_status":"","sticky":false,"template":"","format":"standard","meta":{"footnotes":"","_share_on_mastodon":"0"},"categories":[10],"tags":[36650,1903,32,33,23468,31,23470,23469,36,37,27,17520,34,35,25,904,1378,41,40,38,39,26,28,29,30],"class_list":["post-183995","post","type-post","status-publish","format-standard","has-post-thumbnail","category-romania","tag-adevarul-a","tag-bnr","tag-breaking-news","tag-breakingnews","tag-casa-de-pensii","tag-cele-mai-populare-subiecte","tag-digi24a","tag-eveniment","tag-featured-news","tag-featurednews","tag-headlines","tag-isarescu","tag-latest-news","tag-latestnews","tag-news","tag-pensie","tag-pensii","tag-ro","tag-romana","tag-romania","tag-romanian","tag-stiri","tag-titluri","tag-top-stories","tag-topstories"],"share_on_mastodon":{"url":"https:\/\/pubeurope.com\/@ro\/116603542180905065","error":""},"_links":{"self":[{"href":"https:\/\/www.europesays.com\/ro\/wp-json\/wp\/v2\/posts\/183995","targetHints":{"allow":["GET"]}}],"collection":[{"href":"https:\/\/www.europesays.com\/ro\/wp-json\/wp\/v2\/posts"}],"about":[{"href":"https:\/\/www.europesays.com\/ro\/wp-json\/wp\/v2\/types\/post"}],"author":[{"embeddable":true,"href":"https:\/\/www.europesays.com\/ro\/wp-json\/wp\/v2\/users\/2"}],"replies":[{"embeddable":true,"href":"https:\/\/www.europesays.com\/ro\/wp-json\/wp\/v2\/comments?post=183995"}],"version-history":[{"count":0,"href":"https:\/\/www.europesays.com\/ro\/wp-json\/wp\/v2\/posts\/183995\/revisions"}],"wp:featuredmedia":[{"embeddable":true,"href":"https:\/\/www.europesays.com\/ro\/wp-json\/wp\/v2\/media\/183996"}],"wp:attachment":[{"href":"https:\/\/www.europesays.com\/ro\/wp-json\/wp\/v2\/media?parent=183995"}],"wp:term":[{"taxonomy":"category","embeddable":true,"href":"https:\/\/www.europesays.com\/ro\/wp-json\/wp\/v2\/categories?post=183995"},{"taxonomy":"post_tag","embeddable":true,"href":"https:\/\/www.europesays.com\/ro\/wp-json\/wp\/v2\/tags?post=183995"}],"curies":[{"name":"wp","href":"https:\/\/api.w.org\/{rel}","templated":true}]}}