{"id":184458,"date":"2026-05-20T11:39:16","date_gmt":"2026-05-20T11:39:16","guid":{"rendered":"https:\/\/www.europesays.com\/ro\/184458\/"},"modified":"2026-05-20T11:39:16","modified_gmt":"2026-05-20T11:39:16","slug":"am-aflat-suma-cat-plateste-dinamo-pentru-primul-transfer-al-verii","status":"publish","type":"post","link":"https:\/\/www.europesays.com\/ro\/184458\/","title":{"rendered":"Am aflat suma! C\u00e2t pl\u0103te\u0219te Dinamo pentru primul transfer al verii"},"content":{"rendered":"<p>\n            Articol de <a rel=\"author nofollow noopener\" href=\"https:\/\/www.gsp.ro\/autor\/eduard-apostol-10.html\" target=\"_blank\">Eduard Apostol<\/a>            &#8211; Publicat miercuri, 20 mai 2026,  08:18            \/ Actualizat miercuri, 20 mai 2026 11:49                    <\/p>\n<p><a target=\"_self\" class=\"editor-link\" href=\"https:\/\/www.gsp.ro\/fotbal\/liga-1\/dinamo-transfer-ianis-doana-csm-resita-938867.html\" rel=\"nofollow noopener\">Dinamo a rezolvat transferul lui Ianis Doan\u0103,<\/a> 18 ani, mijloca\u0219 ofensiv ce apar\u021bine de CSM Re\u0219i\u021ba, dar a fost \u00eemprumutat la CSA Steaua \u00een aceast\u0103 stagiune. Conform informa\u021biilor GSP.ro, \u201ec\u00e2inii\u201d pl\u0103tesc aproximativ 25.000 de euro b\u0103n\u0103\u021benilor, drept clauz\u0103 de formare<\/p>\n<p class=\"do-not-hide\">Primul transfer al verii la Dinamo este Ianis Doan\u0103, 18 ani, mijloca\u0219 ofensiv de mare viitor, format de CSM Re\u0219i\u021ba, dar care a evoluat \u00een tricoul Stelei \u00een aceast\u0103 stagiune. T\u00e2n\u0103rul fotbalist a fost recomandat &#8222;c\u00e2inilor&#8221; de mai mul\u021bi speciali\u0219ti din fotbalul intern.<\/p>\n<p>Dinamo pl\u0103te\u0219te doar clauza de formare a lui Ianis Doan\u0103<\/p>\n<p>Ro\u0219-albii fac o afacere bun\u0103 cu transferul acestui mijloca\u0219. Conform informa\u021biilor GSP.ro, Dinamo va achita doar clauza de formare a juc\u0103torului, aproximativ 25.000 de euro. Ianis va face un pas \u00eenainte \u00een carier\u0103, trec\u00e2nd de la e\u0219alonul secund la Superliga.<\/p>\n<p>A\u0219a cum GSP a anun\u021bat deun\u0103zi, Doan\u0103 junior s-a \u00een\u021beles cu &#8222;c\u00e2inii&#8221; pentru un contract valabil pe 5 ani. \u00cen acest sezon el a jucat sub form\u0103 de \u00eemprumut la Steaua, pentru care a bifat 24 de apari\u021bii \u00een toate competi\u021biile.<\/p>\n<p>A marcat 3 goluri \u0219i a oferit 4 pase decisive. \u00cen total, mijloca\u0219ul a jucat 1.633 de minute. Ianis Doan\u0103 are \u0219i dou\u0103 selec\u021bii la reprezentativa U19 a na\u021bionalei Rom\u00e2niei. Este fiul lui Leo Doan\u0103, fost fotbalist la CSM Re\u0219i\u021ba.<\/p>\n<p>Tat\u0103l lui Ianis Doan\u0103, fostul juc\u0103tor al &#8222;Milanului din Banat&#8221;, a anun\u021bat transferul fiului la Dinamo<\/p>\n<p><a target=\"_self\" class=\"editor-link\" href=\"https:\/\/www.gsp.ro\/fotbal\/liga-1\/ianis-doana-primul-transfer-al-verii-dinamo-de-la-rivala-steaua-939382.html\" rel=\"nofollow noopener\">Leo Doan\u0103, fost fotbalist important la CSM Re\u0219i\u021ba, actualul antrenor al &#8222;Milanului din Banat&#8221; \u0219i tat\u0103l lui Ianis,<\/a> a publicat un mesaj emo\u021bionant pe re\u021belele sociale dup\u0103 transferul fiului s\u0103u la Dinamo.<\/p>\n<p>\u201eAi f\u0103cut un pas uria\u0219 spre visul t\u0103u. Semnatura cu o echip\u0103 de Liga 1 nu este doar despre fotbal &#8211; este despre munc\u0103, sacrificii,disciplin\u0103 \u0219i caracter. S\u0103 nu ui\u021bi niciodat\u0103 c\u0103 drumul adev\u0103rat abia acum \u00eencepe!<\/p>\n<p>R\u0103m\u00e2i modest, muncitor \u0219i cu aceeasi foame de performan\u021b\u0103 care te-a adus aici. Bucur\u0103-te de moment, pentru c\u0103 \u00eel meri\u021bi din plin, dar continu\u0103 s\u0103 lup\u021bi pentru fiecare pas \u00eenainte!<\/p>\n<p>Indiferent unde te va duce fotbalul, pentru mine vei fi mereu cea mai mare realizare! Te iubesc si voi fi mereu al\u0103turi de tine&#8221;, a scris Leo Doan\u0103 pe Facebook.<\/p>\n<p class=\"cifra \">200de mii de euro este cota lui Ianis Doan\u0103 conform transfermarkt<\/p>\n","protected":false},"excerpt":{"rendered":"Articol de Eduard Apostol &#8211; Publicat miercuri, 20 mai 2026, 08:18 \/ Actualizat miercuri, 20 mai 2026 11:49&hellip;\n","protected":false},"author":2,"featured_media":184459,"comment_status":"","ping_status":"","sticky":false,"template":"","format":"standard","meta":{"footnotes":"","_share_on_mastodon":"0"},"categories":[5],"tags":[32,33,31,2366,21157,49,36,37,27,52209,34,35,25,41,40,38,39,26,28,29,30],"class_list":["post-184458","post","type-post","status-publish","format-standard","has-post-thumbnail","category-titluri","tag-breaking-news","tag-breakingnews","tag-cele-mai-populare-subiecte","tag-csa-steaua","tag-csm-resita","tag-dinamo","tag-featured-news","tag-featurednews","tag-headlines","tag-ianis-doana","tag-latest-news","tag-latestnews","tag-news","tag-ro","tag-romana","tag-romania","tag-romanian","tag-stiri","tag-titluri","tag-top-stories","tag-topstories"],"share_on_mastodon":{"url":"https:\/\/pubeurope.com\/@ro\/116606714920427966","error":""},"_links":{"self":[{"href":"https:\/\/www.europesays.com\/ro\/wp-json\/wp\/v2\/posts\/184458","targetHints":{"allow":["GET"]}}],"collection":[{"href":"https:\/\/www.europesays.com\/ro\/wp-json\/wp\/v2\/posts"}],"about":[{"href":"https:\/\/www.europesays.com\/ro\/wp-json\/wp\/v2\/types\/post"}],"author":[{"embeddable":true,"href":"https:\/\/www.europesays.com\/ro\/wp-json\/wp\/v2\/users\/2"}],"replies":[{"embeddable":true,"href":"https:\/\/www.europesays.com\/ro\/wp-json\/wp\/v2\/comments?post=184458"}],"version-history":[{"count":0,"href":"https:\/\/www.europesays.com\/ro\/wp-json\/wp\/v2\/posts\/184458\/revisions"}],"wp:featuredmedia":[{"embeddable":true,"href":"https:\/\/www.europesays.com\/ro\/wp-json\/wp\/v2\/media\/184459"}],"wp:attachment":[{"href":"https:\/\/www.europesays.com\/ro\/wp-json\/wp\/v2\/media?parent=184458"}],"wp:term":[{"taxonomy":"category","embeddable":true,"href":"https:\/\/www.europesays.com\/ro\/wp-json\/wp\/v2\/categories?post=184458"},{"taxonomy":"post_tag","embeddable":true,"href":"https:\/\/www.europesays.com\/ro\/wp-json\/wp\/v2\/tags?post=184458"}],"curies":[{"name":"wp","href":"https:\/\/api.w.org\/{rel}","templated":true}]}}