{"id":184505,"date":"2026-05-20T12:26:13","date_gmt":"2026-05-20T12:26:13","guid":{"rendered":"https:\/\/www.europesays.com\/ro\/184505\/"},"modified":"2026-05-20T12:26:13","modified_gmt":"2026-05-20T12:26:13","slug":"fiul-fondatorului-mango-arestat-in-ancheta-privind-moartea-suspecta-a-tatalui-sau-isak-andic-a-fost-gasit-decedat-in-muntii-montserrat","status":"publish","type":"post","link":"https:\/\/www.europesays.com\/ro\/184505\/","title":{"rendered":"Fiul fondatorului Mango, arestat \u00een ancheta privind moartea suspect\u0103 a tat\u0103lui s\u0103u. Isak Andic a fost g\u0103sit decedat \u00een Mun\u021bii Montserrat"},"content":{"rendered":"<p>Fiul unui miliardar din industria modei a fost arestat de autorit\u0103\u021bile spaniole, \u00een cadrul anchetei privind moartea suspect\u0103 a tat\u0103lui s\u0103u, Isak Andic, fondatorul brandului Mango.<\/p>\n<p>\t\t\t<img decoding=\"async\" src=\"https:\/\/www.europesays.com\/ro\/wp-content\/uploads\/2026\/05\/1779279973_840_index.jpeg\" alt=\"Fiul lui Isak Andic, audiat \u00een cazul mor\u021bii tat\u0103lui s\u0103u FOTO: captur\u0103 video NBC News\" width=\"1400\" height=\"532\" loading=\"eager\" fetchpriority=\"high\" class=\"svelte-h45upf\"\/><\/p>\n<p>Isak \u015fi Jonathan Andic. FOTO: captur\u0103 video NBC News<\/p>\n<p>publicitate&#8221;); background-position: center center; background-repeat: no-repeat;&#8221;&gt;<\/p>\n<p>UPDATE:\u00a0Isaac Andik, a fost arestat sub suspiciunea de ucidere a tat\u0103lui s\u0103u, \u00een decembrie 2024<\/p>\n<p>\u0218tirea ini\u021bial<\/p>\n<p>Jonathan Andic, fiul cel mare al omului de afaceri Isak Andic, fondatorul brandului de mod\u0103 Mango, a fost dus la audieri de poli\u021bia catalan\u0103 (Mossos d\u2019Esquadra), \u00een cadrul anchetei privind moartea tat\u0103lui s\u0103u, produs\u0103 la 14 decembrie 2024, \u00een timpul unei drume\u021bii \u00een Mun\u021bii Montserrat, \u00een apropiere de Barcelona.<\/p>\n<p>Potrivit informa\u021biilor comunicate de autorit\u0103\u021bi \u0219i preluate de presa spaniol\u0103, re\u021binerea a avut loc la domiciliul acestuia, fiind o m\u0103sur\u0103 procedural\u0103 prin care acesta a fost ulterior prezentat judec\u0103toarei de instruc\u021bie din Martorell, care coordoneaz\u0103 dosarul. Ancheta se desf\u0103\u0219oar\u0103 sub secret de instruc\u021bie, iar detaliile oficiale sunt limitate, scrie\u00a0<a href=\"https:\/\/elpais.com\/espana\/catalunya\/2026-05-19\/los-mossos-detienen-a-jonathan-andic-por-la-muerte-de-su-padre-isak-andic-dueno-de-mango.html\" rel=\"nofollow noopener\" target=\"_blank\">el pais.<\/a><\/p>\n<p>Isak Andic a murit dup\u0103 ce a c\u0103zut de la o \u00een\u0103l\u021bime de peste 100 de metri, incidentul fiind ini\u021bial tratat ca un accident montan. Ulterior, investiga\u021bia a fost extins\u0103, pe fondul unor neconcordan\u021be ap\u0103rute \u00een\u00a0<a href=\"https:\/\/adevarul.ro\/stiri-externe\/in-lume\/rasturnare-de-situatie-in-cazul-mortii-2480317.html\" rel=\"nofollow noopener\" target=\"_blank\">declara\u021biile oferite de fiul s\u0103u<\/a>, care se afla \u00eempreun\u0103 cu el \u00een momentul producerii tragediei.<\/p>\n<p>publicitate&#8221;); background-position: center center; background-repeat: no-repeat;&#8221;&gt;<\/p>\n<p>Surse judiciare sus\u021bin c\u0103 anchetatorii au analizat inclusiv telefonul mobil al lui Jonathan Andic, ridicat \u00een cursul investiga\u021biei, \u00een \u00eencercarea de a identifica eventuale mesaje sau informa\u021bii relevante pentru stabilirea circumstan\u021belor decesului.<\/p>\n<p>De asemenea, \u00een cadrul anchetei au fost luate \u00een considerare \u0219i aspecte legate de rela\u021bia dintre tat\u0103 \u0219i fiu, descris\u0103 de unele surse ca fiind tensionat\u0103 \u00een anumite perioade, \u00een special \u00een contextul implic\u0103rii lui Jonathan Andic \u00een conducerea companiei Mango. \u00cen 2014, Isak Andic i-a \u00eencredin\u021bat acestuia conducerea afacerii, \u00eens\u0103 ulterior a revenit asupra deciziei, reorganiz\u00e2nd structura de management a grupului.<\/p>\n<p>Familia Andic a transmis c\u0103 Jonathan colaboreaz\u0103 cu autorit\u0103\u021bile judiciare \u0219i c\u0103 depune m\u0103rturie \u00een cadrul anchetei, subliniind c\u0103 nu poate oferi detalii suplimentare din cauza caracterului confiden\u021bial al dosarului. Familia a afirmat, de asemenea, c\u0103 sprijin\u0103 pe deplin investiga\u021bia \u0219i cooperarea cu justi\u021bia.<\/p>\n<p>Autorit\u0103\u021bile spaniole nu au anun\u021bat, p\u00e2n\u0103 \u00een acest moment, concluzii oficiale privind natura exact\u0103 a decesului lui Isak Andic, ancheta fiind \u00een desf\u0103\u0219urare. <\/p>\n<p>Ancheta va stabili dac\u0103 moartea a fost un accident sau dac\u0103 exist\u0103 elemente care s\u0103 indice o posibil\u0103 fapt\u0103 penal\u0103.<\/p>\n<p><a href=\"https:\/\/adevarul.ro\/stiri-externe\/europa\/fondatorul-lantului-de-moda-mango-a-murit-la-2408690.html\" rel=\"nofollow noopener\" target=\"_blank\">Regretatul om de afaceri de origine turc\u0103<\/a>\u00a0a creat brandul de mod\u0103 Mango \u00eempreun\u0103 cu fratele s\u0103u, Nahman, la Barcelona, \u00een 1984. \u00cen prezent, compania a ajuns la o re\u021bea de aproximativ 3.000 de magazine \u00een peste 120 de \u021b\u0103ri, devenind unul dintre juc\u0103torii importan\u021bi ai industriei globale de fashion. Potrivit estim\u0103rilor Forbes, averea lui Isak Andic era evaluat\u0103 la aproximativ 4,5 miliarde de dolari.<\/p>\n<p>publicitate&#8221;); background-position: center center; background-repeat: no-repeat;&#8221;&gt;<\/p>\n<p>Isak Andic \u0219i fratele s\u0103u au \u00eenceput s\u0103 fac\u0103 afaceri \u00eenc\u0103 din adolescen\u021b\u0103, v\u00e2nz\u00e2nd tricouri pe str\u0103zile Barcelonei. Dintr-o activitate modest\u0103, ini\u021biativa lor s-a transformat rapid \u00eentr-un business interna\u021bional, care p\u00e2n\u0103 la v\u00e2rsta de 30 de ani devenise deja un brand cunoscut la nivel mondial.<\/p>\n","protected":false},"excerpt":{"rendered":"Fiul unui miliardar din industria modei a fost arestat de autorit\u0103\u021bile spaniole, \u00een cadrul anchetei privind moartea suspect\u0103&hellip;\n","protected":false},"author":2,"featured_media":184506,"comment_status":"","ping_status":"","sticky":false,"template":"","format":"standard","meta":{"footnotes":"","_share_on_mastodon":"0"},"categories":[12],"tags":[32,33,31,36,37,52599,27,35167,74,10432,52600,34,35,10433,25,41,40,38,39,26,28,29,30,81,71,72,73],"class_list":["post-184505","post","type-post","status-publish","format-standard","has-post-thumbnail","category-international","tag-breaking-news","tag-breakingnews","tag-cele-mai-populare-subiecte","tag-featured-news","tag-featurednews","tag-fiul-unui-miliardar","tag-headlines","tag-industria-modei","tag-international","tag-isak-andic","tag-jonathan-andic","tag-latest-news","tag-latestnews","tag-mango","tag-news","tag-ro","tag-romana","tag-romania","tag-romanian","tag-stiri","tag-titluri","tag-top-stories","tag-topstories","tag-video","tag-world","tag-world-news","tag-worldnews"],"share_on_mastodon":{"url":"https:\/\/pubeurope.com\/@ro\/116606900027982722","error":""},"_links":{"self":[{"href":"https:\/\/www.europesays.com\/ro\/wp-json\/wp\/v2\/posts\/184505","targetHints":{"allow":["GET"]}}],"collection":[{"href":"https:\/\/www.europesays.com\/ro\/wp-json\/wp\/v2\/posts"}],"about":[{"href":"https:\/\/www.europesays.com\/ro\/wp-json\/wp\/v2\/types\/post"}],"author":[{"embeddable":true,"href":"https:\/\/www.europesays.com\/ro\/wp-json\/wp\/v2\/users\/2"}],"replies":[{"embeddable":true,"href":"https:\/\/www.europesays.com\/ro\/wp-json\/wp\/v2\/comments?post=184505"}],"version-history":[{"count":0,"href":"https:\/\/www.europesays.com\/ro\/wp-json\/wp\/v2\/posts\/184505\/revisions"}],"wp:featuredmedia":[{"embeddable":true,"href":"https:\/\/www.europesays.com\/ro\/wp-json\/wp\/v2\/media\/184506"}],"wp:attachment":[{"href":"https:\/\/www.europesays.com\/ro\/wp-json\/wp\/v2\/media?parent=184505"}],"wp:term":[{"taxonomy":"category","embeddable":true,"href":"https:\/\/www.europesays.com\/ro\/wp-json\/wp\/v2\/categories?post=184505"},{"taxonomy":"post_tag","embeddable":true,"href":"https:\/\/www.europesays.com\/ro\/wp-json\/wp\/v2\/tags?post=184505"}],"curies":[{"name":"wp","href":"https:\/\/api.w.org\/{rel}","templated":true}]}}