{"id":184827,"date":"2026-05-20T19:13:09","date_gmt":"2026-05-20T19:13:09","guid":{"rendered":"https:\/\/www.europesays.com\/ro\/184827\/"},"modified":"2026-05-20T19:13:09","modified_gmt":"2026-05-20T19:13:09","slug":"detalii-despre-uciderea-fondatorului-mango-motivul-pentru-care-ar-fi-fost-impins-de-fiul-sau-de-pe-stanca","status":"publish","type":"post","link":"https:\/\/www.europesays.com\/ro\/184827\/","title":{"rendered":"Detalii despre uciderea fondatorului \u201eMango\u201d: motivul pentru care ar fi fost \u00eempins de fiul s\u0103u de pe st\u00e2nc\u0103"},"content":{"rendered":"<p>Moartea lui Isak Andic, fondatorul imperiului de mod\u0103 \u201eMango\u201d, cap\u0103t\u0103 o turnur\u0103 nea\u0219teptat\u0103: fiul s\u0103u, Jonathan Andic, este acum anchetat pentru presupus\u0103 implicare \u00een tragedia petrecut\u0103 \u00een decembrie 2024, \u00een Mun\u021bii Montserrat. Omul de afaceri a murit dup\u0103 o c\u0103dere de la aproximativ 100 de metri \u00een timpul unei drume\u021bii.\u00a0<\/p>\n<p>\t\t\t<img decoding=\"async\" src=\"https:\/\/www.europesays.com\/ro\/wp-content\/uploads\/2026\/05\/1779304389_172_index.jpeg\" alt=\"Jonathan Andic a fost re\u021binut FOTO: X\" width=\"1400\" height=\"750\" loading=\"eager\" fetchpriority=\"high\" class=\"svelte-h45upf\"\/><\/p>\n<p>Jonathan Andic, fiul fondatorului lan\u021bului de mod\u0103 \u201eMango\u201d FOTO: X<\/p>\n<p>publicitate&#8221;); background-position: center center; background-repeat: no-repeat;&#8221;&gt;<\/p>\n<p>\u201ePot confirma re\u021binerea lui Jonathan Andic, sub suspiciunea de omor asupra tat\u0103lui s\u0103u, Isak Andic\u201d, a declarat un purt\u0103tor de cuv\u00e2nt al poli\u021biei regionale catalane, Mossos d\u2019Esquadra.<\/p>\n<p>\t\t\tAnchet\u0103 pentru posibil motiv financiar legat de mo\u0219tenire<\/p>\n<p>Investiga\u021bia ia \u00een calcul un posibil mobil financiar, \u00een contextul\u00a0<a href=\"https:\/\/adevarul.ro\/stiri-externe\/europa\/fiul-fondatorului-mango-audiat-de-politie-in-2530652.html\" rel=\"nofollow noopener\" target=\"_blank\">planurilor lui Isak Andic de a \u00eenfiin\u021ba o funda\u021bie caritabil\u0103<\/a>\u00a0\u0219i de a modifica structura mo\u0219tenirii. Judec\u0103toarea Raquel Nieto Galv\u00e1n a men\u021bionat existen\u021ba unui \u201eposibil motiv financiar asociat cu funda\u021bia\u201d.<\/p>\n<p>Potrivit documentelor judiciare, Jonathan Andic ar fi aflat la mijlocul anului 2024 c\u0103 tat\u0103l s\u0103u inten\u021biona s\u0103 creeze o funda\u021bie \u0219i s\u0103 modifice modul de \u00eemp\u0103r\u021bire a averii, lucru care ar fi generat tensiuni \u00een familie.<\/p>\n<p>\u201eSe sus\u021bine c\u0103 acea veste a provocat o schimbare \u00een comportamentul lui Jonathan\u201d, arat\u0103 ancheta, citat\u0103 de presa spaniol\u0103.<\/p>\n<p>Anchetatorii sus\u021bin c\u0103<a href=\"https:\/\/adevarul.ro\/stiri-externe\/in-lume\/rasturnare-de-situatie-in-cazul-mortii-2480317.html\" rel=\"nofollow noopener\" target=\"_blank\"> Jonathan Andic i-ar fi propus tat\u0103lui o drume\u021bie \u00een Mun\u021bii Montserrat<\/a>\u00a0sub pretextul unei discu\u021bii de \u00eemp\u0103care. Isak Andic obi\u0219nuia s\u0103 mearg\u0103 la plimb\u0103ri montane \u0219i s\u0103 discute cu fiul s\u0103u \u00een acest cadru, iar \u00eent\u00e2lnirea a fost stabilit\u0103 pentru 14 decembrie 2024. La scurt timp dup\u0103 aceast\u0103 ie\u0219ire, Isak Andic a c\u0103zut de la o \u00een\u0103l\u021bime de peste 100 de metri \u0219i a murit, eveniment considerat ini\u021bial accidental, potrivit\u00a0<a href=\"https:\/\/www.blic.rs\/vesti\/svet\/isplivali-novi-detalji-o-ubistvu-osnivaca-manga-razmazeni-sin-gurnuo-oca-sa-litice\/zmmr0j6\" rel=\"nofollow noopener\" target=\"_blank\">blic.<\/a><\/p>\n<p>publicitate&#8221;); background-position: center center; background-repeat: no-repeat;&#8221;&gt;<\/p>\n<p>Mesaje \u0219i tensiuni privind mo\u0219tenirea<\/p>\n<p>Anchetatorii au analizat coresponden\u021ba dintre tat\u0103 \u0219i fiu, inclusiv mesaje prin aplica\u021bii de tip WhatsApp, din care reiese c\u0103 Jonathan Andic ar fi reac\u021bionat puternic dup\u0103 ce a aflat de inten\u021bia tat\u0103lui de a crea o funda\u021bie.<\/p>\n<p>\u00cenainte de aceste discu\u021bii, el ar fi solicitat o \u201emo\u0219tenire pe via\u021b\u0103\u201d, \u00eens\u0103 ulterior \u0219i-ar fi schimbat atitudinea, recunosc\u00e2nd c\u0103 percep\u021bia sa despre bani \u201enu era corect\u0103\u201d, potrivit documentelor citate.<\/p>\n<p>\t\t\tImperiul \u201eMango\u201d \u0219i miza de miliarde<\/p>\n<p>Isak Andic, fondatorul brandului \u201eMango\u201d, era unul dintre cei mai boga\u021bi oameni din Spania, cu o avere estimat\u0103 la aproximativ 4,5 miliarde de euro. Planurile sale privind o funda\u021bie caritabil\u0103 ar fi inclus direc\u021bionarea unei p\u0103r\u021bi din avere c\u0103tre cauze sociale, iar copiii s\u0103i urmau s\u0103 administreze structura \u0219i s\u0103 primeasc\u0103 roluri de conducere.<\/p>\n<p>Familia Andic a negat \u00eens\u0103 c\u0103 ar fi existat planuri de transfer al ac\u021biunilor c\u0103tre funda\u021bie, sus\u021bin\u00e2nd c\u0103 inten\u021bia fondatorului a fost ca afacerea s\u0103 r\u0103m\u00e2n\u0103 \u00een familie.<\/p>\n<p>Jonathan Andic a fost re\u021binut, audiat de instan\u021b\u0103 \u0219i, ulterior, eliberat pe cau\u021biune \u00een valoare de un milion de euro. Acesta neag\u0103 toate acuza\u021biile \u0219i sus\u021bine c\u0103 moartea tat\u0103lui s\u0103u a fost un accident.<\/p>\n<p>Ancheta este \u00een desf\u0103\u0219urare, iar autorit\u0103\u021bile continu\u0103 s\u0103 analizeze probele \u0219i coresponden\u021ba pentru a stabili circumstan\u021bele exacte ale mor\u021bii.<\/p>\n","protected":false},"excerpt":{"rendered":"Moartea lui Isak Andic, fondatorul imperiului de mod\u0103 \u201eMango\u201d, cap\u0103t\u0103 o turnur\u0103 nea\u0219teptat\u0103: fiul s\u0103u, Jonathan Andic, este&hellip;\n","protected":false},"author":2,"featured_media":184828,"comment_status":"","ping_status":"","sticky":false,"template":"","format":"standard","meta":{"footnotes":"","_share_on_mastodon":"0"},"categories":[12],"tags":[32,33,31,36,37,52692,27,74,10432,34,35,52691,25,41,40,38,39,26,28,29,30,52690,71,72,73],"class_list":["post-184827","post","type-post","status-publish","format-standard","has-post-thumbnail","category-international","tag-breaking-news","tag-breakingnews","tag-cele-mai-populare-subiecte","tag-featured-news","tag-featurednews","tag-fiul-anchetat","tag-headlines","tag-international","tag-isak-andic","tag-latest-news","tag-latestnews","tag-moartea-miliardarului","tag-news","tag-ro","tag-romana","tag-romania","tag-romanian","tag-stiri","tag-titluri","tag-top-stories","tag-topstories","tag-uciderea-fondatorului-mango","tag-world","tag-world-news","tag-worldnews"],"share_on_mastodon":{"url":"https:\/\/pubeurope.com\/@ro\/116608500399448710","error":""},"_links":{"self":[{"href":"https:\/\/www.europesays.com\/ro\/wp-json\/wp\/v2\/posts\/184827","targetHints":{"allow":["GET"]}}],"collection":[{"href":"https:\/\/www.europesays.com\/ro\/wp-json\/wp\/v2\/posts"}],"about":[{"href":"https:\/\/www.europesays.com\/ro\/wp-json\/wp\/v2\/types\/post"}],"author":[{"embeddable":true,"href":"https:\/\/www.europesays.com\/ro\/wp-json\/wp\/v2\/users\/2"}],"replies":[{"embeddable":true,"href":"https:\/\/www.europesays.com\/ro\/wp-json\/wp\/v2\/comments?post=184827"}],"version-history":[{"count":0,"href":"https:\/\/www.europesays.com\/ro\/wp-json\/wp\/v2\/posts\/184827\/revisions"}],"wp:featuredmedia":[{"embeddable":true,"href":"https:\/\/www.europesays.com\/ro\/wp-json\/wp\/v2\/media\/184828"}],"wp:attachment":[{"href":"https:\/\/www.europesays.com\/ro\/wp-json\/wp\/v2\/media?parent=184827"}],"wp:term":[{"taxonomy":"category","embeddable":true,"href":"https:\/\/www.europesays.com\/ro\/wp-json\/wp\/v2\/categories?post=184827"},{"taxonomy":"post_tag","embeddable":true,"href":"https:\/\/www.europesays.com\/ro\/wp-json\/wp\/v2\/tags?post=184827"}],"curies":[{"name":"wp","href":"https:\/\/api.w.org\/{rel}","templated":true}]}}